{"id":92360,"date":"2019-06-06T05:02:11","date_gmt":"2019-06-06T09:02:11","guid":{"rendered":"http:\/\/www.eltrabajo.cl\/portal\/?p=92360"},"modified":"2019-06-05T20:51:07","modified_gmt":"2019-06-06T00:51:07","slug":"municipalidad-reconoce-problemas-en-rendicion-de-30-millones-de-pesos-en-cursos-mas-capaz","status":"publish","type":"post","link":"https:\/\/eltrabajo.cl\/portal\/municipalidad-reconoce-problemas-en-rendicion-de-30-millones-de-pesos-en-cursos-mas-capaz\/","title":{"rendered":"Municipalidad reconoce problemas en rendici\u00f3n de 30 millones de pesos en cursos &#8216;M\u00e1s Capaz&#8217;"},"content":{"rendered":"<p>El administrador de la municipalidad de San Felipe, Patricio Gonz\u00e1lez, reconoci\u00f3 que hay irregularidades en la rendici\u00f3n de cuentas por 30 millones de pesos de un curso que no se hizo del programa \u2018M\u00e1s Capaz\u2019 de Fomento Productivo.<br \/>\nSe trata de cursos del programa M\u00e1s Capaz dictados entre los a\u00f1os 2016 al 2018, \u00abque eran cursos de capacitaci\u00f3n donde se dictaron distintos cursos, lleg\u00f3 un momento en que hab\u00eda que rendir esos tres cursos, m\u00e1s o menos significaban un traspaso al municipio desde el Sence de m\u00e1s de 80 millones de pesos, y en la rendici\u00f3n efectivamente hay diferencias en torno a que el encargado en ese minuto, que era encargado de Fomento Productivo, utiliz\u00f3 recursos de un curso que no se dict\u00f3, esa es la discusi\u00f3n de fondo\u00bb, dijo Gonz\u00e1lez.<br \/>\nPor eso indic\u00f3 que hay una investigaci\u00f3n sumaria respecto a la responsabilidad administrativa producto que las rendiciones efectivamente fueron rechazadas y en principio habr\u00eda que reintegrar casi los treinta millones de pesos por parte del municipio al Sence, situaci\u00f3n que hoy est\u00e1 en desarrollo.<br \/>\n\u00abHay una cantidad de recursos que el Sence no va a reconocer como gastos, que eran fondos de un curso que no se dict\u00f3, entonces ah\u00ed hay una situaci\u00f3n medio irregular. Yo entiendo que hay correos de parte de los ex encargados del Sence, porque recordemos que esto sucedi\u00f3 cuando no estaban hoy d\u00eda las autoridades regionales encargadas del programa, y hay un correo donde se\u00f1alaba que los recursos pod\u00edan ser utilizados indistintamente si eran o no de un curso que se estaba dictando, y ah\u00ed hay una diferencia de opiniones, yo creo que la tendr\u00e1 que resolver en alg\u00fan minuto Contralor\u00eda y por lo tanto tenemos plazo de un mes m\u00e1s para poder generar esas rendiciones y tratar de superar esa dificultad, pero hay ah\u00ed una situaci\u00f3n irregular. El encargado de fomento productivo present\u00f3 su renuncia que le era dif\u00edcil mantener la postura de que esos recursos se pod\u00edan haber gastado o no, en definitiva los responsables al final&#8230; vamos a tener que responder yo como administrador municipal y Finanzas que tiene que revisar en qu\u00e9 quedaron esas rendiciones que eran visadas por ellos. Es una noticia en desarrollo, hay una investigaci\u00f3n sumaria\u00bb, se\u00f1al\u00f3 el administrador.<br \/>\nDe todas maneras desde el Sence regional les dijeron que era posible liberar recursos mientras se resuelven los detalles de la rendici\u00f3n.<\/p>\n<figure id=\"attachment_92361\" aria-describedby=\"caption-attachment-92361\" style=\"width: 580px\" class=\"wp-caption alignnone\"><img data-recalc-dims=\"1\" loading=\"lazy\" decoding=\"async\" class=\"size-full wp-image-92361\" src=\"https:\/\/i0.wp.com\/www.eltrabajo.cl\/portal\/wp-content\/uploads\/2019\/06\/patricio-gonzalez.jpg?resize=580%2C376\" alt=\"Patricio Gonz\u00e1lez, administrador municipal.\" width=\"580\" height=\"376\" srcset=\"https:\/\/i0.wp.com\/eltrabajo.cl\/portal\/wp-content\/uploads\/2019\/06\/patricio-gonzalez.jpg?w=580&amp;ssl=1 580w, https:\/\/i0.wp.com\/eltrabajo.cl\/portal\/wp-content\/uploads\/2019\/06\/patricio-gonzalez.jpg?resize=200%2C130&amp;ssl=1 200w, https:\/\/i0.wp.com\/eltrabajo.cl\/portal\/wp-content\/uploads\/2019\/06\/patricio-gonzalez.jpg?resize=300%2C194&amp;ssl=1 300w, https:\/\/i0.wp.com\/eltrabajo.cl\/portal\/wp-content\/uploads\/2019\/06\/patricio-gonzalez.jpg?resize=231%2C150&amp;ssl=1 231w, https:\/\/i0.wp.com\/eltrabajo.cl\/portal\/wp-content\/uploads\/2019\/06\/patricio-gonzalez.jpg?resize=400%2C259&amp;ssl=1 400w\" sizes=\"auto, (max-width: 580px) 100vw, 580px\" \/><figcaption id=\"caption-attachment-92361\" class=\"wp-caption-text\">Patricio Gonz\u00e1lez, administrador municipal.<\/figcaption><\/figure>\n","protected":false},"excerpt":{"rendered":"<p>El administrador de la municipalidad de San Felipe, Patricio Gonz\u00e1lez, reconoci\u00f3 que hay irregularidades en la rendici\u00f3n de cuentas por 30 millones de pesos de un curso que no se hizo del&#8230;<\/p>\n","protected":false},"author":482,"featured_media":92361,"comment_status":"open","ping_status":"open","sticky":false,"template":"","format":"standard","meta":{"advanced_seo_description":"","jetpack_seo_html_title":"","jetpack_seo_noindex":false,"_jetpack_memberships_contains_paid_content":false,"footnotes":""},"categories":[1],"tags":[],"class_list":["post-92360","post","type-post","status-publish","format-standard","has-post-thumbnail","hentry","category-cronica"],"jetpack_featured_media_url":"https:\/\/i0.wp.com\/eltrabajo.cl\/portal\/wp-content\/uploads\/2019\/06\/patricio-gonzalez.jpg?fit=580%2C376&ssl=1","jetpack_sharing_enabled":true,"jetpack_likes_enabled":true,"jetpack-related-posts":[],"_links":{"self":[{"href":"https:\/\/eltrabajo.cl\/portal\/wp-json\/wp\/v2\/posts\/92360","targetHints":{"allow":["GET"]}}],"collection":[{"href":"https:\/\/eltrabajo.cl\/portal\/wp-json\/wp\/v2\/posts"}],"about":[{"href":"https:\/\/eltrabajo.cl\/portal\/wp-json\/wp\/v2\/types\/post"}],"author":[{"embeddable":true,"href":"https:\/\/eltrabajo.cl\/portal\/wp-json\/wp\/v2\/users\/482"}],"replies":[{"embeddable":true,"href":"https:\/\/eltrabajo.cl\/portal\/wp-json\/wp\/v2\/comments?post=92360"}],"version-history":[{"count":0,"href":"https:\/\/eltrabajo.cl\/portal\/wp-json\/wp\/v2\/posts\/92360\/revisions"}],"wp:featuredmedia":[{"embeddable":true,"href":"https:\/\/eltrabajo.cl\/portal\/wp-json\/wp\/v2\/media\/92361"}],"wp:attachment":[{"href":"https:\/\/eltrabajo.cl\/portal\/wp-json\/wp\/v2\/media?parent=92360"}],"wp:term":[{"taxonomy":"category","embeddable":true,"href":"https:\/\/eltrabajo.cl\/portal\/wp-json\/wp\/v2\/categories?post=92360"},{"taxonomy":"post_tag","embeddable":true,"href":"https:\/\/eltrabajo.cl\/portal\/wp-json\/wp\/v2\/tags?post=92360"}],"curies":[{"name":"wp","href":"https:\/\/api.w.org\/{rel}","templated":true}]}}