{"id":92367,"date":"2019-06-06T05:06:29","date_gmt":"2019-06-06T09:06:29","guid":{"rendered":"http:\/\/www.eltrabajo.cl\/portal\/?p=92367"},"modified":"2019-06-05T20:58:39","modified_gmt":"2019-06-06T00:58:39","slug":"el-proximo-19-de-julio-se-realizara-el-historico-cambio-de-sentido-en-calles-de-san-felipe","status":"publish","type":"post","link":"https:\/\/eltrabajo.cl\/portal\/el-proximo-19-de-julio-se-realizara-el-historico-cambio-de-sentido-en-calles-de-san-felipe\/","title":{"rendered":"El pr\u00f3ximo 19 de julio se realizar\u00e1 el hist\u00f3rico cambio de sentido en calles de San Felipe"},"content":{"rendered":"<ul>\n<li><strong>Esta planificaci\u00f3n -que forma parte del Plan de Gesti\u00f3n de Tr\u00e1nsito y Ciclov\u00edas- tiene por objeto el reordenamiento vial y acortar los tiempos de desplazamiento por la comuna.<\/strong><\/li>\n<\/ul>\n<p>El cambio de sentido de tr\u00e1nsito ya cuenta con fecha definitiva para su implementaci\u00f3n. As\u00ed lo informaron durante este mi\u00e9rcoles el secretario de planificaci\u00f3n comunal (Secplac), Claudio Paredes, la delegada biprovincial de Serviu, Patricia Boffa y el director de Tr\u00e1nsito municipal, Guillermo Orellana, quienes aseguraron que se realizar\u00e1 el pr\u00f3ximo viernes 19 de julio.<br \/>\nEl inicio de las vacaciones de invierno fue uno de los motivos que preponder\u00f3 a la hora de ajustar esta medida, ya que permitir\u00e1 que la comunidad cuente con mayor tiempo para habituarse a la reversibilidad de las calles.<br \/>\n\u00abNosotros generamos una reuni\u00f3n de coordinaci\u00f3n con Serviu y acordamos que, de acuerdo a la programaci\u00f3n de la obra, iniciar el Plan de Gesti\u00f3n de Tr\u00e1nsito y la reversibilidad de las calles el pr\u00f3ximo viernes 19 de julio. Es decir, en el marco de las vacaciones de invierno, lo que permitir\u00e1 contar con mayor tiempo para que la comunidad se adapte y, adem\u00e1s, dar\u00e1 tiempo para la colocaci\u00f3n de la se\u00f1al\u00e9tica que se necesita\u00bb, afirm\u00f3 Claudio Paredes.<br \/>\nAsimismo, asegur\u00f3 que las observaciones que el municipio realiz\u00f3 al Serviu, han sido acogidas; \u00abcomo sacar algunos bolardos para permitir, en algunos sectores del paseo semipeatonal, mejoramiento de baldosas, mejorar los sem\u00e1foros para que tengan una tercera se\u00f1al de viraje y tener burladeros, que es un espacio destinado a alguna emergencia o a alguna que afecte el libre tr\u00e1nsito\u00bb, destac\u00f3.<\/p>\n<p><span style=\"color: #ff0000;\"><strong>ACORTAR TIEMPOS DE DESPLAZAMIENTO<\/strong><\/span><br \/>\nEsta planificaci\u00f3n -que forma parte del Plan de Gesti\u00f3n de Tr\u00e1nsito y Ciclov\u00edas- tiene por objeto el reordenamiento vial y acortar los tiempos de desplazamiento por la comuna. As\u00ed lo inform\u00f3 Guillermo Orellana, quien asegur\u00f3 que \u00abhay un modelo que te entrega las condiciones propias del cambio de sentido de tr\u00e1nsito. Es decir, que la necesidad de un costo de viaje menor, genere beneficios para la comunidad\u00bb, afirm\u00f3 y agreg\u00f3 que \u00abtodas las calles que tengan incidencia se cambiar\u00e1n el 19 de julio\u00bb, finaliz\u00f3.<br \/>\nPor \u00faltimo, la delegada del Serviu, Patricia Boffa, afirm\u00f3 que \u00abcomo servicio nos cabe la responsabilidad de apoyar con gigantograf\u00edas, con volanteo, difusi\u00f3n, plan de medios de comunicaci\u00f3n, ya que el Servicios de Vivienda y Urbanismo es la entidad que ejecut\u00f3 las obras de este plan de gesti\u00f3n de tr\u00e1nsito\u00bb, sostuvo.<\/p>\n<p><span style=\"color: #ff0000;\"><strong>CAMBIO SENTIDO DE TR\u00c1NSITO<\/strong><\/span><br \/>\nLas calles que cambiar\u00e1n de sentido de tr\u00e1nsito ser\u00e1n: Toromazote, Portus, San Mart\u00edn, Traslavi\u00f1a, Freire, Santo Domingo, Condell, Tocornal, Bernardo Cruz, Mar\u00eda Eufrasia, Cajales, Manuel de Lima, Artem\u00f3n Cifuentes y Luis Gajardo Guerrero.<\/p>\n<figure id=\"attachment_92369\" aria-describedby=\"caption-attachment-92369\" style=\"width: 580px\" class=\"wp-caption alignnone\"><img data-recalc-dims=\"1\" loading=\"lazy\" decoding=\"async\" class=\"size-full wp-image-92369\" src=\"https:\/\/i0.wp.com\/www.eltrabajo.cl\/portal\/wp-content\/uploads\/2019\/06\/cambio-sentido-transito.jpg?resize=580%2C379\" alt=\"Solo las calles que rodean la Plaza de Armas y las cuatro avenidas se mantendr\u00e1n tal como hoy. Todas las restantes del damero central cambiar\u00e1n su sentido de tr\u00e1nsito.\" width=\"580\" height=\"379\" srcset=\"https:\/\/i0.wp.com\/eltrabajo.cl\/portal\/wp-content\/uploads\/2019\/06\/cambio-sentido-transito.jpg?w=580&amp;ssl=1 580w, https:\/\/i0.wp.com\/eltrabajo.cl\/portal\/wp-content\/uploads\/2019\/06\/cambio-sentido-transito.jpg?resize=200%2C131&amp;ssl=1 200w, https:\/\/i0.wp.com\/eltrabajo.cl\/portal\/wp-content\/uploads\/2019\/06\/cambio-sentido-transito.jpg?resize=300%2C196&amp;ssl=1 300w, https:\/\/i0.wp.com\/eltrabajo.cl\/portal\/wp-content\/uploads\/2019\/06\/cambio-sentido-transito.jpg?resize=230%2C150&amp;ssl=1 230w, https:\/\/i0.wp.com\/eltrabajo.cl\/portal\/wp-content\/uploads\/2019\/06\/cambio-sentido-transito.jpg?resize=400%2C261&amp;ssl=1 400w\" sizes=\"auto, (max-width: 580px) 100vw, 580px\" \/><figcaption id=\"caption-attachment-92369\" class=\"wp-caption-text\">Solo las calles que rodean la Plaza de Armas y las cuatro avenidas se mantendr\u00e1n tal como hoy. Todas las restantes del damero central cambiar\u00e1n su sentido de tr\u00e1nsito.<\/figcaption><\/figure>\n","protected":false},"excerpt":{"rendered":"<p>Esta planificaci\u00f3n -que forma parte del Plan de Gesti\u00f3n de Tr\u00e1nsito y Ciclov\u00edas- tiene por objeto el reordenamiento vial y acortar los tiempos de desplazamiento por la comuna. El cambio de sentido&#8230;<\/p>\n","protected":false},"author":482,"featured_media":92369,"comment_status":"open","ping_status":"open","sticky":false,"template":"","format":"standard","meta":{"advanced_seo_description":"","jetpack_seo_html_title":"","jetpack_seo_noindex":false,"_jetpack_memberships_contains_paid_content":false,"footnotes":""},"categories":[1],"tags":[],"class_list":["post-92367","post","type-post","status-publish","format-standard","has-post-thumbnail","hentry","category-cronica"],"jetpack_featured_media_url":"https:\/\/i0.wp.com\/eltrabajo.cl\/portal\/wp-content\/uploads\/2019\/06\/cambio-sentido-transito.jpg?fit=580%2C379&ssl=1","jetpack_sharing_enabled":true,"jetpack_likes_enabled":true,"jetpack-related-posts":[],"_links":{"self":[{"href":"https:\/\/eltrabajo.cl\/portal\/wp-json\/wp\/v2\/posts\/92367","targetHints":{"allow":["GET"]}}],"collection":[{"href":"https:\/\/eltrabajo.cl\/portal\/wp-json\/wp\/v2\/posts"}],"about":[{"href":"https:\/\/eltrabajo.cl\/portal\/wp-json\/wp\/v2\/types\/post"}],"author":[{"embeddable":true,"href":"https:\/\/eltrabajo.cl\/portal\/wp-json\/wp\/v2\/users\/482"}],"replies":[{"embeddable":true,"href":"https:\/\/eltrabajo.cl\/portal\/wp-json\/wp\/v2\/comments?post=92367"}],"version-history":[{"count":0,"href":"https:\/\/eltrabajo.cl\/portal\/wp-json\/wp\/v2\/posts\/92367\/revisions"}],"wp:featuredmedia":[{"embeddable":true,"href":"https:\/\/eltrabajo.cl\/portal\/wp-json\/wp\/v2\/media\/92369"}],"wp:attachment":[{"href":"https:\/\/eltrabajo.cl\/portal\/wp-json\/wp\/v2\/media?parent=92367"}],"wp:term":[{"taxonomy":"category","embeddable":true,"href":"https:\/\/eltrabajo.cl\/portal\/wp-json\/wp\/v2\/categories?post=92367"},{"taxonomy":"post_tag","embeddable":true,"href":"https:\/\/eltrabajo.cl\/portal\/wp-json\/wp\/v2\/tags?post=92367"}],"curies":[{"name":"wp","href":"https:\/\/api.w.org\/{rel}","templated":true}]}}