{"id":92388,"date":"2019-06-07T05:04:54","date_gmt":"2019-06-07T09:04:54","guid":{"rendered":"http:\/\/www.eltrabajo.cl\/portal\/?p=92388"},"modified":"2019-06-06T20:47:35","modified_gmt":"2019-06-07T00:47:35","slug":"mas-de-cuatrocientos-profesores-de-provincia-san-felipe-a-marcha-nacional-en-santiago","status":"publish","type":"post","link":"https:\/\/eltrabajo.cl\/portal\/mas-de-cuatrocientos-profesores-de-provincia-san-felipe-a-marcha-nacional-en-santiago\/","title":{"rendered":"M\u00e1s de cuatrocientos profesores de provincia San Felipe a marcha nacional en Santiago"},"content":{"rendered":"<p><span style=\"color: #ff0000;\"><strong>A nivel local realizaron intervenciones urbanas pac\u00edficas.<\/strong><\/span><\/p>\n<p>M\u00e1s de cuatrocientos profesores de la provincia de San Felipe concurrieron ayer a Santiago para marchar en demanda de mejoras laborales y la demanda de a\u00f1os como es la \u2018Deuda Hist\u00f3rica\u2019.<br \/>\nLos profesores se trasladaron en varios buses provenientes de distintas comunas.<br \/>\nMientras tanto en San Felipe, un grupo de docentes realiz\u00f3 distintas intervenciones urbanas donde bailaban al comp\u00e1s de la m\u00fasica.<br \/>\nConsultado el profesor Francisco Jamett sobre este tipo de actividades, indic\u00f3: \u00abEl apoyo a las movilizaciones nacionales en el contexto de este llamado especialmente hoy jueves (ayer) que est\u00e1 la marcha nacional en Santiago por parte de los docentes, nosotros estamos realizando intervenciones pac\u00edficas y desde el punto de vista de actividad f\u00edsica e informativa para dar a conocer los elementos de nuestras demandas&#8230; nuestras demandas que no han sido escuchadas por parte en este caso del gobierno, que se basan fundamentalmente en el agobio laboral, reconocimiento de la deuda hist\u00f3rica en este caso la igualdad de trato de los profesionales de la educaci\u00f3n, los cambios curriculares de historia y geograf\u00eda y ciencias sociales, educaci\u00f3n f\u00edsica y tambi\u00e9n artes, tanto en tercero y cuarto medio y otros elementos m\u00e1s que apuntan a superar la educaci\u00f3n estandarizada\u00bb, se\u00f1al\u00f3 el docente.<br \/>\nEn cuanto a la intervenci\u00f3n de ayer, el profesor dijo que estaban manifestando \u00abla importancia de la educaci\u00f3n f\u00edsica en la malla curricular, entendiendo que este elemento pasa a ser un elemento optativo en tercero y cuarto medio, por lo tanto hay una disminuci\u00f3n de la actividad f\u00edsica en los colegios que es fundamental para nuestra salud, la sociedad, tanto la historia como el arte, las dem\u00e1s materias que se pueden ir generando como segunda, tercera categor\u00eda, eso es muy importante entenderlo como sociedad tiene que estar enfatizada y empoderada de cierta manera que la educaci\u00f3n f\u00edsica y el arte son esenciales para la formaci\u00f3n de los ciudadanos, y nosotros como profesores estamos llamados y convocados a defender los elementos de formaci\u00f3n de nosotros, nuestros alumnos, de nuestra sociedad, entonces hoy d\u00eda esta intervenci\u00f3n que por lo dem\u00e1s es pac\u00edfica, por lo dem\u00e1s apunta a relevar la importancia de la educaci\u00f3n f\u00edsica, hace un llamado a la sociedad, a los sanfelipe\u00f1os a empoderarse y conocer nuestras demandas, conocer por qu\u00e9 los profesores est\u00e1n marchando, por qu\u00e9 los profesores estamos en la calle, b\u00e1sicamente esto va netamente a logros y aprendizajes y la real educaci\u00f3n que nosotros queremos\u00bb, finaliz\u00f3 Jammet.<\/p>\n<figure id=\"attachment_92389\" aria-describedby=\"caption-attachment-92389\" style=\"width: 580px\" class=\"wp-caption alignnone\"><img data-recalc-dims=\"1\" loading=\"lazy\" decoding=\"async\" class=\"size-full wp-image-92389\" src=\"https:\/\/i0.wp.com\/www.eltrabajo.cl\/portal\/wp-content\/uploads\/2019\/06\/profesores-intervencion.jpg?resize=580%2C379\" alt=\"Las profesoras durante la intervenci\u00f3n en la esquina de Coimas con Prat.\" width=\"580\" height=\"379\" srcset=\"https:\/\/i0.wp.com\/eltrabajo.cl\/portal\/wp-content\/uploads\/2019\/06\/profesores-intervencion.jpg?w=580&amp;ssl=1 580w, https:\/\/i0.wp.com\/eltrabajo.cl\/portal\/wp-content\/uploads\/2019\/06\/profesores-intervencion.jpg?resize=200%2C131&amp;ssl=1 200w, https:\/\/i0.wp.com\/eltrabajo.cl\/portal\/wp-content\/uploads\/2019\/06\/profesores-intervencion.jpg?resize=300%2C196&amp;ssl=1 300w, https:\/\/i0.wp.com\/eltrabajo.cl\/portal\/wp-content\/uploads\/2019\/06\/profesores-intervencion.jpg?resize=230%2C150&amp;ssl=1 230w, https:\/\/i0.wp.com\/eltrabajo.cl\/portal\/wp-content\/uploads\/2019\/06\/profesores-intervencion.jpg?resize=400%2C261&amp;ssl=1 400w\" sizes=\"auto, (max-width: 580px) 100vw, 580px\" \/><figcaption id=\"caption-attachment-92389\" class=\"wp-caption-text\">Las profesoras durante la intervenci\u00f3n en la esquina de Coimas con Prat.<\/figcaption><\/figure>\n<figure id=\"attachment_92390\" aria-describedby=\"caption-attachment-92390\" style=\"width: 580px\" class=\"wp-caption alignnone\"><img data-recalc-dims=\"1\" loading=\"lazy\" decoding=\"async\" class=\"size-full wp-image-92390\" src=\"https:\/\/i0.wp.com\/www.eltrabajo.cl\/portal\/wp-content\/uploads\/2019\/06\/profesores-Francisco-Jamett.jpg?resize=580%2C379\" alt=\"El profesor Francisco Jamett conversando con nuestro medio.\" width=\"580\" height=\"379\" srcset=\"https:\/\/i0.wp.com\/eltrabajo.cl\/portal\/wp-content\/uploads\/2019\/06\/profesores-Francisco-Jamett.jpg?w=580&amp;ssl=1 580w, https:\/\/i0.wp.com\/eltrabajo.cl\/portal\/wp-content\/uploads\/2019\/06\/profesores-Francisco-Jamett.jpg?resize=200%2C131&amp;ssl=1 200w, https:\/\/i0.wp.com\/eltrabajo.cl\/portal\/wp-content\/uploads\/2019\/06\/profesores-Francisco-Jamett.jpg?resize=300%2C196&amp;ssl=1 300w, https:\/\/i0.wp.com\/eltrabajo.cl\/portal\/wp-content\/uploads\/2019\/06\/profesores-Francisco-Jamett.jpg?resize=230%2C150&amp;ssl=1 230w, https:\/\/i0.wp.com\/eltrabajo.cl\/portal\/wp-content\/uploads\/2019\/06\/profesores-Francisco-Jamett.jpg?resize=400%2C261&amp;ssl=1 400w\" sizes=\"auto, (max-width: 580px) 100vw, 580px\" \/><figcaption id=\"caption-attachment-92390\" class=\"wp-caption-text\">El profesor Francisco Jamett conversando con nuestro medio.<\/figcaption><\/figure>\n","protected":false},"excerpt":{"rendered":"<p>A nivel local realizaron intervenciones urbanas pac\u00edficas. M\u00e1s de cuatrocientos profesores de la provincia de San Felipe concurrieron ayer a Santiago para marchar en demanda de mejoras laborales y la demanda de&#8230;<\/p>\n","protected":false},"author":482,"featured_media":92389,"comment_status":"open","ping_status":"open","sticky":false,"template":"","format":"standard","meta":{"advanced_seo_description":"","jetpack_seo_html_title":"","jetpack_seo_noindex":false,"_jetpack_memberships_contains_paid_content":false,"footnotes":""},"categories":[1],"tags":[],"class_list":["post-92388","post","type-post","status-publish","format-standard","has-post-thumbnail","hentry","category-cronica"],"jetpack_featured_media_url":"https:\/\/i0.wp.com\/eltrabajo.cl\/portal\/wp-content\/uploads\/2019\/06\/profesores-intervencion.jpg?fit=580%2C379&ssl=1","jetpack_sharing_enabled":true,"jetpack_likes_enabled":true,"jetpack-related-posts":[],"_links":{"self":[{"href":"https:\/\/eltrabajo.cl\/portal\/wp-json\/wp\/v2\/posts\/92388","targetHints":{"allow":["GET"]}}],"collection":[{"href":"https:\/\/eltrabajo.cl\/portal\/wp-json\/wp\/v2\/posts"}],"about":[{"href":"https:\/\/eltrabajo.cl\/portal\/wp-json\/wp\/v2\/types\/post"}],"author":[{"embeddable":true,"href":"https:\/\/eltrabajo.cl\/portal\/wp-json\/wp\/v2\/users\/482"}],"replies":[{"embeddable":true,"href":"https:\/\/eltrabajo.cl\/portal\/wp-json\/wp\/v2\/comments?post=92388"}],"version-history":[{"count":0,"href":"https:\/\/eltrabajo.cl\/portal\/wp-json\/wp\/v2\/posts\/92388\/revisions"}],"wp:featuredmedia":[{"embeddable":true,"href":"https:\/\/eltrabajo.cl\/portal\/wp-json\/wp\/v2\/media\/92389"}],"wp:attachment":[{"href":"https:\/\/eltrabajo.cl\/portal\/wp-json\/wp\/v2\/media?parent=92388"}],"wp:term":[{"taxonomy":"category","embeddable":true,"href":"https:\/\/eltrabajo.cl\/portal\/wp-json\/wp\/v2\/categories?post=92388"},{"taxonomy":"post_tag","embeddable":true,"href":"https:\/\/eltrabajo.cl\/portal\/wp-json\/wp\/v2\/tags?post=92388"}],"curies":[{"name":"wp","href":"https:\/\/api.w.org\/{rel}","templated":true}]}}