{"id":92398,"date":"2019-06-10T05:00:47","date_gmt":"2019-06-10T09:00:47","guid":{"rendered":"http:\/\/www.eltrabajo.cl\/portal\/?p=92398"},"modified":"2019-06-09T21:15:59","modified_gmt":"2019-06-10T01:15:59","slug":"union-san-felipe-logra-un-tranquilizador-3-a-1-sobre-coquimbo-unido","status":"publish","type":"post","link":"https:\/\/eltrabajo.cl\/portal\/union-san-felipe-logra-un-tranquilizador-3-a-1-sobre-coquimbo-unido\/","title":{"rendered":"Uni\u00f3n San Felipe logra un tranquilizador 3 a 1 sobre Coquimbo Unido"},"content":{"rendered":"<p>Con goles del artillero Lautaro Palacios y un doblete de Miguen \u00c1ngel Orellana, Uni\u00f3n San Felipe se qued\u00f3 con el primer partido de la llave clasificatoria de la segunda fase de la Copa Chile, al doblegar por 3 tantos a 1 a Coquimbo Unido.<br \/>\nEl triunfo aconcag\u00fcino se consum\u00f3 en la primera etapa, en la que se vieron muy s\u00f3lidos en todas sus l\u00edneas, adem\u00e1s de mostrar una buena organizaci\u00f3n en el juego y en la estrategia, al llevar al desgaste a un Coquimbo Unido que reci\u00e9n pudo despertar en el segundo lapso, tras el descuento de John Salas.<br \/>\nDebido al tempranero gol nortino, el t\u00e9cnico Germ\u00e1n Corengia opt\u00f3 por cerrar el pleito, sacando a Orellana y poner en su lugar a Byro Rivero, un jugador que se sum\u00f3 a las labores de corte y salida en el mediocampo.<br \/>\nCoquimbo intent\u00f3 tener m\u00e1s goles, pero siempre termin\u00f3 chocando con la buena respuesta de su zaga y el arquero Andr\u00e9s Fern\u00e1ndez, quienes con sus buenas actuaciones permiten al Un\u00ed Un\u00ed tener una ventaja que puede ser tranquilizadora de cara a la revancha que se jugar\u00e1 a mitad de semana en Coquimbo.<\/p>\n<p><span style=\"color: #ff0000;\"><strong>Ficha T\u00e9cnica<\/strong><\/span><br \/>\nPartido de ida.<br \/>\nSegunda fase Copa Chile.<br \/>\nEstadio: Lucio Fari\u00f1a.<br \/>\n\u00c1rbitro: Jos\u00e9 Cabero.<br \/>\nUni\u00f3n San Felipe (3): Andr\u00e9s Fern\u00e1ndez; Francisco Salinas, Benjam\u00edn Gazzolo, David Fern\u00e1ndez, Gonzalo Villegas; Bryan Cort\u00e9s, Jos\u00e9 Mart\u00ednez, Jimmy Cisterna (Bruno Martini), Gonzalo \u00c1lvarez (\u00c1ngel Vildozo); Miguel Orellana (Byro Rivero), Lautaro Palacios. DT: Germ\u00e1n Corengia.<br \/>\nCoquimbo Unido (1): Gustavo Merino; John Salas, Sebasti\u00e1n Silva, Washington Torres, Cristian Zabala (Ben\u00edtez), Diego Aravena (Galani), Fernando Cornejo, Giovanni Bustos (Can\u00edo), Mauricio Yedro, Ulises Castanogli, Kilian Delgado. DT: Patricio Graff.<br \/>\nGoles: 1-0, 7\u2019 Lautaro Palacios (USF), 2-0, 14\u2019 Miguel Orellana (USF), 3-0, 39\u2019 Miguel Orellana (USF), 3-1, 49\u2019 John Salas (COQ).<\/p>\n<figure id=\"attachment_92399\" aria-describedby=\"caption-attachment-92399\" style=\"width: 580px\" class=\"wp-caption alignnone\"><img data-recalc-dims=\"1\" loading=\"lazy\" decoding=\"async\" class=\"size-full wp-image-92399\" src=\"https:\/\/i0.wp.com\/www.eltrabajo.cl\/portal\/wp-content\/uploads\/2019\/06\/uni-coquimbo-1.jpg?resize=580%2C380\" alt=\"En el estadio Lucio Fari\u00f1a de Quillota el Un\u00ed Un\u00ed consigui\u00f3 un importante triunfo sobre Coquimbo Unido. (Foto: Jorge Ampuero) \" width=\"580\" height=\"380\" srcset=\"https:\/\/i0.wp.com\/eltrabajo.cl\/portal\/wp-content\/uploads\/2019\/06\/uni-coquimbo-1.jpg?w=580&amp;ssl=1 580w, https:\/\/i0.wp.com\/eltrabajo.cl\/portal\/wp-content\/uploads\/2019\/06\/uni-coquimbo-1.jpg?resize=200%2C131&amp;ssl=1 200w, https:\/\/i0.wp.com\/eltrabajo.cl\/portal\/wp-content\/uploads\/2019\/06\/uni-coquimbo-1.jpg?resize=300%2C197&amp;ssl=1 300w, https:\/\/i0.wp.com\/eltrabajo.cl\/portal\/wp-content\/uploads\/2019\/06\/uni-coquimbo-1.jpg?resize=229%2C150&amp;ssl=1 229w, https:\/\/i0.wp.com\/eltrabajo.cl\/portal\/wp-content\/uploads\/2019\/06\/uni-coquimbo-1.jpg?resize=400%2C262&amp;ssl=1 400w\" sizes=\"auto, (max-width: 580px) 100vw, 580px\" \/><figcaption id=\"caption-attachment-92399\" class=\"wp-caption-text\">En el estadio Lucio Fari\u00f1a de Quillota el Un\u00ed Un\u00ed consigui\u00f3 un importante triunfo sobre Coquimbo Unido. (Foto: Jorge Ampuero)<\/figcaption><\/figure>\n","protected":false},"excerpt":{"rendered":"<p>Con goles del artillero Lautaro Palacios y un doblete de Miguen \u00c1ngel Orellana, Uni\u00f3n San Felipe se qued\u00f3 con el primer partido de la llave clasificatoria de la segunda fase de la&#8230;<\/p>\n","protected":false},"author":482,"featured_media":92399,"comment_status":"open","ping_status":"open","sticky":false,"template":"","format":"standard","meta":{"advanced_seo_description":"","jetpack_seo_html_title":"","jetpack_seo_noindex":false,"_jetpack_memberships_contains_paid_content":false,"footnotes":""},"categories":[19],"tags":[],"class_list":["post-92398","post","type-post","status-publish","format-standard","has-post-thumbnail","hentry","category-deportes"],"jetpack_featured_media_url":"https:\/\/i0.wp.com\/eltrabajo.cl\/portal\/wp-content\/uploads\/2019\/06\/uni-coquimbo-1.jpg?fit=580%2C380&ssl=1","jetpack_sharing_enabled":true,"jetpack_likes_enabled":true,"jetpack-related-posts":[],"_links":{"self":[{"href":"https:\/\/eltrabajo.cl\/portal\/wp-json\/wp\/v2\/posts\/92398","targetHints":{"allow":["GET"]}}],"collection":[{"href":"https:\/\/eltrabajo.cl\/portal\/wp-json\/wp\/v2\/posts"}],"about":[{"href":"https:\/\/eltrabajo.cl\/portal\/wp-json\/wp\/v2\/types\/post"}],"author":[{"embeddable":true,"href":"https:\/\/eltrabajo.cl\/portal\/wp-json\/wp\/v2\/users\/482"}],"replies":[{"embeddable":true,"href":"https:\/\/eltrabajo.cl\/portal\/wp-json\/wp\/v2\/comments?post=92398"}],"version-history":[{"count":0,"href":"https:\/\/eltrabajo.cl\/portal\/wp-json\/wp\/v2\/posts\/92398\/revisions"}],"wp:featuredmedia":[{"embeddable":true,"href":"https:\/\/eltrabajo.cl\/portal\/wp-json\/wp\/v2\/media\/92399"}],"wp:attachment":[{"href":"https:\/\/eltrabajo.cl\/portal\/wp-json\/wp\/v2\/media?parent=92398"}],"wp:term":[{"taxonomy":"category","embeddable":true,"href":"https:\/\/eltrabajo.cl\/portal\/wp-json\/wp\/v2\/categories?post=92398"},{"taxonomy":"post_tag","embeddable":true,"href":"https:\/\/eltrabajo.cl\/portal\/wp-json\/wp\/v2\/tags?post=92398"}],"curies":[{"name":"wp","href":"https:\/\/api.w.org\/{rel}","templated":true}]}}