{"id":92407,"date":"2019-06-10T05:03:57","date_gmt":"2019-06-10T09:03:57","guid":{"rendered":"http:\/\/www.eltrabajo.cl\/portal\/?p=92407"},"modified":"2019-06-09T21:21:51","modified_gmt":"2019-06-10T01:21:51","slug":"piden-medidas-por-declaracion-de-zona-saturada-de-contaminacion","status":"publish","type":"post","link":"https:\/\/eltrabajo.cl\/portal\/piden-medidas-por-declaracion-de-zona-saturada-de-contaminacion\/","title":{"rendered":"Piden medidas por declaraci\u00f3n de \u2018Zona Saturada de contaminaci\u00f3n\u2019"},"content":{"rendered":"<p><span style=\"color: #ff0000;\"><strong>Alcalde Edgardo Gonz\u00e1lez a autoridades centrales:<\/strong><\/span><\/p>\n<p><strong>LLAY LLAY<\/strong>.- Finalmente y tras a\u00f1os de tr\u00e1mites, finalmente el Ministerio de Medioambiente decret\u00f3 como Zona Saturada de contaminaci\u00f3n a la comuna de Llay Llay, as\u00ed como tambi\u00e9n a las comunas vecinas de Catemu, Panquehue y la provincia de Quillota. Esto debido a que se sobrepas\u00f3 los l\u00edmites establecidos por la norma de calidad del aire en Material Particulado (MP10), elemento que se presenta principalmente en zonas urbanas y proviene de centrales t\u00e9rmicas, procesos industriales, tr\u00e1fico de veh\u00edculos y combusti\u00f3n residencial de le\u00f1a para calefacci\u00f3n, entre otros.<br \/>\nEsto significa que en la comuna de Llay Llay se ha sobrepasado los par\u00e1metros de uno o m\u00e1s contaminantes establecidos en una norma de calidad, en nuestro caso es para MP10. Cuando hablamos de MP nos referimos a material particulado, material suspendido en el aire en forma de part\u00edculas s\u00f3lidas o gotas de l\u00edquido dispersas en el ambiente. El numero 10 hace referencia al tama\u00f1o de esta part\u00edcula que es medida en micrones, es decir, tenemos presencia de material particulado del tama\u00f1o de 10 micrones.<br \/>\nDebido a esto y en concordancia al Decreto N\u00b059, que establece la Calidad Primaria del Material Particulado Respirable MP10, se tom\u00f3 la decisi\u00f3n de declarar a Llay Llay y otras comunas vecinas como Zona Saturada, lo que quiere decir que se estar\u00eda generando da\u00f1o en la salud de los habitantes, provocando graves afecciones al tracto respiratorio y al pulm\u00f3n. Detr\u00e1s del MP10 est\u00e1n numerosas enfermedades respiratorias, problemas cardiovasculares entre otros.<br \/>\nEn este sentido, la determinaci\u00f3n tomada por el Ministerio del Medioambiente da herramientas para que la autoridad central tome una serie de medidas para evitar problemas de salud para la poblaci\u00f3n. En primer lugar, la generaci\u00f3n de un plan de descontaminaci\u00f3n que ser\u00e1 especializado para el sector, presentando medidas espec\u00edficas para las posibles situaciones que han generado el sobrepasar esta norma de calidad primaria y la constituci\u00f3n de este plan comienza desde la declaraci\u00f3n de la zona como saturada.<br \/>\nAnte esta medida, el alcalde Edgardo Gonz\u00e1lez pidi\u00f3 a las autoridades regionales y nacionales utilizar toda las herramientas que autoriza la ley para resguardar la salud de los llailla\u00ednos y los habitantes de las comunas vecinas, \u00abpor cierto que es una situaci\u00f3n compleja y que nos preocupa y en este contexto quiero hacer un llamado fuerte y en\u00e9rgico a las autoridades de gobierno y medioambientales que este decreto les permita a ellos tomar medidas efectivas y directas, invertir recursos en la zona de manera de poder afrontar esta situaci\u00f3n que es grave para la salud de los vecinos de la comuna y que no nos quedemos en s\u00f3lo la dictaci\u00f3n de este decreto. Queremos acciones concretas y directas, que tengan resultados en la protecci\u00f3n en la salud de los vecinos\u00bb.<br \/>\nAdem\u00e1s, el edil explic\u00f3 que se han hecho esfuerzos por parte del municipio para informar sobre esta problem\u00e1tica, \u00abestamos haciendo un trabajo en este tema, con esfuerzo hemos realizado campa\u00f1as de prevenci\u00f3n, de capacitaci\u00f3n, hemos trabajado con la comunidad, pero esta es una responsabilidad de gobierno y son ellos quienes deben asumir tal como lo han hecho en otros sectores cuando se han presentado este tipo de situaciones. El llamado es a las autoridades de gobierno, a las autoridades ambientales que tomen medidas directas y concretas para abordar esta situaci\u00f3n que afecta a los vecinos del Valle del Aconcagua\u00bb.<br \/>\nUna vez que las autoridades centrales realicen un anteproyecto de Plan de Descontaminaci\u00f3n, existe un plazo de doce meses para aprobarlo y someterlo a una consulta p\u00fablica de 60 d\u00edas, donde se convocar\u00e1 a la comunidad a participar activamente en este proceso. Posteriormente, para desarrollar el proyecto definitivo y dar respuesta a las consultas, existe un plazo de 120 d\u00edas. Con el proyecto definitivo finalizado pasa por el Consejo de Ministros para la sustentabilidad, para luego ser ingresado a toma de raz\u00f3n de la Contralor\u00eda y comenzar con su aplicaci\u00f3n.<br \/>\nUna de las principales situaciones que afecta a la comuna de Llay Llay, es el uso de le\u00f1a h\u00fameda en el sector, como medida de calefacci\u00f3n domiciliaria. La Seremi de Medioambiente podr\u00e1 presentar al Fondos de Desarrollo Regional de la Regi\u00f3n de Valpara\u00edso (FNDR) una solicitud para financiar un programa de recambio voluntario de calefactores a le\u00f1a por sistemas m\u00e1s limpios y eficientes, con el fin de reducir las emisiones de material particulado al exterior y la contaminaci\u00f3n intra domiciliaria.<\/p>\n<figure id=\"attachment_92408\" aria-describedby=\"caption-attachment-92408\" style=\"width: 580px\" class=\"wp-caption alignnone\"><img data-recalc-dims=\"1\" loading=\"lazy\" decoding=\"async\" class=\"size-full wp-image-92408\" src=\"https:\/\/i0.wp.com\/www.eltrabajo.cl\/portal\/wp-content\/uploads\/2019\/06\/Contaminacion_Edgardo-Gonzalez.jpg?resize=580%2C380\" alt=\"Edgardo Gonz\u00e1lez Arancibia, alcalde de Llay Llay..\" width=\"580\" height=\"380\" srcset=\"https:\/\/i0.wp.com\/eltrabajo.cl\/portal\/wp-content\/uploads\/2019\/06\/Contaminacion_Edgardo-Gonzalez.jpg?w=580&amp;ssl=1 580w, https:\/\/i0.wp.com\/eltrabajo.cl\/portal\/wp-content\/uploads\/2019\/06\/Contaminacion_Edgardo-Gonzalez.jpg?resize=200%2C131&amp;ssl=1 200w, https:\/\/i0.wp.com\/eltrabajo.cl\/portal\/wp-content\/uploads\/2019\/06\/Contaminacion_Edgardo-Gonzalez.jpg?resize=300%2C197&amp;ssl=1 300w, https:\/\/i0.wp.com\/eltrabajo.cl\/portal\/wp-content\/uploads\/2019\/06\/Contaminacion_Edgardo-Gonzalez.jpg?resize=229%2C150&amp;ssl=1 229w, https:\/\/i0.wp.com\/eltrabajo.cl\/portal\/wp-content\/uploads\/2019\/06\/Contaminacion_Edgardo-Gonzalez.jpg?resize=400%2C262&amp;ssl=1 400w\" sizes=\"auto, (max-width: 580px) 100vw, 580px\" \/><figcaption id=\"caption-attachment-92408\" class=\"wp-caption-text\">Edgardo Gonz\u00e1lez Arancibia, alcalde de Llay Llay..<\/figcaption><\/figure>\n<figure id=\"attachment_92409\" aria-describedby=\"caption-attachment-92409\" style=\"width: 580px\" class=\"wp-caption alignnone\"><img data-recalc-dims=\"1\" loading=\"lazy\" decoding=\"async\" class=\"size-full wp-image-92409\" src=\"https:\/\/i0.wp.com\/www.eltrabajo.cl\/portal\/wp-content\/uploads\/2019\/06\/Contaminacion1.jpg?resize=580%2C378\" alt=\"Una de las principales situaciones que afecta a la comuna de Llay Llay, es el uso de le\u00f1a h\u00fameda en el sector, como medida de calefacci\u00f3n domiciliaria.\" width=\"580\" height=\"378\" srcset=\"https:\/\/i0.wp.com\/eltrabajo.cl\/portal\/wp-content\/uploads\/2019\/06\/Contaminacion1.jpg?w=580&amp;ssl=1 580w, https:\/\/i0.wp.com\/eltrabajo.cl\/portal\/wp-content\/uploads\/2019\/06\/Contaminacion1.jpg?resize=200%2C130&amp;ssl=1 200w, https:\/\/i0.wp.com\/eltrabajo.cl\/portal\/wp-content\/uploads\/2019\/06\/Contaminacion1.jpg?resize=300%2C196&amp;ssl=1 300w, https:\/\/i0.wp.com\/eltrabajo.cl\/portal\/wp-content\/uploads\/2019\/06\/Contaminacion1.jpg?resize=230%2C150&amp;ssl=1 230w, https:\/\/i0.wp.com\/eltrabajo.cl\/portal\/wp-content\/uploads\/2019\/06\/Contaminacion1.jpg?resize=400%2C261&amp;ssl=1 400w\" sizes=\"auto, (max-width: 580px) 100vw, 580px\" \/><figcaption id=\"caption-attachment-92409\" class=\"wp-caption-text\">Una de las principales situaciones que afecta a la comuna de Llay Llay, es el uso de le\u00f1a h\u00fameda en el sector, como medida de calefacci\u00f3n domiciliaria.<\/figcaption><\/figure>\n","protected":false},"excerpt":{"rendered":"<p>Alcalde Edgardo Gonz\u00e1lez a autoridades centrales: LLAY LLAY.- Finalmente y tras a\u00f1os de tr\u00e1mites, finalmente el Ministerio de Medioambiente decret\u00f3 como Zona Saturada de contaminaci\u00f3n a la comuna de Llay Llay, as\u00ed&#8230;<\/p>\n","protected":false},"author":482,"featured_media":92408,"comment_status":"open","ping_status":"open","sticky":false,"template":"","format":"standard","meta":{"advanced_seo_description":"","jetpack_seo_html_title":"","jetpack_seo_noindex":false,"_jetpack_memberships_contains_paid_content":false,"footnotes":""},"categories":[1],"tags":[],"class_list":["post-92407","post","type-post","status-publish","format-standard","has-post-thumbnail","hentry","category-cronica"],"jetpack_featured_media_url":"https:\/\/i0.wp.com\/eltrabajo.cl\/portal\/wp-content\/uploads\/2019\/06\/Contaminacion_Edgardo-Gonzalez.jpg?fit=580%2C380&ssl=1","jetpack_sharing_enabled":true,"jetpack_likes_enabled":true,"jetpack-related-posts":[],"_links":{"self":[{"href":"https:\/\/eltrabajo.cl\/portal\/wp-json\/wp\/v2\/posts\/92407","targetHints":{"allow":["GET"]}}],"collection":[{"href":"https:\/\/eltrabajo.cl\/portal\/wp-json\/wp\/v2\/posts"}],"about":[{"href":"https:\/\/eltrabajo.cl\/portal\/wp-json\/wp\/v2\/types\/post"}],"author":[{"embeddable":true,"href":"https:\/\/eltrabajo.cl\/portal\/wp-json\/wp\/v2\/users\/482"}],"replies":[{"embeddable":true,"href":"https:\/\/eltrabajo.cl\/portal\/wp-json\/wp\/v2\/comments?post=92407"}],"version-history":[{"count":0,"href":"https:\/\/eltrabajo.cl\/portal\/wp-json\/wp\/v2\/posts\/92407\/revisions"}],"wp:featuredmedia":[{"embeddable":true,"href":"https:\/\/eltrabajo.cl\/portal\/wp-json\/wp\/v2\/media\/92408"}],"wp:attachment":[{"href":"https:\/\/eltrabajo.cl\/portal\/wp-json\/wp\/v2\/media?parent=92407"}],"wp:term":[{"taxonomy":"category","embeddable":true,"href":"https:\/\/eltrabajo.cl\/portal\/wp-json\/wp\/v2\/categories?post=92407"},{"taxonomy":"post_tag","embeddable":true,"href":"https:\/\/eltrabajo.cl\/portal\/wp-json\/wp\/v2\/tags?post=92407"}],"curies":[{"name":"wp","href":"https:\/\/api.w.org\/{rel}","templated":true}]}}