{"id":92423,"date":"2019-06-11T05:00:57","date_gmt":"2019-06-11T09:00:57","guid":{"rendered":"http:\/\/www.eltrabajo.cl\/portal\/?p=92423"},"modified":"2019-06-10T20:56:05","modified_gmt":"2019-06-11T00:56:05","slug":"el-prat-gana-un-titulo-en-el-extremo-sur","status":"publish","type":"post","link":"https:\/\/eltrabajo.cl\/portal\/el-prat-gana-un-titulo-en-el-extremo-sur\/","title":{"rendered":"El Prat gana un t\u00edtulo en el extremo sur"},"content":{"rendered":"<p>Una campa\u00f1a perfecta que le permiti\u00f3 consagrarse como el mejor de todos en un torneo internacional realizado en Porvenir, realiz\u00f3 el quinteto juvenil del club Arturo Prat durante el fin de semana reci\u00e9n pasado.<br \/>\nLa campa\u00f1a pratina comenz\u00f3 con un categ\u00f3rico triunfo de 75 a 30 sobre Punta Arenas. En la jornada siguiente el team comandado t\u00e9cnicamente por Priscila Pizarro venci\u00f3 106 a 70 a Puerto Natales.<br \/>\nM\u00e1s tarde los sanfelipe\u00f1os prolongaron su impecable caminar en el extremo sur del pa\u00eds, al ganar 65 a 34 a Porvenir y posteriormente 43 a 35 a R\u00edo Grande de Argentina, con el que disputaron la gran final de la competencia.<br \/>\nEl partido decisivo y que entregar\u00eda al ganador todos los honores, qued\u00f3 en manos de los de la calle Santo Domingo, al imponerse 61 a 55 a los trasandinos. La actuaci\u00f3n de los sanfelipe\u00f1os fue muy celebrada por la forma que se consigui\u00f3 el cetro, ya que fue de manera invicta, con un registro de 5 a 0, adem\u00e1s que su joven promesa, Mat\u00edas Gald\u00e1mez fue el goleador del campeonato.<\/p>\n<figure id=\"attachment_92425\" aria-describedby=\"caption-attachment-92425\" style=\"width: 580px\" class=\"wp-caption alignnone\"><img data-recalc-dims=\"1\" loading=\"lazy\" decoding=\"async\" class=\"size-full wp-image-92425\" src=\"https:\/\/i0.wp.com\/www.eltrabajo.cl\/portal\/wp-content\/uploads\/2019\/06\/prat.jpg?resize=580%2C379\" alt=\"Bajo la batuta de Priscila Pizarro el Prat est\u00e1 mostrando un muy buen rendimiento en sus series formativas.\" width=\"580\" height=\"379\" srcset=\"https:\/\/i0.wp.com\/eltrabajo.cl\/portal\/wp-content\/uploads\/2019\/06\/prat.jpg?w=580&amp;ssl=1 580w, https:\/\/i0.wp.com\/eltrabajo.cl\/portal\/wp-content\/uploads\/2019\/06\/prat.jpg?resize=200%2C131&amp;ssl=1 200w, https:\/\/i0.wp.com\/eltrabajo.cl\/portal\/wp-content\/uploads\/2019\/06\/prat.jpg?resize=300%2C196&amp;ssl=1 300w, https:\/\/i0.wp.com\/eltrabajo.cl\/portal\/wp-content\/uploads\/2019\/06\/prat.jpg?resize=230%2C150&amp;ssl=1 230w, https:\/\/i0.wp.com\/eltrabajo.cl\/portal\/wp-content\/uploads\/2019\/06\/prat.jpg?resize=400%2C261&amp;ssl=1 400w\" sizes=\"auto, (max-width: 580px) 100vw, 580px\" \/><figcaption id=\"caption-attachment-92425\" class=\"wp-caption-text\">Bajo la batuta de Priscila Pizarro el Prat est\u00e1 mostrando un muy buen rendimiento en sus series formativas.<\/figcaption><\/figure>\n","protected":false},"excerpt":{"rendered":"<p>Una campa\u00f1a perfecta que le permiti\u00f3 consagrarse como el mejor de todos en un torneo internacional realizado en Porvenir, realiz\u00f3 el quinteto juvenil del club Arturo Prat durante el fin de semana&#8230;<\/p>\n","protected":false},"author":482,"featured_media":92424,"comment_status":"open","ping_status":"open","sticky":false,"template":"","format":"standard","meta":{"advanced_seo_description":"","jetpack_seo_html_title":"","jetpack_seo_noindex":false,"_jetpack_memberships_contains_paid_content":false,"footnotes":""},"categories":[19],"tags":[],"class_list":["post-92423","post","type-post","status-publish","format-standard","has-post-thumbnail","hentry","category-deportes"],"jetpack_featured_media_url":"https:\/\/i0.wp.com\/eltrabajo.cl\/portal\/wp-content\/uploads\/2019\/06\/prat-campeon.jpg?fit=580%2C379&ssl=1","jetpack_sharing_enabled":true,"jetpack_likes_enabled":true,"jetpack-related-posts":[],"_links":{"self":[{"href":"https:\/\/eltrabajo.cl\/portal\/wp-json\/wp\/v2\/posts\/92423","targetHints":{"allow":["GET"]}}],"collection":[{"href":"https:\/\/eltrabajo.cl\/portal\/wp-json\/wp\/v2\/posts"}],"about":[{"href":"https:\/\/eltrabajo.cl\/portal\/wp-json\/wp\/v2\/types\/post"}],"author":[{"embeddable":true,"href":"https:\/\/eltrabajo.cl\/portal\/wp-json\/wp\/v2\/users\/482"}],"replies":[{"embeddable":true,"href":"https:\/\/eltrabajo.cl\/portal\/wp-json\/wp\/v2\/comments?post=92423"}],"version-history":[{"count":0,"href":"https:\/\/eltrabajo.cl\/portal\/wp-json\/wp\/v2\/posts\/92423\/revisions"}],"wp:featuredmedia":[{"embeddable":true,"href":"https:\/\/eltrabajo.cl\/portal\/wp-json\/wp\/v2\/media\/92424"}],"wp:attachment":[{"href":"https:\/\/eltrabajo.cl\/portal\/wp-json\/wp\/v2\/media?parent=92423"}],"wp:term":[{"taxonomy":"category","embeddable":true,"href":"https:\/\/eltrabajo.cl\/portal\/wp-json\/wp\/v2\/categories?post=92423"},{"taxonomy":"post_tag","embeddable":true,"href":"https:\/\/eltrabajo.cl\/portal\/wp-json\/wp\/v2\/tags?post=92423"}],"curies":[{"name":"wp","href":"https:\/\/api.w.org\/{rel}","templated":true}]}}