{"id":92461,"date":"2019-06-12T05:01:16","date_gmt":"2019-06-12T09:01:16","guid":{"rendered":"http:\/\/www.eltrabajo.cl\/portal\/?p=92461"},"modified":"2019-06-11T20:44:11","modified_gmt":"2019-06-12T00:44:11","slug":"el-uni-uni-recupera-a-fioravanti-y-munoz-para-el-partido-contra-coquimbo","status":"publish","type":"post","link":"https:\/\/eltrabajo.cl\/portal\/el-uni-uni-recupera-a-fioravanti-y-munoz-para-el-partido-contra-coquimbo\/","title":{"rendered":"El Un\u00ed Un\u00ed recupera a Fioravanti y Mu\u00f1oz para el partido contra Coquimbo"},"content":{"rendered":"<p>Para la revancha de ma\u00f1ana ante Coquimbo Unido, que tendr\u00e1 lugar en el estadio Francisco S\u00e1nchez Rumoroso en el puerto pirata, el t\u00e9cnico German Corengia tendr\u00e1 un amplio abanico donde elegir a los titulares, a ra\u00edz que ya est\u00e1n completamente recuperados los volantes Christian \u2018La Mona\u2019 Mu\u00f1oz y Leandro Fioravanti.<br \/>\nAhora el entrenador unionista deber\u00e1 ver si incluye a estos jugadores, o mantiene la oncena que en la ida venci\u00f3 3 a 1 a los del norte chico. \u00abGracias a Dios ya estoy al 100% en cuanto a la lesi\u00f3n, tal vez me falta un poquito en lo futbol\u00edstico al estar parado un tiempo algo largo, pero en lo general me encuentro muy bien\u00bb, afirm\u00f3 Leandro Fioravanti a nuestro medio.<br \/>\nEl eficiente volante de quite no escondi\u00f3 sus deseos de jugar ante Coquimbo Unido: \u00abSer\u00e1 un partido muy lindo de jugar, y el estar afuera hace que se sufra mucho m\u00e1s, tengo muchas ganas de jugar\u00bb, dijo Fioravanti a El Trabajo Deportivo.<\/p>\n<figure id=\"attachment_92462\" aria-describedby=\"caption-attachment-92462\" style=\"width: 580px\" class=\"wp-caption alignnone\"><img data-recalc-dims=\"1\" loading=\"lazy\" decoding=\"async\" class=\"size-full wp-image-92462\" src=\"https:\/\/i0.wp.com\/www.eltrabajo.cl\/portal\/wp-content\/uploads\/2019\/06\/fioravanti.jpg?resize=580%2C379\" alt=\"El volante de corte, Leandro Fioravanti (5) ya est\u00e1 en condiciones de ser considerado para el duelo ante Coquimbo Unido.\" width=\"580\" height=\"379\" srcset=\"https:\/\/i0.wp.com\/eltrabajo.cl\/portal\/wp-content\/uploads\/2019\/06\/fioravanti.jpg?w=580&amp;ssl=1 580w, https:\/\/i0.wp.com\/eltrabajo.cl\/portal\/wp-content\/uploads\/2019\/06\/fioravanti.jpg?resize=200%2C131&amp;ssl=1 200w, https:\/\/i0.wp.com\/eltrabajo.cl\/portal\/wp-content\/uploads\/2019\/06\/fioravanti.jpg?resize=300%2C196&amp;ssl=1 300w, https:\/\/i0.wp.com\/eltrabajo.cl\/portal\/wp-content\/uploads\/2019\/06\/fioravanti.jpg?resize=230%2C150&amp;ssl=1 230w, https:\/\/i0.wp.com\/eltrabajo.cl\/portal\/wp-content\/uploads\/2019\/06\/fioravanti.jpg?resize=400%2C261&amp;ssl=1 400w\" sizes=\"auto, (max-width: 580px) 100vw, 580px\" \/><figcaption id=\"caption-attachment-92462\" class=\"wp-caption-text\">El volante de corte, Leandro Fioravanti (5) ya est\u00e1 en condiciones de ser considerado para el duelo ante Coquimbo Unido.<\/figcaption><\/figure>\n","protected":false},"excerpt":{"rendered":"<p>Para la revancha de ma\u00f1ana ante Coquimbo Unido, que tendr\u00e1 lugar en el estadio Francisco S\u00e1nchez Rumoroso en el puerto pirata, el t\u00e9cnico German Corengia tendr\u00e1 un amplio abanico donde elegir a&#8230;<\/p>\n","protected":false},"author":482,"featured_media":92462,"comment_status":"open","ping_status":"open","sticky":false,"template":"","format":"standard","meta":{"advanced_seo_description":"","jetpack_seo_html_title":"","jetpack_seo_noindex":false,"_jetpack_memberships_contains_paid_content":false,"footnotes":""},"categories":[19],"tags":[],"class_list":["post-92461","post","type-post","status-publish","format-standard","has-post-thumbnail","hentry","category-deportes"],"jetpack_featured_media_url":"https:\/\/i0.wp.com\/eltrabajo.cl\/portal\/wp-content\/uploads\/2019\/06\/fioravanti.jpg?fit=580%2C379&ssl=1","jetpack_sharing_enabled":true,"jetpack_likes_enabled":true,"jetpack-related-posts":[],"_links":{"self":[{"href":"https:\/\/eltrabajo.cl\/portal\/wp-json\/wp\/v2\/posts\/92461","targetHints":{"allow":["GET"]}}],"collection":[{"href":"https:\/\/eltrabajo.cl\/portal\/wp-json\/wp\/v2\/posts"}],"about":[{"href":"https:\/\/eltrabajo.cl\/portal\/wp-json\/wp\/v2\/types\/post"}],"author":[{"embeddable":true,"href":"https:\/\/eltrabajo.cl\/portal\/wp-json\/wp\/v2\/users\/482"}],"replies":[{"embeddable":true,"href":"https:\/\/eltrabajo.cl\/portal\/wp-json\/wp\/v2\/comments?post=92461"}],"version-history":[{"count":0,"href":"https:\/\/eltrabajo.cl\/portal\/wp-json\/wp\/v2\/posts\/92461\/revisions"}],"wp:featuredmedia":[{"embeddable":true,"href":"https:\/\/eltrabajo.cl\/portal\/wp-json\/wp\/v2\/media\/92462"}],"wp:attachment":[{"href":"https:\/\/eltrabajo.cl\/portal\/wp-json\/wp\/v2\/media?parent=92461"}],"wp:term":[{"taxonomy":"category","embeddable":true,"href":"https:\/\/eltrabajo.cl\/portal\/wp-json\/wp\/v2\/categories?post=92461"},{"taxonomy":"post_tag","embeddable":true,"href":"https:\/\/eltrabajo.cl\/portal\/wp-json\/wp\/v2\/tags?post=92461"}],"curies":[{"name":"wp","href":"https:\/\/api.w.org\/{rel}","templated":true}]}}