{"id":92474,"date":"2019-06-12T05:05:25","date_gmt":"2019-06-12T09:05:25","guid":{"rendered":"http:\/\/www.eltrabajo.cl\/portal\/?p=92474"},"modified":"2019-06-11T20:51:33","modified_gmt":"2019-06-12T00:51:33","slug":"profesores-del-colegio-buen-pastor-marcharon-exigiendo-respuestas-claras-sobre-su-futuro","status":"publish","type":"post","link":"https:\/\/eltrabajo.cl\/portal\/profesores-del-colegio-buen-pastor-marcharon-exigiendo-respuestas-claras-sobre-su-futuro\/","title":{"rendered":"Profesores del Colegio Buen Pastor marcharon exigiendo respuestas claras sobre su futuro"},"content":{"rendered":"<ul>\n<li><strong>Esperan en sesenta d\u00edas tener claridad respecto a su futuro laboral y el destino que tendr\u00e1 el proyecto educacional Colegio Buen Pastor.<\/strong><\/li>\n<\/ul>\n<p>Tal como lo anunciamos en nuestra edici\u00f3n de este martes, la ma\u00f1ana de ayer profesores y alumnos del Colegio Buen Pastor marcharon por la ciudad para expresar su preocupaci\u00f3n por la incertidumbre que est\u00e1n viviendo puesto que el a\u00f1o 2020 el inmueble que ocupa el establecimiento volver\u00e1 a manos de la congregaci\u00f3n que lleva el mismo nombre.<br \/>\nLa vocera de los profesores, Natalia Riveros, dijo que el motivo de la protestas es porque no se ha hecho ninguna gesti\u00f3n con la Escuela Buen Pastor, \u00abentonces ya nos cansamos de esperar y queremos respuestas concretas hoy d\u00eda\u00bb, dijo.<br \/>\n<strong>&#8211; El otro d\u00eda el director de la DAEM, Iv\u00e1n Silva Padilla, dijo que \u00e9l estaba asegurando la continuidad por el resto del 2019 y todo el 2020, \u00bfqu\u00e9 respuestas necesitan ahora?<\/strong><br \/>\n&#8211; Lo que pasa es que nosotros estamos esperando que nos den una respuesta concreta de qu\u00e9 va a pasar con nuestra escuela, porque la escuela dura hasta el 2020 y se acaba&#8230; se termina nuestro proyecto, por lo tanto ser\u00eda el fin del colegio Buen Pastor, entonces queremos de parte del municipio una respuesta clara para saber qu\u00e9 va a pasar con nosotros, \u00bfnos van a cambiar de lugar? o qu\u00e9 posibilidad hay de construcci\u00f3n, eso queremos saber, respuestas claras.<br \/>\n<strong>&#8211; Va en la posibilidad de reubicarlos a ustedes.<\/strong><br \/>\n&#8211; Exactamente, hoy d\u00eda y por primera vez desde hace tres a\u00f1os se ven luces claras de parte del municipio de movernos a alg\u00fan lugar.<br \/>\n<strong>&#8211; \u00bfQu\u00e9 lugares por ejemplo?<\/strong><br \/>\n&#8211; Principalmente el Roberto Humeres, como te digo reci\u00e9n hoy d\u00eda aparece esa posibilidad, hasta antes de esto siempre la respuesta era negativa.<br \/>\n<strong>&#8211; Pero en su momento tambi\u00e9n se ten\u00eda pensando el Roberto Humeres.<\/strong><br \/>\n&#8211; Lo que pasa es que la posibilidad del Roberto Humeres la postul\u00f3 el Buen Pastor; son opciones que se les llev\u00f3 al municipio y el municipio de una u otra forma nos dijo que no, ya sea por una fichas t\u00e9cnicas que el Roberto Humeres no estaba preparado, pero principalmente por la falta de voluntad pol\u00edtica.<br \/>\n<strong>&#8211; \u00bfQu\u00e9 es lo que piden ahora con esta marcha, es certeza laboral?<\/strong><br \/>\n&#8211; Mira si bien es cierto es una de las aristas importantes, lo m\u00e1s importante para nosotros es el proyecto, porque nosotros nos hacemos cargo de una poblaci\u00f3n que es s\u00faper vulnerable, entonces si nuestro proyecto se acaba, nuestros ni\u00f1os se quedan sin escuela; claro, como otra arista tambi\u00e9n est\u00e1 nuestro futuro laboral porque somos 69 personas que quedamos inciertas y se reubican a los profesores titulares, hay que mover a otras gentes de otras escuelas, por lo tanto no es s\u00f3lo un problema del Buen Pastor, es un problema que ata\u00f1e a todas las escuelas de la zona.<br \/>\nAgreg\u00f3 que actualmente hay un plazo de sesenta d\u00edas, donde se tienen que reunir las partes interesadas \u00abpara que conformemos una mesa de trabajo, de di\u00e1logo, pero estable porque como digo desde el a\u00f1o pasado tambi\u00e9n se nos dijo que se iba a hacer una mesa de di\u00e1logo una vez al mes que no ha pasado nunca\u00bb, dijo Rivero.<br \/>\nAl finalizar indic\u00f3 que se entregaron dos cartas, una de ellas fue la que apareci\u00f3 en la edici\u00f3n de ayer de nuestro diario y otra donde se pide una respuesta por escrito al petitorio del Buen Pastor.<br \/>\nActualmente el Colegio Buen Pastor, ubicado en la Avenida Yungay, atiende a 292 alumnos.<\/p>\n<figure id=\"attachment_92475\" aria-describedby=\"caption-attachment-92475\" style=\"width: 580px\" class=\"wp-caption alignnone\"><img data-recalc-dims=\"1\" loading=\"lazy\" decoding=\"async\" class=\"size-full wp-image-92475\" src=\"https:\/\/i0.wp.com\/www.eltrabajo.cl\/portal\/wp-content\/uploads\/2019\/06\/Marcha-2.jpg?resize=580%2C380\" alt=\"Apoderados tambi\u00e9n se unieron a profesores, alumnos y auxiliares para manifestarse, conformando una columna importante de personas.\" width=\"580\" height=\"380\" srcset=\"https:\/\/i0.wp.com\/eltrabajo.cl\/portal\/wp-content\/uploads\/2019\/06\/Marcha-2.jpg?w=580&amp;ssl=1 580w, https:\/\/i0.wp.com\/eltrabajo.cl\/portal\/wp-content\/uploads\/2019\/06\/Marcha-2.jpg?resize=200%2C131&amp;ssl=1 200w, https:\/\/i0.wp.com\/eltrabajo.cl\/portal\/wp-content\/uploads\/2019\/06\/Marcha-2.jpg?resize=300%2C197&amp;ssl=1 300w, https:\/\/i0.wp.com\/eltrabajo.cl\/portal\/wp-content\/uploads\/2019\/06\/Marcha-2.jpg?resize=229%2C150&amp;ssl=1 229w, https:\/\/i0.wp.com\/eltrabajo.cl\/portal\/wp-content\/uploads\/2019\/06\/Marcha-2.jpg?resize=400%2C262&amp;ssl=1 400w\" sizes=\"auto, (max-width: 580px) 100vw, 580px\" \/><figcaption id=\"caption-attachment-92475\" class=\"wp-caption-text\">Apoderados tambi\u00e9n se unieron a profesores, alumnos y auxiliares para manifestarse, conformando una columna importante de personas.<\/figcaption><\/figure>\n<figure id=\"attachment_92476\" aria-describedby=\"caption-attachment-92476\" style=\"width: 580px\" class=\"wp-caption alignnone\"><img data-recalc-dims=\"1\" loading=\"lazy\" decoding=\"async\" class=\"size-full wp-image-92476\" src=\"https:\/\/i0.wp.com\/www.eltrabajo.cl\/portal\/wp-content\/uploads\/2019\/06\/Marcha.jpg?resize=580%2C380\" alt=\"La comunidad educativa del Colegio Buen Pastor sali\u00f3 a la calle a marchar por el centro de San Felipe, para expresar su preocupaci\u00f3n y exigir respuestas claras respecto al futuro del colegio.\" width=\"580\" height=\"380\" srcset=\"https:\/\/i0.wp.com\/eltrabajo.cl\/portal\/wp-content\/uploads\/2019\/06\/Marcha.jpg?w=580&amp;ssl=1 580w, https:\/\/i0.wp.com\/eltrabajo.cl\/portal\/wp-content\/uploads\/2019\/06\/Marcha.jpg?resize=200%2C131&amp;ssl=1 200w, https:\/\/i0.wp.com\/eltrabajo.cl\/portal\/wp-content\/uploads\/2019\/06\/Marcha.jpg?resize=300%2C197&amp;ssl=1 300w, https:\/\/i0.wp.com\/eltrabajo.cl\/portal\/wp-content\/uploads\/2019\/06\/Marcha.jpg?resize=229%2C150&amp;ssl=1 229w, https:\/\/i0.wp.com\/eltrabajo.cl\/portal\/wp-content\/uploads\/2019\/06\/Marcha.jpg?resize=400%2C262&amp;ssl=1 400w\" sizes=\"auto, (max-width: 580px) 100vw, 580px\" \/><figcaption id=\"caption-attachment-92476\" class=\"wp-caption-text\">La comunidad educativa del Colegio Buen Pastor sali\u00f3 a la calle a marchar por el centro de San Felipe, para expresar su preocupaci\u00f3n y exigir respuestas claras respecto al futuro del colegio.<\/figcaption><\/figure>\n","protected":false},"excerpt":{"rendered":"<p>Esperan en sesenta d\u00edas tener claridad respecto a su futuro laboral y el destino que tendr\u00e1 el proyecto educacional Colegio Buen Pastor. Tal como lo anunciamos en nuestra edici\u00f3n de este martes,&#8230;<\/p>\n","protected":false},"author":482,"featured_media":92475,"comment_status":"open","ping_status":"open","sticky":false,"template":"","format":"standard","meta":{"advanced_seo_description":"","jetpack_seo_html_title":"","jetpack_seo_noindex":false,"_jetpack_memberships_contains_paid_content":false,"footnotes":""},"categories":[1],"tags":[],"class_list":["post-92474","post","type-post","status-publish","format-standard","has-post-thumbnail","hentry","category-cronica"],"jetpack_featured_media_url":"https:\/\/i0.wp.com\/eltrabajo.cl\/portal\/wp-content\/uploads\/2019\/06\/Marcha-2.jpg?fit=580%2C380&ssl=1","jetpack_sharing_enabled":true,"jetpack_likes_enabled":true,"jetpack-related-posts":[],"_links":{"self":[{"href":"https:\/\/eltrabajo.cl\/portal\/wp-json\/wp\/v2\/posts\/92474","targetHints":{"allow":["GET"]}}],"collection":[{"href":"https:\/\/eltrabajo.cl\/portal\/wp-json\/wp\/v2\/posts"}],"about":[{"href":"https:\/\/eltrabajo.cl\/portal\/wp-json\/wp\/v2\/types\/post"}],"author":[{"embeddable":true,"href":"https:\/\/eltrabajo.cl\/portal\/wp-json\/wp\/v2\/users\/482"}],"replies":[{"embeddable":true,"href":"https:\/\/eltrabajo.cl\/portal\/wp-json\/wp\/v2\/comments?post=92474"}],"version-history":[{"count":0,"href":"https:\/\/eltrabajo.cl\/portal\/wp-json\/wp\/v2\/posts\/92474\/revisions"}],"wp:featuredmedia":[{"embeddable":true,"href":"https:\/\/eltrabajo.cl\/portal\/wp-json\/wp\/v2\/media\/92475"}],"wp:attachment":[{"href":"https:\/\/eltrabajo.cl\/portal\/wp-json\/wp\/v2\/media?parent=92474"}],"wp:term":[{"taxonomy":"category","embeddable":true,"href":"https:\/\/eltrabajo.cl\/portal\/wp-json\/wp\/v2\/categories?post=92474"},{"taxonomy":"post_tag","embeddable":true,"href":"https:\/\/eltrabajo.cl\/portal\/wp-json\/wp\/v2\/tags?post=92474"}],"curies":[{"name":"wp","href":"https:\/\/api.w.org\/{rel}","templated":true}]}}