{"id":92499,"date":"2019-06-13T05:02:27","date_gmt":"2019-06-13T09:02:27","guid":{"rendered":"http:\/\/www.eltrabajo.cl\/portal\/?p=92499"},"modified":"2019-06-12T20:47:58","modified_gmt":"2019-06-13T00:47:58","slug":"municipio-firmo-convenio-para-crear-universidad-abierta-en-la-comuna","status":"publish","type":"post","link":"https:\/\/eltrabajo.cl\/portal\/municipio-firmo-convenio-para-crear-universidad-abierta-en-la-comuna\/","title":{"rendered":"Municipio firm\u00f3 convenio para crear \u2018Universidad Abierta\u2019 en la comuna"},"content":{"rendered":"<ul>\n<li><strong>El acuerdo con la Universidad de Valpara\u00edso es una iniciativa impulsada por la administraci\u00f3n del alcalde Freire y beneficiar\u00e1 a 200 vecinos, destacaron desde el municipio.<\/strong><\/li>\n<\/ul>\n<p>El alcalde Patricio Freire y el rector de la Universidad de Valpara\u00edso, Aldo Valle, firmaron el convenio que permite la ejecuci\u00f3n del proyecto \u2018Universidad Abierta\u2019, la que beneficiar\u00e1 a un total de 200 vecinos y vecinas de la comuna.<br \/>\nLa iniciativa forma parte de una alianza entre la OTEC Municipal, la Oficina de Protecci\u00f3n de los Derechos de la Infancia (OPD) y la unidad de Vinculaci\u00f3n con el Medio del campus San Felipe de la UV.<br \/>\nLa ceremonia cont\u00f3, adem\u00e1s, con la presencia del alcalde de la comuna de Recoleta, Daniel Jadue, quien destac\u00f3 el compromiso que tiene el municipio de San Felipe para abrir espacios que permiten ampliar el conocimiento de forma gratuita.<br \/>\nLa Universidad Abierta impartir\u00e1 un total de 10 cursos: gesti\u00f3n administrativa y contable, fomentando el emprendimiento, c\u00f3mo iniciar y hacer crecer mi negocio, primeros auxilios, salud y autocuidado, la medicina por medio de las plantas medicinales, ciudadan\u00eda para el siglo XXI, gesti\u00f3n social del deporte y alfabetizaci\u00f3n digital para adultos mayores y educaci\u00f3n inclusiva: an\u00e1lisis hist\u00f3rico y estado actual, desde el enfoque de derechos de personas en situaci\u00f3n de discapacidad.<br \/>\nLa Municipalidad de San Felipe aporta con la infraestructura para desarrollar las clases, colabora en la difusi\u00f3n de los cursos y en el proceso de inscripci\u00f3n de los estudiantes.<br \/>\nEn esta primera etapa, las clases se dictan en el sal\u00f3n subterr\u00e1neo del municipio y en el Liceo Bicentenario Cordillera.<br \/>\nLos profesores son voluntarios, algunos funcionarios de la Universidad de Valpara\u00edso y otros profesionales de San Felipe como del valle de Aconcagua que decidieron colaborar con esta iniciativa.<br \/>\nDurante los meses de junio y julio, cerca de 200 alumnos y alumnas participar\u00e1n de los diferentes cursos. En el mes de agosto, en el marco del programa de aniversario, se realizar\u00e1 la ceremonia de certificaci\u00f3n de la primera generaci\u00f3n de egresados de la Universidad Abierta.<br \/>\nEl alcalde Patricio Freire record\u00f3 que la filosof\u00eda de la Universidad Abierta es desarrollar una propuesta que ofrezca educaci\u00f3n de calidad, a trav\u00e9s de la ejecuci\u00f3n de distintos cursos que sean \u00fatiles para la comunidad: \u00abEste programa reafirma que la educaci\u00f3n es un derecho de toda persona, quienes tienen la necesidad de desarrollar al m\u00e1ximo sus capacidades personales, en un proceso de aprendizaje permanente que dura toda la vida, adem\u00e1s, esta iniciativa valora el concepto que toda persona tiene la necesidad de seguir aprendiendo\u00bb, sostuvo.<br \/>\nAldo Valle, rector de la UV, comparti\u00f3 lo planteado por la autoridad comunal: \u00abEsto se inspira en dotar a las personas de las herramientas que le permiten la comprensi\u00f3n del entorno, pero tambi\u00e9n de elementos que les ayuden a mejorar su desempe\u00f1o laboral y profesional\u00bb.<\/p>\n<figure id=\"attachment_92500\" aria-describedby=\"caption-attachment-92500\" style=\"width: 580px\" class=\"wp-caption alignnone\"><img data-recalc-dims=\"1\" loading=\"lazy\" decoding=\"async\" class=\"size-full wp-image-92500\" src=\"https:\/\/i0.wp.com\/www.eltrabajo.cl\/portal\/wp-content\/uploads\/2019\/06\/firma-convenio-2.jpg?resize=580%2C379\" alt=\"La ma\u00f1ana de ayer el alcalde Patricio Freire y el rector de la Universidad de Valpara\u00edso, Aldo Valle, firmaron el convenio que permite la ejecuci\u00f3n del proyecto \u2018Universidad Abierta\u2019.\" width=\"580\" height=\"379\" srcset=\"https:\/\/i0.wp.com\/eltrabajo.cl\/portal\/wp-content\/uploads\/2019\/06\/firma-convenio-2.jpg?w=580&amp;ssl=1 580w, https:\/\/i0.wp.com\/eltrabajo.cl\/portal\/wp-content\/uploads\/2019\/06\/firma-convenio-2.jpg?resize=200%2C131&amp;ssl=1 200w, https:\/\/i0.wp.com\/eltrabajo.cl\/portal\/wp-content\/uploads\/2019\/06\/firma-convenio-2.jpg?resize=300%2C196&amp;ssl=1 300w, https:\/\/i0.wp.com\/eltrabajo.cl\/portal\/wp-content\/uploads\/2019\/06\/firma-convenio-2.jpg?resize=230%2C150&amp;ssl=1 230w, https:\/\/i0.wp.com\/eltrabajo.cl\/portal\/wp-content\/uploads\/2019\/06\/firma-convenio-2.jpg?resize=400%2C261&amp;ssl=1 400w\" sizes=\"auto, (max-width: 580px) 100vw, 580px\" \/><figcaption id=\"caption-attachment-92500\" class=\"wp-caption-text\">La ma\u00f1ana de ayer el alcalde Patricio Freire y el rector de la Universidad de Valpara\u00edso, Aldo Valle, firmaron el convenio que permite la ejecuci\u00f3n del proyecto \u2018Universidad Abierta\u2019.<\/figcaption><\/figure>\n","protected":false},"excerpt":{"rendered":"<p>El acuerdo con la Universidad de Valpara\u00edso es una iniciativa impulsada por la administraci\u00f3n del alcalde Freire y beneficiar\u00e1 a 200 vecinos, destacaron desde el municipio. El alcalde Patricio Freire y el&#8230;<\/p>\n","protected":false},"author":482,"featured_media":92500,"comment_status":"open","ping_status":"open","sticky":false,"template":"","format":"standard","meta":{"advanced_seo_description":"","jetpack_seo_html_title":"","jetpack_seo_noindex":false,"_jetpack_memberships_contains_paid_content":false,"footnotes":""},"categories":[1],"tags":[],"class_list":["post-92499","post","type-post","status-publish","format-standard","has-post-thumbnail","hentry","category-cronica"],"jetpack_featured_media_url":"https:\/\/i0.wp.com\/eltrabajo.cl\/portal\/wp-content\/uploads\/2019\/06\/firma-convenio-2.jpg?fit=580%2C379&ssl=1","jetpack_sharing_enabled":true,"jetpack_likes_enabled":true,"jetpack-related-posts":[],"_links":{"self":[{"href":"https:\/\/eltrabajo.cl\/portal\/wp-json\/wp\/v2\/posts\/92499","targetHints":{"allow":["GET"]}}],"collection":[{"href":"https:\/\/eltrabajo.cl\/portal\/wp-json\/wp\/v2\/posts"}],"about":[{"href":"https:\/\/eltrabajo.cl\/portal\/wp-json\/wp\/v2\/types\/post"}],"author":[{"embeddable":true,"href":"https:\/\/eltrabajo.cl\/portal\/wp-json\/wp\/v2\/users\/482"}],"replies":[{"embeddable":true,"href":"https:\/\/eltrabajo.cl\/portal\/wp-json\/wp\/v2\/comments?post=92499"}],"version-history":[{"count":0,"href":"https:\/\/eltrabajo.cl\/portal\/wp-json\/wp\/v2\/posts\/92499\/revisions"}],"wp:featuredmedia":[{"embeddable":true,"href":"https:\/\/eltrabajo.cl\/portal\/wp-json\/wp\/v2\/media\/92500"}],"wp:attachment":[{"href":"https:\/\/eltrabajo.cl\/portal\/wp-json\/wp\/v2\/media?parent=92499"}],"wp:term":[{"taxonomy":"category","embeddable":true,"href":"https:\/\/eltrabajo.cl\/portal\/wp-json\/wp\/v2\/categories?post=92499"},{"taxonomy":"post_tag","embeddable":true,"href":"https:\/\/eltrabajo.cl\/portal\/wp-json\/wp\/v2\/tags?post=92499"}],"curies":[{"name":"wp","href":"https:\/\/api.w.org\/{rel}","templated":true}]}}