{"id":92506,"date":"2019-06-13T05:04:42","date_gmt":"2019-06-13T09:04:42","guid":{"rendered":"http:\/\/www.eltrabajo.cl\/portal\/?p=92506"},"modified":"2019-06-12T20:51:21","modified_gmt":"2019-06-13T00:51:21","slug":"se-abre-posibilidad-que-el-buen-pastor-opere-en-liceo-roberto-humeres","status":"publish","type":"post","link":"https:\/\/eltrabajo.cl\/portal\/se-abre-posibilidad-que-el-buen-pastor-opere-en-liceo-roberto-humeres\/","title":{"rendered":"Se abre posibilidad que el Buen Pastor opere en Liceo Roberto Humeres"},"content":{"rendered":"<p><span style=\"color: #ff0000;\"><strong>A partir del pr\u00f3ximo a\u00f1o:<\/strong><\/span><\/p>\n<p>El presidente provincial del Colegio de Profesores San Felipe, Juan Iturrieta, dijo que los docentes est\u00e1n esperanzados en que salga humo blanco de las conversaciones con el Ministerio de Educaci\u00f3n para poder volver a clases. Pero tambi\u00e9n inform\u00f3 que luego de dos horas de reuni\u00f3n con el alcalde de San Felipe Patricio Freire Canto y un representante de la DAEM, se comienza a ver la luz al final del t\u00fanel para la incertidumbre del proyecto educacional Colegio Buen Pastor.<br \/>\nEl dirigente dijo que est\u00e1 muy cercano que para el pr\u00f3ximo a\u00f1o comiencen a funcionar en una parte del Liceo de Hombres Doctor Roberto Humeres Oyaneder: \u00abSobre lo comunal hoy d\u00eda (ayer) en la ma\u00f1ana tuvimos una reuni\u00f3n con el se\u00f1or alcalde y el personero del DAEM don Manuel Carvajal, sobre el petitorio que nosotros como Comunal San Felipe le presentamos a nuestro alcalde, quien tuvo muy buena acogida hacia nuestras peticiones, de hecho se convers\u00f3 durante dos horas, una larga entrevista, le damos las gracias por su tiempo, viendo todas nuestras situaciones que a los profesores nos tienen aproblemados ac\u00e1 en San Felipe; lo primero darle una buena noticia ya la soluci\u00f3n est\u00e1 cerca para la escuela Buen Pastor. La escuela Buen Pastor en un comienzo se hab\u00eda dicho que se cerraba ya sin ninguna otra situaci\u00f3n, pero ahora ya han habido luces y de que posiblemente ya nuestra situaci\u00f3n como escuela a partir e incluso del pr\u00f3ximo a\u00f1o a lo mejor estar\u00edamos en una parte del Liceo de Hombres. Esa situaci\u00f3n se logr\u00f3 ayer (martes) con el apoyo de todos los colegas que est\u00e1bamos ac\u00e1 paralizados, cerca de un n\u00famero de trescientas personas m\u00e1s los profesores y apoderados, alumnos de mi querido Buen Pastor, se logr\u00f3 que se conversara y ya haya un acercamiento para ver dependencias, situaciones que se tienen que manejar\u00bb, se\u00f1al\u00f3.<br \/>\nLa escuela Buen Pastor atiende a un n\u00famero de 292 alumnos.<\/p>\n<figure id=\"attachment_92507\" aria-describedby=\"caption-attachment-92507\" style=\"width: 580px\" class=\"wp-caption alignnone\"><img data-recalc-dims=\"1\" loading=\"lazy\" decoding=\"async\" class=\"size-full wp-image-92507\" src=\"https:\/\/i0.wp.com\/www.eltrabajo.cl\/portal\/wp-content\/uploads\/2019\/06\/Marcha-1.jpg?resize=580%2C379\" alt=\"Esta marcha realizada el d\u00eda martes al parecer est\u00e1 surtiendo efecto.\" width=\"580\" height=\"379\" srcset=\"https:\/\/i0.wp.com\/eltrabajo.cl\/portal\/wp-content\/uploads\/2019\/06\/Marcha-1.jpg?w=580&amp;ssl=1 580w, https:\/\/i0.wp.com\/eltrabajo.cl\/portal\/wp-content\/uploads\/2019\/06\/Marcha-1.jpg?resize=200%2C131&amp;ssl=1 200w, https:\/\/i0.wp.com\/eltrabajo.cl\/portal\/wp-content\/uploads\/2019\/06\/Marcha-1.jpg?resize=300%2C196&amp;ssl=1 300w, https:\/\/i0.wp.com\/eltrabajo.cl\/portal\/wp-content\/uploads\/2019\/06\/Marcha-1.jpg?resize=230%2C150&amp;ssl=1 230w, https:\/\/i0.wp.com\/eltrabajo.cl\/portal\/wp-content\/uploads\/2019\/06\/Marcha-1.jpg?resize=400%2C261&amp;ssl=1 400w\" sizes=\"auto, (max-width: 580px) 100vw, 580px\" \/><figcaption id=\"caption-attachment-92507\" class=\"wp-caption-text\">Esta marcha realizada el d\u00eda martes al parecer est\u00e1 surtiendo efecto.<\/figcaption><\/figure>\n","protected":false},"excerpt":{"rendered":"<p>A partir del pr\u00f3ximo a\u00f1o: El presidente provincial del Colegio de Profesores San Felipe, Juan Iturrieta, dijo que los docentes est\u00e1n esperanzados en que salga humo blanco de las conversaciones con el&#8230;<\/p>\n","protected":false},"author":482,"featured_media":92507,"comment_status":"open","ping_status":"open","sticky":false,"template":"","format":"standard","meta":{"advanced_seo_description":"","jetpack_seo_html_title":"","jetpack_seo_noindex":false,"_jetpack_memberships_contains_paid_content":false,"footnotes":""},"categories":[1],"tags":[],"class_list":["post-92506","post","type-post","status-publish","format-standard","has-post-thumbnail","hentry","category-cronica"],"jetpack_featured_media_url":"https:\/\/i0.wp.com\/eltrabajo.cl\/portal\/wp-content\/uploads\/2019\/06\/Marcha-1.jpg?fit=580%2C379&ssl=1","jetpack_sharing_enabled":true,"jetpack_likes_enabled":true,"jetpack-related-posts":[],"_links":{"self":[{"href":"https:\/\/eltrabajo.cl\/portal\/wp-json\/wp\/v2\/posts\/92506","targetHints":{"allow":["GET"]}}],"collection":[{"href":"https:\/\/eltrabajo.cl\/portal\/wp-json\/wp\/v2\/posts"}],"about":[{"href":"https:\/\/eltrabajo.cl\/portal\/wp-json\/wp\/v2\/types\/post"}],"author":[{"embeddable":true,"href":"https:\/\/eltrabajo.cl\/portal\/wp-json\/wp\/v2\/users\/482"}],"replies":[{"embeddable":true,"href":"https:\/\/eltrabajo.cl\/portal\/wp-json\/wp\/v2\/comments?post=92506"}],"version-history":[{"count":0,"href":"https:\/\/eltrabajo.cl\/portal\/wp-json\/wp\/v2\/posts\/92506\/revisions"}],"wp:featuredmedia":[{"embeddable":true,"href":"https:\/\/eltrabajo.cl\/portal\/wp-json\/wp\/v2\/media\/92507"}],"wp:attachment":[{"href":"https:\/\/eltrabajo.cl\/portal\/wp-json\/wp\/v2\/media?parent=92506"}],"wp:term":[{"taxonomy":"category","embeddable":true,"href":"https:\/\/eltrabajo.cl\/portal\/wp-json\/wp\/v2\/categories?post=92506"},{"taxonomy":"post_tag","embeddable":true,"href":"https:\/\/eltrabajo.cl\/portal\/wp-json\/wp\/v2\/tags?post=92506"}],"curies":[{"name":"wp","href":"https:\/\/api.w.org\/{rel}","templated":true}]}}