{"id":92531,"date":"2019-06-14T05:03:12","date_gmt":"2019-06-14T09:03:12","guid":{"rendered":"http:\/\/www.eltrabajo.cl\/portal\/?p=92531"},"modified":"2019-06-13T20:51:16","modified_gmt":"2019-06-14T00:51:16","slug":"joven-sanfelipeno-clasifica-al-panamericano-de-judo","status":"publish","type":"post","link":"https:\/\/eltrabajo.cl\/portal\/joven-sanfelipeno-clasifica-al-panamericano-de-judo\/","title":{"rendered":"Joven sanfelipe\u00f1o clasifica al Panamericano de Judo"},"content":{"rendered":"<p>En el clasificatorio realizado el fin de semana pasado en la comuna de El Tabo, el alumno perteneciente al Colegio Assuntta Pallotta, Jean Pierre Ferrer Allendes, consigui\u00f3 su clasificaci\u00f3n a los Juegos Panamericanos de Judo de Cali, en Colombia.<br \/>\nEl joven sanfelipe\u00f1o salido del taller de Judo el establecimiento educacional ubicado en la localidad de Curim\u00f3n, obtuvo su cupo en la categoria de 90 kilos, y en tierras colombianas buscar\u00e1 estar dentro de los mejores entre los competidores de 18 a 21 a\u00f1os de edad.<br \/>\nJean Pierre es dirigido por el entrenador Jorge Leiva, y dos t\u00e9cnicos m\u00e1s, todos cintur\u00f3n negro en esta ruda disciplina deportiva, quienes buscar\u00e1n prepararlo para meterlo dentro de los mejores de la cita continental en Colombia.<\/p>\n<figure id=\"attachment_92532\" aria-describedby=\"caption-attachment-92532\" style=\"width: 580px\" class=\"wp-caption alignnone\"><img data-recalc-dims=\"1\" loading=\"lazy\" decoding=\"async\" class=\"size-full wp-image-92532\" src=\"https:\/\/i0.wp.com\/www.eltrabajo.cl\/portal\/wp-content\/uploads\/2019\/06\/jean-pierre-y-tecnico.jpg?resize=580%2C379\" alt=\"La joven promesa del Judo aconcag\u00fcino junto a su t\u00e9cnico Jorge Leiva.\" width=\"580\" height=\"379\" srcset=\"https:\/\/i0.wp.com\/eltrabajo.cl\/portal\/wp-content\/uploads\/2019\/06\/jean-pierre-y-tecnico.jpg?w=580&amp;ssl=1 580w, https:\/\/i0.wp.com\/eltrabajo.cl\/portal\/wp-content\/uploads\/2019\/06\/jean-pierre-y-tecnico.jpg?resize=200%2C131&amp;ssl=1 200w, https:\/\/i0.wp.com\/eltrabajo.cl\/portal\/wp-content\/uploads\/2019\/06\/jean-pierre-y-tecnico.jpg?resize=300%2C196&amp;ssl=1 300w, https:\/\/i0.wp.com\/eltrabajo.cl\/portal\/wp-content\/uploads\/2019\/06\/jean-pierre-y-tecnico.jpg?resize=230%2C150&amp;ssl=1 230w, https:\/\/i0.wp.com\/eltrabajo.cl\/portal\/wp-content\/uploads\/2019\/06\/jean-pierre-y-tecnico.jpg?resize=400%2C261&amp;ssl=1 400w\" sizes=\"auto, (max-width: 580px) 100vw, 580px\" \/><figcaption id=\"caption-attachment-92532\" class=\"wp-caption-text\">La joven promesa del Judo aconcag\u00fcino junto a su t\u00e9cnico Jorge Leiva.<\/figcaption><\/figure>\n","protected":false},"excerpt":{"rendered":"<p>En el clasificatorio realizado el fin de semana pasado en la comuna de El Tabo, el alumno perteneciente al Colegio Assuntta Pallotta, Jean Pierre Ferrer Allendes, consigui\u00f3 su clasificaci\u00f3n a los Juegos&#8230;<\/p>\n","protected":false},"author":482,"featured_media":92532,"comment_status":"open","ping_status":"open","sticky":false,"template":"","format":"standard","meta":{"advanced_seo_description":"","jetpack_seo_html_title":"","jetpack_seo_noindex":false,"_jetpack_memberships_contains_paid_content":false,"footnotes":""},"categories":[19],"tags":[],"class_list":["post-92531","post","type-post","status-publish","format-standard","has-post-thumbnail","hentry","category-deportes"],"jetpack_featured_media_url":"https:\/\/i0.wp.com\/eltrabajo.cl\/portal\/wp-content\/uploads\/2019\/06\/jean-pierre-y-tecnico.jpg?fit=580%2C379&ssl=1","jetpack_sharing_enabled":true,"jetpack_likes_enabled":true,"jetpack-related-posts":[],"_links":{"self":[{"href":"https:\/\/eltrabajo.cl\/portal\/wp-json\/wp\/v2\/posts\/92531","targetHints":{"allow":["GET"]}}],"collection":[{"href":"https:\/\/eltrabajo.cl\/portal\/wp-json\/wp\/v2\/posts"}],"about":[{"href":"https:\/\/eltrabajo.cl\/portal\/wp-json\/wp\/v2\/types\/post"}],"author":[{"embeddable":true,"href":"https:\/\/eltrabajo.cl\/portal\/wp-json\/wp\/v2\/users\/482"}],"replies":[{"embeddable":true,"href":"https:\/\/eltrabajo.cl\/portal\/wp-json\/wp\/v2\/comments?post=92531"}],"version-history":[{"count":0,"href":"https:\/\/eltrabajo.cl\/portal\/wp-json\/wp\/v2\/posts\/92531\/revisions"}],"wp:featuredmedia":[{"embeddable":true,"href":"https:\/\/eltrabajo.cl\/portal\/wp-json\/wp\/v2\/media\/92532"}],"wp:attachment":[{"href":"https:\/\/eltrabajo.cl\/portal\/wp-json\/wp\/v2\/media?parent=92531"}],"wp:term":[{"taxonomy":"category","embeddable":true,"href":"https:\/\/eltrabajo.cl\/portal\/wp-json\/wp\/v2\/categories?post=92531"},{"taxonomy":"post_tag","embeddable":true,"href":"https:\/\/eltrabajo.cl\/portal\/wp-json\/wp\/v2\/tags?post=92531"}],"curies":[{"name":"wp","href":"https:\/\/api.w.org\/{rel}","templated":true}]}}