{"id":92543,"date":"2019-06-17T05:00:31","date_gmt":"2019-06-17T09:00:31","guid":{"rendered":"http:\/\/www.eltrabajo.cl\/portal\/?p=92543"},"modified":"2019-06-16T20:45:16","modified_gmt":"2019-06-17T00:45:16","slug":"angel-vildozo-anuncio-su-retiro-del-futbol-profesional","status":"publish","type":"post","link":"https:\/\/eltrabajo.cl\/portal\/angel-vildozo-anuncio-su-retiro-del-futbol-profesional\/","title":{"rendered":"\u00c1ngel Vildozo anunci\u00f3 su retiro del f\u00fatbol profesional"},"content":{"rendered":"<p><span style=\"color: #ff0000;\"><strong>La \u00faltima vez que el goleador vestir\u00e1 de corto ser\u00e1 en la revancha contra Audax Italiano.<\/strong> <\/span><\/p>\n<p>Casi inmediatamente terminada la serie clasificatoria contra Coquimbo Unido, el delantero trasandino, Luis \u00c1ngel Vildozo, public\u00f3 en sus redes sociales que el juego contra los piratas hab\u00eda sido su \u00faltima experiencia como futbolista activo.<br \/>\nLa noticia del retiro del goleador y referente albirrojo, caus\u00f3 impacto entre la hinchada unionista a ra\u00edz que \u2018El \u00c1ngel del gol\u2019 es considerado uno de los jugadores m\u00e1s importantes en la historia del club sanfelipe\u00f1o, al haber sido un pilar y figura consular en la obtenci\u00f3n del t\u00edtulo de Primera B el 2009 y la Copa Chile en ese mismo a\u00f1o.<br \/>\nAunque Vildozo hab\u00eda publicado que en Coquimbo hab\u00eda pasado a ser un exfutbolista, con el correr de las horas las cosas fueron cambiando y por medio de su sitio oficial en la Web, Uni\u00f3n San Felipe inform\u00f3 que la despedida oficial del referente ser\u00e1 en el Estadio Municipal, en el marco de la Copa Chile, en la revancha frente a Audax Italiano, el 22 o 23 de julio pr\u00f3ximos.<\/p>\n<figure id=\"attachment_92544\" aria-describedby=\"caption-attachment-92544\" style=\"width: 580px\" class=\"wp-caption alignnone\"><img data-recalc-dims=\"1\" loading=\"lazy\" decoding=\"async\" class=\"size-full wp-image-92544\" src=\"https:\/\/i0.wp.com\/www.eltrabajo.cl\/portal\/wp-content\/uploads\/2019\/06\/angel-vildozo.jpg?resize=580%2C379\" alt=\"\u00c1ngel Vildozo jugar\u00e1 su \u00faltimo partido como profesional en la revancha frente a Audax Italiano por la Copa Chile. \" width=\"580\" height=\"379\" srcset=\"https:\/\/i0.wp.com\/eltrabajo.cl\/portal\/wp-content\/uploads\/2019\/06\/angel-vildozo.jpg?w=580&amp;ssl=1 580w, https:\/\/i0.wp.com\/eltrabajo.cl\/portal\/wp-content\/uploads\/2019\/06\/angel-vildozo.jpg?resize=200%2C131&amp;ssl=1 200w, https:\/\/i0.wp.com\/eltrabajo.cl\/portal\/wp-content\/uploads\/2019\/06\/angel-vildozo.jpg?resize=300%2C196&amp;ssl=1 300w, https:\/\/i0.wp.com\/eltrabajo.cl\/portal\/wp-content\/uploads\/2019\/06\/angel-vildozo.jpg?resize=230%2C150&amp;ssl=1 230w, https:\/\/i0.wp.com\/eltrabajo.cl\/portal\/wp-content\/uploads\/2019\/06\/angel-vildozo.jpg?resize=400%2C261&amp;ssl=1 400w\" sizes=\"auto, (max-width: 580px) 100vw, 580px\" \/><figcaption id=\"caption-attachment-92544\" class=\"wp-caption-text\">\u00c1ngel Vildozo jugar\u00e1 su \u00faltimo partido como profesional en la revancha frente a Audax Italiano por la Copa Chile.<\/figcaption><\/figure>\n","protected":false},"excerpt":{"rendered":"<p>La \u00faltima vez que el goleador vestir\u00e1 de corto ser\u00e1 en la revancha contra Audax Italiano. Casi inmediatamente terminada la serie clasificatoria contra Coquimbo Unido, el delantero trasandino, Luis \u00c1ngel Vildozo, public\u00f3&#8230;<\/p>\n","protected":false},"author":482,"featured_media":92544,"comment_status":"open","ping_status":"open","sticky":false,"template":"","format":"standard","meta":{"advanced_seo_description":"","jetpack_seo_html_title":"","jetpack_seo_noindex":false,"_jetpack_memberships_contains_paid_content":false,"footnotes":""},"categories":[19],"tags":[],"class_list":["post-92543","post","type-post","status-publish","format-standard","has-post-thumbnail","hentry","category-deportes"],"jetpack_featured_media_url":"https:\/\/i0.wp.com\/eltrabajo.cl\/portal\/wp-content\/uploads\/2019\/06\/angel-vildozo.jpg?fit=580%2C379&ssl=1","jetpack_sharing_enabled":true,"jetpack_likes_enabled":true,"jetpack-related-posts":[],"_links":{"self":[{"href":"https:\/\/eltrabajo.cl\/portal\/wp-json\/wp\/v2\/posts\/92543","targetHints":{"allow":["GET"]}}],"collection":[{"href":"https:\/\/eltrabajo.cl\/portal\/wp-json\/wp\/v2\/posts"}],"about":[{"href":"https:\/\/eltrabajo.cl\/portal\/wp-json\/wp\/v2\/types\/post"}],"author":[{"embeddable":true,"href":"https:\/\/eltrabajo.cl\/portal\/wp-json\/wp\/v2\/users\/482"}],"replies":[{"embeddable":true,"href":"https:\/\/eltrabajo.cl\/portal\/wp-json\/wp\/v2\/comments?post=92543"}],"version-history":[{"count":0,"href":"https:\/\/eltrabajo.cl\/portal\/wp-json\/wp\/v2\/posts\/92543\/revisions"}],"wp:featuredmedia":[{"embeddable":true,"href":"https:\/\/eltrabajo.cl\/portal\/wp-json\/wp\/v2\/media\/92544"}],"wp:attachment":[{"href":"https:\/\/eltrabajo.cl\/portal\/wp-json\/wp\/v2\/media?parent=92543"}],"wp:term":[{"taxonomy":"category","embeddable":true,"href":"https:\/\/eltrabajo.cl\/portal\/wp-json\/wp\/v2\/categories?post=92543"},{"taxonomy":"post_tag","embeddable":true,"href":"https:\/\/eltrabajo.cl\/portal\/wp-json\/wp\/v2\/tags?post=92543"}],"curies":[{"name":"wp","href":"https:\/\/api.w.org\/{rel}","templated":true}]}}