{"id":92625,"date":"2019-06-20T05:02:57","date_gmt":"2019-06-20T09:02:57","guid":{"rendered":"http:\/\/www.eltrabajo.cl\/portal\/?p=92625"},"modified":"2019-06-19T20:43:54","modified_gmt":"2019-06-20T00:43:54","slug":"los-mas-selecto-del-ciclismo-extremo-de-chile-estara-en-el-xcm-en-jahuel","status":"publish","type":"post","link":"https:\/\/eltrabajo.cl\/portal\/los-mas-selecto-del-ciclismo-extremo-de-chile-estara-en-el-xcm-en-jahuel\/","title":{"rendered":"Los m\u00e1s selecto del ciclismo extremo de Chile estar\u00e1 en el XCM en Jahuel"},"content":{"rendered":"<p>Ya est\u00e1 todo listo y dispuesto para la segunda versi\u00f3n del XCM que este domingo 23 tendr\u00e1 lugar en la comuna de Santa Mar\u00eda.<br \/>\nLa prueba de ciclismo extremo que pasar\u00e1 por el valle de Jahuel, es prometedora debido a lo atractivo del circuito y la inmensa calidad que tendr\u00e1n los competidores, entre los que se cuentan hombres y nombres top del medio nacional, como por ejemplo los son: Israel S\u00e1nchez y Gonzalo Miranda. \u00abSer\u00e1 un evento de indudable jerarqu\u00eda, como pocos que se hayan visto en el valle de Aconcagua; contar con los mejores del pa\u00eds ser\u00e1 un lujo que esperamos la gente sepa valorar y disfrutar\u00bb, cont\u00f3 Felipe L\u00f3pez, uno de los organizadores del evento cicl\u00edstico, a Diario El Trabajo.<br \/>\nHasta el cierre de la presente edici\u00f3n de El Trabajo Deportivo, hab\u00eda 180 inscritos en todas las categor\u00edas, cifra que se incrementar\u00e1 a ra\u00edz que d\u00eda a d\u00eda son m\u00e1s los interesados en ser parte de esta fiesta deportiva que en total espera reunir a m\u00e1s de 300 competidores.<\/p>\n<figure id=\"attachment_92626\" aria-describedby=\"caption-attachment-92626\" style=\"width: 580px\" class=\"wp-caption alignnone\"><img data-recalc-dims=\"1\" loading=\"lazy\" decoding=\"async\" class=\"size-full wp-image-92626\" src=\"https:\/\/i0.wp.com\/www.eltrabajo.cl\/portal\/wp-content\/uploads\/2019\/06\/XCM.jpg?resize=580%2C379\" alt=\"Los mejores exponentes del ciclismo extremo de Chile dir\u00e1n presente en la segunda versi\u00f3n del XCM en Santa Mar\u00eda.\" width=\"580\" height=\"379\" srcset=\"https:\/\/i0.wp.com\/eltrabajo.cl\/portal\/wp-content\/uploads\/2019\/06\/XCM.jpg?w=580&amp;ssl=1 580w, https:\/\/i0.wp.com\/eltrabajo.cl\/portal\/wp-content\/uploads\/2019\/06\/XCM.jpg?resize=200%2C131&amp;ssl=1 200w, https:\/\/i0.wp.com\/eltrabajo.cl\/portal\/wp-content\/uploads\/2019\/06\/XCM.jpg?resize=300%2C196&amp;ssl=1 300w, https:\/\/i0.wp.com\/eltrabajo.cl\/portal\/wp-content\/uploads\/2019\/06\/XCM.jpg?resize=230%2C150&amp;ssl=1 230w, https:\/\/i0.wp.com\/eltrabajo.cl\/portal\/wp-content\/uploads\/2019\/06\/XCM.jpg?resize=400%2C261&amp;ssl=1 400w\" sizes=\"auto, (max-width: 580px) 100vw, 580px\" \/><figcaption id=\"caption-attachment-92626\" class=\"wp-caption-text\">Los mejores exponentes del ciclismo extremo de Chile dir\u00e1n presente en la segunda versi\u00f3n del XCM en Santa Mar\u00eda.<\/figcaption><\/figure>\n","protected":false},"excerpt":{"rendered":"<p>Ya est\u00e1 todo listo y dispuesto para la segunda versi\u00f3n del XCM que este domingo 23 tendr\u00e1 lugar en la comuna de Santa Mar\u00eda. La prueba de ciclismo extremo que pasar\u00e1 por&#8230;<\/p>\n","protected":false},"author":482,"featured_media":92626,"comment_status":"open","ping_status":"open","sticky":false,"template":"","format":"standard","meta":{"advanced_seo_description":"","jetpack_seo_html_title":"","jetpack_seo_noindex":false,"_jetpack_memberships_contains_paid_content":false,"footnotes":""},"categories":[19],"tags":[],"class_list":["post-92625","post","type-post","status-publish","format-standard","has-post-thumbnail","hentry","category-deportes"],"jetpack_featured_media_url":"https:\/\/i0.wp.com\/eltrabajo.cl\/portal\/wp-content\/uploads\/2019\/06\/XCM.jpg?fit=580%2C379&ssl=1","jetpack_sharing_enabled":true,"jetpack_likes_enabled":true,"jetpack-related-posts":[],"_links":{"self":[{"href":"https:\/\/eltrabajo.cl\/portal\/wp-json\/wp\/v2\/posts\/92625","targetHints":{"allow":["GET"]}}],"collection":[{"href":"https:\/\/eltrabajo.cl\/portal\/wp-json\/wp\/v2\/posts"}],"about":[{"href":"https:\/\/eltrabajo.cl\/portal\/wp-json\/wp\/v2\/types\/post"}],"author":[{"embeddable":true,"href":"https:\/\/eltrabajo.cl\/portal\/wp-json\/wp\/v2\/users\/482"}],"replies":[{"embeddable":true,"href":"https:\/\/eltrabajo.cl\/portal\/wp-json\/wp\/v2\/comments?post=92625"}],"version-history":[{"count":0,"href":"https:\/\/eltrabajo.cl\/portal\/wp-json\/wp\/v2\/posts\/92625\/revisions"}],"wp:featuredmedia":[{"embeddable":true,"href":"https:\/\/eltrabajo.cl\/portal\/wp-json\/wp\/v2\/media\/92626"}],"wp:attachment":[{"href":"https:\/\/eltrabajo.cl\/portal\/wp-json\/wp\/v2\/media?parent=92625"}],"wp:term":[{"taxonomy":"category","embeddable":true,"href":"https:\/\/eltrabajo.cl\/portal\/wp-json\/wp\/v2\/categories?post=92625"},{"taxonomy":"post_tag","embeddable":true,"href":"https:\/\/eltrabajo.cl\/portal\/wp-json\/wp\/v2\/tags?post=92625"}],"curies":[{"name":"wp","href":"https:\/\/api.w.org\/{rel}","templated":true}]}}