{"id":92714,"date":"2019-06-26T05:00:46","date_gmt":"2019-06-26T09:00:46","guid":{"rendered":"http:\/\/www.eltrabajo.cl\/portal\/?p=92714"},"modified":"2019-06-25T20:48:38","modified_gmt":"2019-06-26T00:48:38","slug":"brillante-fuel-el-xcm-organizado-por-gargolas-sma-en-jahuel","status":"publish","type":"post","link":"https:\/\/eltrabajo.cl\/portal\/brillante-fuel-el-xcm-organizado-por-gargolas-sma-en-jahuel\/","title":{"rendered":"Brillante fuel el XCM organizado por G\u00e1rgolas SMA en Jahuel"},"content":{"rendered":"<p>Con una convocatoria que super\u00f3 con largueza los 300 competidores, el domingo pasado en la zona de Jahuel en la comuna de Santa Mar\u00eda, se realiz\u00f3 la segunda fecha de la prueba de ciclismo Ranking XCM.<br \/>\nEl circuito que es catalogado como uno de los mejores del pa\u00eds, debido a su dificultad t\u00e9cnica, uni\u00f3 en esta oportunidad a Santa Mar\u00eda con el sector Rinconada de Silva (Putaendo). En esta ocasi\u00f3n hubo cinco categor\u00edas para lograr integrar a la mayor cantidad de competidores, entre los que se encontraban los mejores exponentes de esta disciplina en el pa\u00eds.<br \/>\nEl deportista que se hizo del triunfo m\u00e1s importante fue Gonzalo Aravena, al quedarse con el primer lugar en la Epic (68 kil\u00f3metros), mientras que entre los locales de G\u00e1rgolas SMA, destacaron: Francisco Tapia Maldini, quien fue tercero en los S\u00faper Rally, y Alejandro L\u00f3pez Aguilera, que termin\u00f3 quinto en la serie S\u00faper Rally.<br \/>\nEn las damas, B\u00e1rbara Hern\u00e1ndez tuvo la actuaci\u00f3n m\u00e1s resonante al ser la mejor de todas en los 54 mil metros en la categoria Epic, en lo que fue la segunda fecha de la Liga Nacional XCM.<\/p>\n<figure id=\"attachment_92715\" aria-describedby=\"caption-attachment-92715\" style=\"width: 580px\" class=\"wp-caption alignnone\"><img data-recalc-dims=\"1\" loading=\"lazy\" decoding=\"async\" class=\"size-full wp-image-92715\" src=\"https:\/\/i0.wp.com\/www.eltrabajo.cl\/portal\/wp-content\/uploads\/2019\/06\/bicicleta-XCM.jpg?resize=580%2C380\" alt=\"Un competidor pasando por el espectacular circuito en el XCM realizado en Santa Mar\u00eda.\" width=\"580\" height=\"380\" srcset=\"https:\/\/i0.wp.com\/eltrabajo.cl\/portal\/wp-content\/uploads\/2019\/06\/bicicleta-XCM.jpg?w=580&amp;ssl=1 580w, https:\/\/i0.wp.com\/eltrabajo.cl\/portal\/wp-content\/uploads\/2019\/06\/bicicleta-XCM.jpg?resize=200%2C131&amp;ssl=1 200w, https:\/\/i0.wp.com\/eltrabajo.cl\/portal\/wp-content\/uploads\/2019\/06\/bicicleta-XCM.jpg?resize=300%2C197&amp;ssl=1 300w, https:\/\/i0.wp.com\/eltrabajo.cl\/portal\/wp-content\/uploads\/2019\/06\/bicicleta-XCM.jpg?resize=229%2C150&amp;ssl=1 229w, https:\/\/i0.wp.com\/eltrabajo.cl\/portal\/wp-content\/uploads\/2019\/06\/bicicleta-XCM.jpg?resize=400%2C262&amp;ssl=1 400w\" sizes=\"auto, (max-width: 580px) 100vw, 580px\" \/><figcaption id=\"caption-attachment-92715\" class=\"wp-caption-text\">Un competidor pasando por el espectacular circuito en el XCM realizado en Santa Mar\u00eda.<\/figcaption><\/figure>\n","protected":false},"excerpt":{"rendered":"<p>Con una convocatoria que super\u00f3 con largueza los 300 competidores, el domingo pasado en la zona de Jahuel en la comuna de Santa Mar\u00eda, se realiz\u00f3 la segunda fecha de la prueba&#8230;<\/p>\n","protected":false},"author":482,"featured_media":92715,"comment_status":"open","ping_status":"open","sticky":false,"template":"","format":"standard","meta":{"advanced_seo_description":"","jetpack_seo_html_title":"","jetpack_seo_noindex":false,"_jetpack_memberships_contains_paid_content":false,"footnotes":""},"categories":[19],"tags":[],"class_list":["post-92714","post","type-post","status-publish","format-standard","has-post-thumbnail","hentry","category-deportes"],"jetpack_featured_media_url":"https:\/\/i0.wp.com\/eltrabajo.cl\/portal\/wp-content\/uploads\/2019\/06\/bicicleta-XCM.jpg?fit=580%2C380&ssl=1","jetpack_sharing_enabled":true,"jetpack_likes_enabled":true,"jetpack-related-posts":[],"_links":{"self":[{"href":"https:\/\/eltrabajo.cl\/portal\/wp-json\/wp\/v2\/posts\/92714","targetHints":{"allow":["GET"]}}],"collection":[{"href":"https:\/\/eltrabajo.cl\/portal\/wp-json\/wp\/v2\/posts"}],"about":[{"href":"https:\/\/eltrabajo.cl\/portal\/wp-json\/wp\/v2\/types\/post"}],"author":[{"embeddable":true,"href":"https:\/\/eltrabajo.cl\/portal\/wp-json\/wp\/v2\/users\/482"}],"replies":[{"embeddable":true,"href":"https:\/\/eltrabajo.cl\/portal\/wp-json\/wp\/v2\/comments?post=92714"}],"version-history":[{"count":0,"href":"https:\/\/eltrabajo.cl\/portal\/wp-json\/wp\/v2\/posts\/92714\/revisions"}],"wp:featuredmedia":[{"embeddable":true,"href":"https:\/\/eltrabajo.cl\/portal\/wp-json\/wp\/v2\/media\/92715"}],"wp:attachment":[{"href":"https:\/\/eltrabajo.cl\/portal\/wp-json\/wp\/v2\/media?parent=92714"}],"wp:term":[{"taxonomy":"category","embeddable":true,"href":"https:\/\/eltrabajo.cl\/portal\/wp-json\/wp\/v2\/categories?post=92714"},{"taxonomy":"post_tag","embeddable":true,"href":"https:\/\/eltrabajo.cl\/portal\/wp-json\/wp\/v2\/tags?post=92714"}],"curies":[{"name":"wp","href":"https:\/\/api.w.org\/{rel}","templated":true}]}}