{"id":92740,"date":"2019-06-27T05:01:39","date_gmt":"2019-06-27T09:01:39","guid":{"rendered":"http:\/\/www.eltrabajo.cl\/portal\/?p=92740"},"modified":"2019-06-26T21:39:37","modified_gmt":"2019-06-27T01:39:37","slug":"el-uni-pone-a-la-venta-camisetas-que-conmemoran-obtencion-de-la-copa-chile-2009","status":"publish","type":"post","link":"https:\/\/eltrabajo.cl\/portal\/el-uni-pone-a-la-venta-camisetas-que-conmemoran-obtencion-de-la-copa-chile-2009\/","title":{"rendered":"El Un\u00ed pone a la venta camisetas que conmemoran obtenci\u00f3n de la Copa Chile 2009"},"content":{"rendered":"<p>En noviembre pr\u00f3ximo se cumplir\u00e1 una d\u00e9cada de la obtenci\u00f3n de la Copa Chile por parte de Uni\u00f3n San Felipe, y como la fecha es importante, la sociedad controladora del club sanfelipe\u00f1o lanz\u00f3 ayer a la venta r\u00e9plicas id\u00e9nticas de las camisetas utilizadas en la hist\u00f3rica campa\u00f1a que lider\u00f3 el profesor Roberto Mariani.<br \/>\nLa prenda tendr\u00e1 un costo de $15.000 (quince mil pesos), poco si se considera que es original y que adem\u00e1s tiene grabados una imagen de la Copa Chile, la fecha conmemorativa y el apellido de algunos de los jugadores que brillaron en ese glorioso a\u00f1o.<br \/>\nLos hinchas que quieran adquirir la camiseta podr\u00e1n elegir entre las que en el dorsal tengan inscritos los apellidos: Vildozo (\u00c1ngel), Dom\u00ednguez (Jonathan), Carvajal (Esteban) y el capit\u00e1n David Fern\u00e1ndez. \u00abEs lindo que cada hincha tenga la posibilidad de tener un recuerdo de esa campa\u00f1a que nos marc\u00f3 tanto\u00bb, dijo a El Trabajo Deportivo el ariete \u00c1ngel Vildozo.<br \/>\nLa venta ser\u00e1 en la sede del club que se ubica en las intersecciones de las calles Santo Domingo con Navarro, de lunes a viernes en horario continuado desde las 9:30 hasta las 20:00 horas. El s\u00e1bado se atender\u00e1 de 10:00 a 13:00 horas.<\/p>\n<figure id=\"attachment_92741\" aria-describedby=\"caption-attachment-92741\" style=\"width: 580px\" class=\"wp-caption alignnone\"><img data-recalc-dims=\"1\" loading=\"lazy\" decoding=\"async\" class=\"size-full wp-image-92741\" src=\"https:\/\/i0.wp.com\/www.eltrabajo.cl\/portal\/wp-content\/uploads\/2019\/06\/camisetas.jpg?resize=580%2C379\" alt=\"David Fern\u00e1ndez y \u00c1ngel Vildozo lucen las camisetas que ayer salieron a la venta al p\u00fablico.\" width=\"580\" height=\"379\" srcset=\"https:\/\/i0.wp.com\/eltrabajo.cl\/portal\/wp-content\/uploads\/2019\/06\/camisetas.jpg?w=580&amp;ssl=1 580w, https:\/\/i0.wp.com\/eltrabajo.cl\/portal\/wp-content\/uploads\/2019\/06\/camisetas.jpg?resize=200%2C131&amp;ssl=1 200w, https:\/\/i0.wp.com\/eltrabajo.cl\/portal\/wp-content\/uploads\/2019\/06\/camisetas.jpg?resize=300%2C196&amp;ssl=1 300w, https:\/\/i0.wp.com\/eltrabajo.cl\/portal\/wp-content\/uploads\/2019\/06\/camisetas.jpg?resize=230%2C150&amp;ssl=1 230w, https:\/\/i0.wp.com\/eltrabajo.cl\/portal\/wp-content\/uploads\/2019\/06\/camisetas.jpg?resize=400%2C261&amp;ssl=1 400w\" sizes=\"auto, (max-width: 580px) 100vw, 580px\" \/><figcaption id=\"caption-attachment-92741\" class=\"wp-caption-text\">David Fern\u00e1ndez y \u00c1ngel Vildozo lucen las camisetas que ayer salieron a la venta al p\u00fablico.<\/figcaption><\/figure>\n","protected":false},"excerpt":{"rendered":"<p>En noviembre pr\u00f3ximo se cumplir\u00e1 una d\u00e9cada de la obtenci\u00f3n de la Copa Chile por parte de Uni\u00f3n San Felipe, y como la fecha es importante, la sociedad controladora del club sanfelipe\u00f1o&#8230;<\/p>\n","protected":false},"author":482,"featured_media":92741,"comment_status":"open","ping_status":"open","sticky":false,"template":"","format":"standard","meta":{"advanced_seo_description":"","jetpack_seo_html_title":"","jetpack_seo_noindex":false,"_jetpack_memberships_contains_paid_content":false,"footnotes":""},"categories":[19],"tags":[],"class_list":["post-92740","post","type-post","status-publish","format-standard","has-post-thumbnail","hentry","category-deportes"],"jetpack_featured_media_url":"https:\/\/i0.wp.com\/eltrabajo.cl\/portal\/wp-content\/uploads\/2019\/06\/camisetas.jpg?fit=580%2C379&ssl=1","jetpack_sharing_enabled":true,"jetpack_likes_enabled":true,"jetpack-related-posts":[],"_links":{"self":[{"href":"https:\/\/eltrabajo.cl\/portal\/wp-json\/wp\/v2\/posts\/92740","targetHints":{"allow":["GET"]}}],"collection":[{"href":"https:\/\/eltrabajo.cl\/portal\/wp-json\/wp\/v2\/posts"}],"about":[{"href":"https:\/\/eltrabajo.cl\/portal\/wp-json\/wp\/v2\/types\/post"}],"author":[{"embeddable":true,"href":"https:\/\/eltrabajo.cl\/portal\/wp-json\/wp\/v2\/users\/482"}],"replies":[{"embeddable":true,"href":"https:\/\/eltrabajo.cl\/portal\/wp-json\/wp\/v2\/comments?post=92740"}],"version-history":[{"count":0,"href":"https:\/\/eltrabajo.cl\/portal\/wp-json\/wp\/v2\/posts\/92740\/revisions"}],"wp:featuredmedia":[{"embeddable":true,"href":"https:\/\/eltrabajo.cl\/portal\/wp-json\/wp\/v2\/media\/92741"}],"wp:attachment":[{"href":"https:\/\/eltrabajo.cl\/portal\/wp-json\/wp\/v2\/media?parent=92740"}],"wp:term":[{"taxonomy":"category","embeddable":true,"href":"https:\/\/eltrabajo.cl\/portal\/wp-json\/wp\/v2\/categories?post=92740"},{"taxonomy":"post_tag","embeddable":true,"href":"https:\/\/eltrabajo.cl\/portal\/wp-json\/wp\/v2\/tags?post=92740"}],"curies":[{"name":"wp","href":"https:\/\/api.w.org\/{rel}","templated":true}]}}