{"id":92911,"date":"2019-07-05T05:03:54","date_gmt":"2019-07-05T09:03:54","guid":{"rendered":"http:\/\/www.eltrabajo.cl\/portal\/?p=92911"},"modified":"2019-07-04T21:03:02","modified_gmt":"2019-07-05T01:03:02","slug":"llego-otro-refuerzo-a-union-san-felipe-luciano-daniel-romero","status":"publish","type":"post","link":"https:\/\/eltrabajo.cl\/portal\/llego-otro-refuerzo-a-union-san-felipe-luciano-daniel-romero\/","title":{"rendered":"Lleg\u00f3 otro refuerzo a Uni\u00f3n San Felipe: Luciano Daniel Romero"},"content":{"rendered":"<p>En horas de la ma\u00f1ana de ayer se incorpor\u00f3 al primer equipo de Uni\u00f3n San Felipe, el volante de nacionalidad trasandina, Luciano Daniel Romero.<br \/>\nEl nuevo jugador del Un\u00ed Un\u00ed tiene 25 a\u00f1os de edad (22-08-1993), y pese a su edad luce un amplio recorrido en distintos clubes de la Argentina, Jap\u00f3n y Chile, donde el a\u00f1o 2016 jug\u00f3 en Deportes La Serena. \u00abVengo a preparar todo para darlo todo en este desaf\u00edo que me seduce mucho; soy un enganche que siempre busca habilitar a sus compa\u00f1eros, adem\u00e1s tambi\u00e9n puedo desempe\u00f1arme como media punta\u00bb, cont\u00f3 el refuerzo a El Trabajo Deportivo.<br \/>\nEl \u00faltimo de club de Luciano \u2018Corchito\u2019 Romero, antes de arribar a San Felipe, fue el Barracas Central del torneo Metropolitano de su pa\u00eds.<\/p>\n<figure id=\"attachment_92912\" aria-describedby=\"caption-attachment-92912\" style=\"width: 580px\" class=\"wp-caption alignnone\"><img data-recalc-dims=\"1\" loading=\"lazy\" decoding=\"async\" class=\"size-full wp-image-92912\" src=\"https:\/\/i0.wp.com\/www.eltrabajo.cl\/portal\/wp-content\/uploads\/2019\/07\/romero-1.jpg?resize=580%2C358\" alt=\"Ayer se uni\u00f3 al plantel del Un\u00ed Un\u00ed el volante argentino Luciano Romero.\" width=\"580\" height=\"358\" srcset=\"https:\/\/i0.wp.com\/eltrabajo.cl\/portal\/wp-content\/uploads\/2019\/07\/romero-1.jpg?w=580&amp;ssl=1 580w, https:\/\/i0.wp.com\/eltrabajo.cl\/portal\/wp-content\/uploads\/2019\/07\/romero-1.jpg?resize=200%2C123&amp;ssl=1 200w, https:\/\/i0.wp.com\/eltrabajo.cl\/portal\/wp-content\/uploads\/2019\/07\/romero-1.jpg?resize=300%2C185&amp;ssl=1 300w, https:\/\/i0.wp.com\/eltrabajo.cl\/portal\/wp-content\/uploads\/2019\/07\/romero-1.jpg?resize=243%2C150&amp;ssl=1 243w, https:\/\/i0.wp.com\/eltrabajo.cl\/portal\/wp-content\/uploads\/2019\/07\/romero-1.jpg?resize=400%2C247&amp;ssl=1 400w\" sizes=\"auto, (max-width: 580px) 100vw, 580px\" \/><figcaption id=\"caption-attachment-92912\" class=\"wp-caption-text\">Ayer se uni\u00f3 al plantel del Un\u00ed Un\u00ed el volante argentino Luciano Romero.<\/figcaption><\/figure>\n","protected":false},"excerpt":{"rendered":"<p>En horas de la ma\u00f1ana de ayer se incorpor\u00f3 al primer equipo de Uni\u00f3n San Felipe, el volante de nacionalidad trasandina, Luciano Daniel Romero. El nuevo jugador del Un\u00ed Un\u00ed tiene 25&#8230;<\/p>\n","protected":false},"author":482,"featured_media":92912,"comment_status":"open","ping_status":"open","sticky":false,"template":"","format":"standard","meta":{"advanced_seo_description":"","jetpack_seo_html_title":"","jetpack_seo_noindex":false,"_jetpack_memberships_contains_paid_content":false,"footnotes":""},"categories":[19],"tags":[],"class_list":["post-92911","post","type-post","status-publish","format-standard","has-post-thumbnail","hentry","category-deportes"],"jetpack_featured_media_url":"https:\/\/i0.wp.com\/eltrabajo.cl\/portal\/wp-content\/uploads\/2019\/07\/romero-1.jpg?fit=580%2C358&ssl=1","jetpack_sharing_enabled":true,"jetpack_likes_enabled":true,"jetpack-related-posts":[],"_links":{"self":[{"href":"https:\/\/eltrabajo.cl\/portal\/wp-json\/wp\/v2\/posts\/92911","targetHints":{"allow":["GET"]}}],"collection":[{"href":"https:\/\/eltrabajo.cl\/portal\/wp-json\/wp\/v2\/posts"}],"about":[{"href":"https:\/\/eltrabajo.cl\/portal\/wp-json\/wp\/v2\/types\/post"}],"author":[{"embeddable":true,"href":"https:\/\/eltrabajo.cl\/portal\/wp-json\/wp\/v2\/users\/482"}],"replies":[{"embeddable":true,"href":"https:\/\/eltrabajo.cl\/portal\/wp-json\/wp\/v2\/comments?post=92911"}],"version-history":[{"count":0,"href":"https:\/\/eltrabajo.cl\/portal\/wp-json\/wp\/v2\/posts\/92911\/revisions"}],"wp:featuredmedia":[{"embeddable":true,"href":"https:\/\/eltrabajo.cl\/portal\/wp-json\/wp\/v2\/media\/92912"}],"wp:attachment":[{"href":"https:\/\/eltrabajo.cl\/portal\/wp-json\/wp\/v2\/media?parent=92911"}],"wp:term":[{"taxonomy":"category","embeddable":true,"href":"https:\/\/eltrabajo.cl\/portal\/wp-json\/wp\/v2\/categories?post=92911"},{"taxonomy":"post_tag","embeddable":true,"href":"https:\/\/eltrabajo.cl\/portal\/wp-json\/wp\/v2\/tags?post=92911"}],"curies":[{"name":"wp","href":"https:\/\/api.w.org\/{rel}","templated":true}]}}