{"id":92953,"date":"2019-07-09T01:26:46","date_gmt":"2019-07-09T05:26:46","guid":{"rendered":"http:\/\/www.eltrabajo.cl\/portal\/?p=92953"},"modified":"2019-07-09T01:26:46","modified_gmt":"2019-07-09T05:26:46","slug":"tomas-lanzini-se-sumo-al-plantel-del-uni-uni","status":"publish","type":"post","link":"https:\/\/eltrabajo.cl\/portal\/tomas-lanzini-se-sumo-al-plantel-del-uni-uni\/","title":{"rendered":"Tom\u00e1s Lanzini se sum\u00f3 al plantel del Un\u00ed Un\u00ed"},"content":{"rendered":"<p>En la pr\u00e1ctica matinal de ayer en la ma\u00f1ana, se uni\u00f3 al plantel albirrojo, el habilidoso y goleador volante argentino, Tom\u00e1s Lanzini, quien ya hace seis temporadas hab\u00eda jugado en el Un\u00ed Un\u00ed. \u00abLlego feliz y muy contento a un club que lo veo muy fuerte en todos los sentidos; vengo m\u00e1s maduro y con ganas de proyectar todo eso en la cancha\u00bb, declar\u00f3 el mediocampista al sitio oficial de los sanfelipe\u00f1os.<br \/>\nTom\u00e1s Lanzini tiene en la actualidad 27 a\u00f1os de edad, y llega a la tienda aconcag\u00fcina, tras un periplo de varios a\u00f1os en los que deambul\u00f3 por las ligas de Argentina, Chile y Andorra, en la que fue su \u00faltima estad\u00eda antes de arribar al Un\u00ed Un\u00ed.<br \/>\nA diferencia de Bruno Nasta y Luciano Romero, los otros refuerzos para el segundo semestre, Lanzini tiene la ventaja de conocer la liga chilena, ya que aparte de haber jugado en San Felipe, tambi\u00e9n lo hizo por cuatro temporadas en \u00d1ublense, donde destac\u00f3 por su elaboraci\u00f3n y poder de gol, al anotar m\u00e1s de treinta goles en la instituci\u00f3n chillaneja.<br \/>\nTrayectoria<br \/>\nNombre: Tom\u00e1s Lanzini<br \/>\nNacionalidad: Argentina \/Italiana<br \/>\nEdad: 27 a\u00f1os<br \/>\nFecha de Nacimiento: 25 -11-1991<br \/>\nApodo: \u2018El Tomi\u2019<br \/>\nFormado en: Platense (ARG)<br \/>\nPlatense (2010 \u2013 2011)<br \/>\nUni\u00f3n San Felipe:(2011 \u2013 2012)<br \/>\n\u00d1ublense: (2012 \u2013 2016)<br \/>\nBrown:(2016 -2017)<\/p>\n<figure id=\"attachment_92954\" aria-describedby=\"caption-attachment-92954\" style=\"width: 580px\" class=\"wp-caption alignnone\"><img data-recalc-dims=\"1\" loading=\"lazy\" decoding=\"async\" class=\"size-full wp-image-92954\" src=\"https:\/\/i0.wp.com\/www.eltrabajo.cl\/portal\/wp-content\/uploads\/2019\/07\/lanzini.jpg?resize=580%2C358\" alt=\"Tom\u00e1s Lanzini se convirti\u00f3 en el tercer refuerzo del Un\u00ed Un\u00ed para la segunda parte del torneo.\" width=\"580\" height=\"358\" srcset=\"https:\/\/i0.wp.com\/eltrabajo.cl\/portal\/wp-content\/uploads\/2019\/07\/lanzini.jpg?w=580&amp;ssl=1 580w, https:\/\/i0.wp.com\/eltrabajo.cl\/portal\/wp-content\/uploads\/2019\/07\/lanzini.jpg?resize=200%2C123&amp;ssl=1 200w, https:\/\/i0.wp.com\/eltrabajo.cl\/portal\/wp-content\/uploads\/2019\/07\/lanzini.jpg?resize=300%2C185&amp;ssl=1 300w, https:\/\/i0.wp.com\/eltrabajo.cl\/portal\/wp-content\/uploads\/2019\/07\/lanzini.jpg?resize=243%2C150&amp;ssl=1 243w, https:\/\/i0.wp.com\/eltrabajo.cl\/portal\/wp-content\/uploads\/2019\/07\/lanzini.jpg?resize=400%2C247&amp;ssl=1 400w\" sizes=\"auto, (max-width: 580px) 100vw, 580px\" \/><figcaption id=\"caption-attachment-92954\" class=\"wp-caption-text\">Tom\u00e1s Lanzini se convirti\u00f3 en el tercer refuerzo del Un\u00ed Un\u00ed para la segunda parte del torneo.<\/figcaption><\/figure>\n","protected":false},"excerpt":{"rendered":"<p>En la pr\u00e1ctica matinal de ayer en la ma\u00f1ana, se uni\u00f3 al plantel albirrojo, el habilidoso y goleador volante argentino, Tom\u00e1s Lanzini, quien ya hace seis temporadas hab\u00eda jugado en el Un\u00ed&#8230;<\/p>\n","protected":false},"author":482,"featured_media":92954,"comment_status":"open","ping_status":"open","sticky":false,"template":"","format":"standard","meta":{"advanced_seo_description":"","jetpack_seo_html_title":"","jetpack_seo_noindex":false,"_jetpack_memberships_contains_paid_content":false,"footnotes":""},"categories":[19],"tags":[],"class_list":["post-92953","post","type-post","status-publish","format-standard","has-post-thumbnail","hentry","category-deportes"],"jetpack_featured_media_url":"https:\/\/i0.wp.com\/eltrabajo.cl\/portal\/wp-content\/uploads\/2019\/07\/lanzini.jpg?fit=580%2C358&ssl=1","jetpack_sharing_enabled":true,"jetpack_likes_enabled":true,"jetpack-related-posts":[],"_links":{"self":[{"href":"https:\/\/eltrabajo.cl\/portal\/wp-json\/wp\/v2\/posts\/92953","targetHints":{"allow":["GET"]}}],"collection":[{"href":"https:\/\/eltrabajo.cl\/portal\/wp-json\/wp\/v2\/posts"}],"about":[{"href":"https:\/\/eltrabajo.cl\/portal\/wp-json\/wp\/v2\/types\/post"}],"author":[{"embeddable":true,"href":"https:\/\/eltrabajo.cl\/portal\/wp-json\/wp\/v2\/users\/482"}],"replies":[{"embeddable":true,"href":"https:\/\/eltrabajo.cl\/portal\/wp-json\/wp\/v2\/comments?post=92953"}],"version-history":[{"count":0,"href":"https:\/\/eltrabajo.cl\/portal\/wp-json\/wp\/v2\/posts\/92953\/revisions"}],"wp:featuredmedia":[{"embeddable":true,"href":"https:\/\/eltrabajo.cl\/portal\/wp-json\/wp\/v2\/media\/92954"}],"wp:attachment":[{"href":"https:\/\/eltrabajo.cl\/portal\/wp-json\/wp\/v2\/media?parent=92953"}],"wp:term":[{"taxonomy":"category","embeddable":true,"href":"https:\/\/eltrabajo.cl\/portal\/wp-json\/wp\/v2\/categories?post=92953"},{"taxonomy":"post_tag","embeddable":true,"href":"https:\/\/eltrabajo.cl\/portal\/wp-json\/wp\/v2\/tags?post=92953"}],"curies":[{"name":"wp","href":"https:\/\/api.w.org\/{rel}","templated":true}]}}