{"id":92992,"date":"2019-07-10T05:03:42","date_gmt":"2019-07-10T09:03:42","guid":{"rendered":"http:\/\/www.eltrabajo.cl\/portal\/?p=92992"},"modified":"2019-07-09T20:56:53","modified_gmt":"2019-07-10T00:56:53","slug":"amaya-veliz-quedo-en-la-lista-definitiva-de-la-rojita-cestera-u14","status":"publish","type":"post","link":"https:\/\/eltrabajo.cl\/portal\/amaya-veliz-quedo-en-la-lista-definitiva-de-la-rojita-cestera-u14\/","title":{"rendered":"Amaya V\u00e9liz qued\u00f3 en la lista definitiva de la \u2018Rojita\u2019 cestera U14"},"content":{"rendered":"<p>La Federaci\u00f3n de B\u00e1squetbol de Chile entreg\u00f3 la n\u00f3mina definitiva de la selecci\u00f3n nacional femenina U14 que tendr\u00e1 la responsabilidad de representar al pa\u00eds en torneo sudamericano de la categor\u00eda que se desarrollar\u00e1 pr\u00f3ximamente en la ciudad ecuatoriana de Guayaquil.<br \/>\nEn el listado definitivo de 12 jugadoras, destaca la presencia de la adolescente andina, Amaya V\u00e9liz Pastri\u00e1n. La promisoria figura deportiva local e integrante del club San Felipe Basket, deber\u00e1 presentarse a las 11 de la ma\u00f1ana en las dependencias del Centro de Entrenamiento Ol\u00edmpico (CEO), para iniciar la parte final del proceso que es encabezado por el staff t\u00e9cnico compuesto por Warren Espinoza, Enzo Gonz\u00e1lez y Juan Miranda.<br \/>\nAmaya Veliz Pastri\u00e1n es oriunda de la ciudad de Copiap\u00f3, y su llegada al valle de Aconcagua se produjo hace siete a\u00f1os, cuando su familia se traslad\u00f3 a la zona.<br \/>\nLos entrenamientos se extender\u00e1n hasta el viernes 19 del presente mes. La cita continental que tendr\u00e1 lugar en tierras ecuatorianas, y en la cual una aconcag\u00fcina dir\u00e1 presente, se realizar\u00e1 entre los d\u00edas 22 al 27 de julio.<\/p>\n<figure id=\"attachment_92993\" aria-describedby=\"caption-attachment-92993\" style=\"width: 579px\" class=\"wp-caption alignnone\"><img data-recalc-dims=\"1\" loading=\"lazy\" decoding=\"async\" class=\"size-full wp-image-92993\" src=\"https:\/\/i0.wp.com\/www.eltrabajo.cl\/portal\/wp-content\/uploads\/2019\/07\/amaya-veliz-copia.jpg?resize=579%2C719\" alt=\"Amaya V\u00e9liz integrar\u00e1 la selecci\u00f3n chilena en el Sudamericano de Ecuador.\" width=\"579\" height=\"719\" srcset=\"https:\/\/i0.wp.com\/eltrabajo.cl\/portal\/wp-content\/uploads\/2019\/07\/amaya-veliz-copia.jpg?w=579&amp;ssl=1 579w, https:\/\/i0.wp.com\/eltrabajo.cl\/portal\/wp-content\/uploads\/2019\/07\/amaya-veliz-copia.jpg?resize=121%2C150&amp;ssl=1 121w, https:\/\/i0.wp.com\/eltrabajo.cl\/portal\/wp-content\/uploads\/2019\/07\/amaya-veliz-copia.jpg?resize=242%2C300&amp;ssl=1 242w, https:\/\/i0.wp.com\/eltrabajo.cl\/portal\/wp-content\/uploads\/2019\/07\/amaya-veliz-copia.jpg?resize=400%2C497&amp;ssl=1 400w\" sizes=\"auto, (max-width: 579px) 100vw, 579px\" \/><figcaption id=\"caption-attachment-92993\" class=\"wp-caption-text\">Amaya V\u00e9liz integrar\u00e1 la selecci\u00f3n chilena en el Sudamericano de Ecuador.<\/figcaption><\/figure>\n","protected":false},"excerpt":{"rendered":"<p>La Federaci\u00f3n de B\u00e1squetbol de Chile entreg\u00f3 la n\u00f3mina definitiva de la selecci\u00f3n nacional femenina U14 que tendr\u00e1 la responsabilidad de representar al pa\u00eds en torneo sudamericano de la categor\u00eda que se&#8230;<\/p>\n","protected":false},"author":482,"featured_media":92994,"comment_status":"open","ping_status":"open","sticky":false,"template":"","format":"standard","meta":{"advanced_seo_description":"","jetpack_seo_html_title":"","jetpack_seo_noindex":false,"_jetpack_memberships_contains_paid_content":false,"footnotes":""},"categories":[19],"tags":[],"class_list":["post-92992","post","type-post","status-publish","format-standard","has-post-thumbnail","hentry","category-deportes"],"jetpack_featured_media_url":"https:\/\/i0.wp.com\/eltrabajo.cl\/portal\/wp-content\/uploads\/2019\/07\/amaya-veliz.jpg?fit=580%2C359&ssl=1","jetpack_sharing_enabled":true,"jetpack_likes_enabled":true,"jetpack-related-posts":[],"_links":{"self":[{"href":"https:\/\/eltrabajo.cl\/portal\/wp-json\/wp\/v2\/posts\/92992","targetHints":{"allow":["GET"]}}],"collection":[{"href":"https:\/\/eltrabajo.cl\/portal\/wp-json\/wp\/v2\/posts"}],"about":[{"href":"https:\/\/eltrabajo.cl\/portal\/wp-json\/wp\/v2\/types\/post"}],"author":[{"embeddable":true,"href":"https:\/\/eltrabajo.cl\/portal\/wp-json\/wp\/v2\/users\/482"}],"replies":[{"embeddable":true,"href":"https:\/\/eltrabajo.cl\/portal\/wp-json\/wp\/v2\/comments?post=92992"}],"version-history":[{"count":0,"href":"https:\/\/eltrabajo.cl\/portal\/wp-json\/wp\/v2\/posts\/92992\/revisions"}],"wp:featuredmedia":[{"embeddable":true,"href":"https:\/\/eltrabajo.cl\/portal\/wp-json\/wp\/v2\/media\/92994"}],"wp:attachment":[{"href":"https:\/\/eltrabajo.cl\/portal\/wp-json\/wp\/v2\/media?parent=92992"}],"wp:term":[{"taxonomy":"category","embeddable":true,"href":"https:\/\/eltrabajo.cl\/portal\/wp-json\/wp\/v2\/categories?post=92992"},{"taxonomy":"post_tag","embeddable":true,"href":"https:\/\/eltrabajo.cl\/portal\/wp-json\/wp\/v2\/tags?post=92992"}],"curies":[{"name":"wp","href":"https:\/\/api.w.org\/{rel}","templated":true}]}}