{"id":93001,"date":"2019-07-10T05:05:48","date_gmt":"2019-07-10T09:05:48","guid":{"rendered":"http:\/\/www.eltrabajo.cl\/portal\/?p=93001"},"modified":"2019-07-09T21:03:51","modified_gmt":"2019-07-10T01:03:51","slug":"san-felipe-voley-se-alzo-con-segundo-lugar-en-nacional-federado-realizado-en-la-araucania","status":"publish","type":"post","link":"https:\/\/eltrabajo.cl\/portal\/san-felipe-voley-se-alzo-con-segundo-lugar-en-nacional-federado-realizado-en-la-araucania\/","title":{"rendered":"San Felipe V\u00f3ley se alz\u00f3 con segundo lugar en Nacional Federado realizado en La Araucan\u00eda"},"content":{"rendered":"<p><span style=\"color: #ff0000;\"><strong>Josefa Pe\u00f1a premiada Mejor Bloqueo del torneo:<\/strong><\/span><\/p>\n<p>Nuevamente ni\u00f1as seleccionadas de la categor\u00eda U14 del Club San Felipe V\u00f3ley vuelven a ser noticia, en esta oportunidad porque se titularon subcampeonas del Nacional Federado de la categor\u00eda que se disput\u00f3 el fin de semana reci\u00e9n pasado en la ciudad de Victoria, en la Novena Regi\u00f3n.<\/p>\n<p><span style=\"color: #ff0000;\"><strong>YA EN LA FINAL<\/strong><\/span><br \/>\nNuestras voleibolistas sanfelipe\u00f1as tuvieron que viajar hasta esa ciudad para disputar el Nacional, donde se llev\u00f3 a cabo la competencia en la que participaron los seleccionados de Rancagua, Talca, Curic\u00f3, Concepci\u00f3n, R\u00edo Bueno, Puerto Ays\u00e9n, Victoria y San Felipe. Las jovencitas sortearon con \u00e9xito la fase de grupos para acceder a las semifinales del campeonato, en las que tuvieron que enfrentar a Rancagua, uno de los candidatos al t\u00edtulo, instancia en la cual las sanfelipe\u00f1as se repusieron a la p\u00e9rdida del primer set y luego de un disputado encuentro lograron quedarse con el triunfo y el pase para disputar la final del campeonato, instancia en la cual cayeron frente al poderoso equipo de Victoria, teniendo que conformarse con el segundo lugar del Campeonato Nacional.<\/p>\n<p><span style=\"color: #ff0000;\"><strong>JOSEFA PREMIADA<\/strong><\/span><br \/>\nDentro de las mejores jugadoras del torneo tuvimos a la sanfelipe\u00f1a Josefa Pe\u00f1a Mu\u00f1oz, quien fue premiada como Mejor Bloqueo del torneo, Diario El Trabajo habl\u00f3 con esta tremenda deportista, \u00abel nivel del campeonato estuvo muy parejo, con partidos muy disputados, pero igual logramos llegar a la final con un buen nivel dentro de nuestro equipo, estoy muy contenta por el premio recibido, pero creo que m\u00e1s compa\u00f1eras de mi equipo tambi\u00e9n se merec\u00edan un premio, porque todas dejamos el alma en la cancha hasta el \u00faltimo punto\u00bb, dijo Pe\u00f1a.<br \/>\nEl entrenador de las seleccionadas, Carlos Mercado, tambi\u00e9n convers\u00f3 con nuestro medio, \u00abestamos con una sensaci\u00f3n extra\u00f1a, ya que creemos que pudimos lograr el t\u00edtulo, pero el segundo lugar es muy meritorio ya que nos enfrentamos a una especie de Selecci\u00f3n de La Araucan\u00eda, sin embargo nosotros nos presentamos con las ni\u00f1as formadas en nuestro club, incorporando varias chicas que debutaban en un Nacional y que el pr\u00f3ximo a\u00f1o seguir\u00e1n en la misma categor\u00eda\u00bb, coment\u00f3 Mercado.<\/p>\n<p><span style=\"color: #ff0000;\"><strong>VIENEN DESAF\u00cdOS<\/strong><\/span><br \/>\nLas integrantes del club sanfelipe\u00f1o contin\u00faan su trabajo de cara a los pr\u00f3ximos desaf\u00edos que deben enfrentar, como la Copa Murano, que se desarrollar\u00e1 en la ciudad de Santiago el pr\u00f3ximo fin de semana y la Copa Confraternidad Internacional V\u00f3ley 2019, a fines de julio en la ciudad de Lima Per\u00fa, ocasi\u00f3n en la cual el club viajar\u00e1 con las categor\u00edas U14 y U18.<br \/>\n<strong>Roberto Gonz\u00e1lez Short<\/strong><\/p>\n<figure id=\"attachment_93002\" aria-describedby=\"caption-attachment-93002\" style=\"width: 580px\" class=\"wp-caption alignnone\"><img data-recalc-dims=\"1\" loading=\"lazy\" decoding=\"async\" class=\"size-full wp-image-93002\" src=\"https:\/\/i0.wp.com\/www.eltrabajo.cl\/portal\/wp-content\/uploads\/2019\/07\/Subcampeonas_San-Felipe-Voley-sub14.jpg?resize=580%2C359\" alt=\"SAN FELIPE V\u00d3LEY U14.- Ellas son las sanfelipe\u00f1as m\u00e1s explosivas cuando est\u00e1n disputando cualquier partido de v\u00f3leibol.\" width=\"580\" height=\"359\" srcset=\"https:\/\/i0.wp.com\/eltrabajo.cl\/portal\/wp-content\/uploads\/2019\/07\/Subcampeonas_San-Felipe-Voley-sub14.jpg?w=580&amp;ssl=1 580w, https:\/\/i0.wp.com\/eltrabajo.cl\/portal\/wp-content\/uploads\/2019\/07\/Subcampeonas_San-Felipe-Voley-sub14.jpg?resize=200%2C124&amp;ssl=1 200w, https:\/\/i0.wp.com\/eltrabajo.cl\/portal\/wp-content\/uploads\/2019\/07\/Subcampeonas_San-Felipe-Voley-sub14.jpg?resize=300%2C186&amp;ssl=1 300w, https:\/\/i0.wp.com\/eltrabajo.cl\/portal\/wp-content\/uploads\/2019\/07\/Subcampeonas_San-Felipe-Voley-sub14.jpg?resize=242%2C150&amp;ssl=1 242w, https:\/\/i0.wp.com\/eltrabajo.cl\/portal\/wp-content\/uploads\/2019\/07\/Subcampeonas_San-Felipe-Voley-sub14.jpg?resize=400%2C248&amp;ssl=1 400w\" sizes=\"auto, (max-width: 580px) 100vw, 580px\" \/><figcaption id=\"caption-attachment-93002\" class=\"wp-caption-text\">SAN FELIPE V\u00d3LEY U14.- Ellas son las sanfelipe\u00f1as m\u00e1s explosivas cuando est\u00e1n disputando cualquier partido de v\u00f3leibol.<\/figcaption><\/figure>\n<figure id=\"attachment_93003\" aria-describedby=\"caption-attachment-93003\" style=\"width: 580px\" class=\"wp-caption alignnone\"><img data-recalc-dims=\"1\" loading=\"lazy\" decoding=\"async\" class=\"size-full wp-image-93003\" src=\"https:\/\/i0.wp.com\/www.eltrabajo.cl\/portal\/wp-content\/uploads\/2019\/07\/Subcampeonas2.jpg?resize=580%2C360\" alt=\"SOLIDEZ DEPORTIVA.- Con u\u00f1as y dientes estas ni\u00f1as dieron guerra en este Nacional Federado que se disput\u00f3 el fin de semana reci\u00e9n pasado en la ciudad de Victoria, en la Novena Regi\u00f3n.\" width=\"580\" height=\"360\" srcset=\"https:\/\/i0.wp.com\/eltrabajo.cl\/portal\/wp-content\/uploads\/2019\/07\/Subcampeonas2.jpg?w=580&amp;ssl=1 580w, https:\/\/i0.wp.com\/eltrabajo.cl\/portal\/wp-content\/uploads\/2019\/07\/Subcampeonas2.jpg?resize=200%2C124&amp;ssl=1 200w, https:\/\/i0.wp.com\/eltrabajo.cl\/portal\/wp-content\/uploads\/2019\/07\/Subcampeonas2.jpg?resize=300%2C186&amp;ssl=1 300w, https:\/\/i0.wp.com\/eltrabajo.cl\/portal\/wp-content\/uploads\/2019\/07\/Subcampeonas2.jpg?resize=242%2C150&amp;ssl=1 242w, https:\/\/i0.wp.com\/eltrabajo.cl\/portal\/wp-content\/uploads\/2019\/07\/Subcampeonas2.jpg?resize=400%2C248&amp;ssl=1 400w\" sizes=\"auto, (max-width: 580px) 100vw, 580px\" \/><figcaption id=\"caption-attachment-93003\" class=\"wp-caption-text\">SOLIDEZ DEPORTIVA.- Con u\u00f1as y dientes estas ni\u00f1as dieron guerra en este Nacional Federado que se disput\u00f3 el fin de semana reci\u00e9n pasado en la ciudad de Victoria, en la Novena Regi\u00f3n.<\/figcaption><\/figure>\n<figure id=\"attachment_93004\" aria-describedby=\"caption-attachment-93004\" style=\"width: 579px\" class=\"wp-caption alignnone\"><img data-recalc-dims=\"1\" loading=\"lazy\" decoding=\"async\" class=\"size-full wp-image-93004\" src=\"https:\/\/i0.wp.com\/www.eltrabajo.cl\/portal\/wp-content\/uploads\/2019\/07\/Subcampeonas_Carlos-Mercado.jpg?resize=579%2C632\" alt=\"Entrenador de las seleccionadas sanfelipe\u00f1as, Carlos Mercado.\" width=\"579\" height=\"632\" srcset=\"https:\/\/i0.wp.com\/eltrabajo.cl\/portal\/wp-content\/uploads\/2019\/07\/Subcampeonas_Carlos-Mercado.jpg?w=579&amp;ssl=1 579w, https:\/\/i0.wp.com\/eltrabajo.cl\/portal\/wp-content\/uploads\/2019\/07\/Subcampeonas_Carlos-Mercado.jpg?resize=137%2C150&amp;ssl=1 137w, https:\/\/i0.wp.com\/eltrabajo.cl\/portal\/wp-content\/uploads\/2019\/07\/Subcampeonas_Carlos-Mercado.jpg?resize=275%2C300&amp;ssl=1 275w, https:\/\/i0.wp.com\/eltrabajo.cl\/portal\/wp-content\/uploads\/2019\/07\/Subcampeonas_Carlos-Mercado.jpg?resize=400%2C437&amp;ssl=1 400w\" sizes=\"auto, (max-width: 579px) 100vw, 579px\" \/><figcaption id=\"caption-attachment-93004\" class=\"wp-caption-text\">Entrenador de las seleccionadas sanfelipe\u00f1as, Carlos Mercado.<\/figcaption><\/figure>\n<figure id=\"attachment_93005\" aria-describedby=\"caption-attachment-93005\" style=\"width: 579px\" class=\"wp-caption alignnone\"><img data-recalc-dims=\"1\" loading=\"lazy\" decoding=\"async\" class=\"size-full wp-image-93005\" src=\"https:\/\/i0.wp.com\/www.eltrabajo.cl\/portal\/wp-content\/uploads\/2019\/07\/Subcampeonas_Josefa-Pena-y-Madeleyn-Villegas.jpg?resize=579%2C686\" alt=\"Josefa Pe\u00f1a Mu\u00f1oz, quien fue premiada como Mejor Bloqueo del torneo, le acompa\u00f1a Madeleyn Villegas, presidenta de la Asociaci\u00f3n de V\u00f3leibol de La Araucan\u00eda.\" width=\"579\" height=\"686\" srcset=\"https:\/\/i0.wp.com\/eltrabajo.cl\/portal\/wp-content\/uploads\/2019\/07\/Subcampeonas_Josefa-Pena-y-Madeleyn-Villegas.jpg?w=579&amp;ssl=1 579w, https:\/\/i0.wp.com\/eltrabajo.cl\/portal\/wp-content\/uploads\/2019\/07\/Subcampeonas_Josefa-Pena-y-Madeleyn-Villegas.jpg?resize=127%2C150&amp;ssl=1 127w, https:\/\/i0.wp.com\/eltrabajo.cl\/portal\/wp-content\/uploads\/2019\/07\/Subcampeonas_Josefa-Pena-y-Madeleyn-Villegas.jpg?resize=253%2C300&amp;ssl=1 253w, https:\/\/i0.wp.com\/eltrabajo.cl\/portal\/wp-content\/uploads\/2019\/07\/Subcampeonas_Josefa-Pena-y-Madeleyn-Villegas.jpg?resize=400%2C474&amp;ssl=1 400w\" sizes=\"auto, (max-width: 579px) 100vw, 579px\" \/><figcaption id=\"caption-attachment-93005\" class=\"wp-caption-text\">Josefa Pe\u00f1a Mu\u00f1oz, quien fue premiada como Mejor Bloqueo del torneo, le acompa\u00f1a Madeleyn Villegas, presidenta de la Asociaci\u00f3n de V\u00f3leibol de La Araucan\u00eda.<\/figcaption><\/figure>\n","protected":false},"excerpt":{"rendered":"<p>Josefa Pe\u00f1a premiada Mejor Bloqueo del torneo: Nuevamente ni\u00f1as seleccionadas de la categor\u00eda U14 del Club San Felipe V\u00f3ley vuelven a ser noticia, en esta oportunidad porque se titularon subcampeonas del Nacional&#8230;<\/p>\n","protected":false},"author":482,"featured_media":93002,"comment_status":"open","ping_status":"open","sticky":false,"template":"","format":"standard","meta":{"advanced_seo_description":"","jetpack_seo_html_title":"","jetpack_seo_noindex":false,"_jetpack_memberships_contains_paid_content":false,"footnotes":""},"categories":[19],"tags":[],"class_list":["post-93001","post","type-post","status-publish","format-standard","has-post-thumbnail","hentry","category-deportes"],"jetpack_featured_media_url":"https:\/\/i0.wp.com\/eltrabajo.cl\/portal\/wp-content\/uploads\/2019\/07\/Subcampeonas_San-Felipe-Voley-sub14.jpg?fit=580%2C359&ssl=1","jetpack_sharing_enabled":true,"jetpack_likes_enabled":true,"jetpack-related-posts":[],"_links":{"self":[{"href":"https:\/\/eltrabajo.cl\/portal\/wp-json\/wp\/v2\/posts\/93001","targetHints":{"allow":["GET"]}}],"collection":[{"href":"https:\/\/eltrabajo.cl\/portal\/wp-json\/wp\/v2\/posts"}],"about":[{"href":"https:\/\/eltrabajo.cl\/portal\/wp-json\/wp\/v2\/types\/post"}],"author":[{"embeddable":true,"href":"https:\/\/eltrabajo.cl\/portal\/wp-json\/wp\/v2\/users\/482"}],"replies":[{"embeddable":true,"href":"https:\/\/eltrabajo.cl\/portal\/wp-json\/wp\/v2\/comments?post=93001"}],"version-history":[{"count":0,"href":"https:\/\/eltrabajo.cl\/portal\/wp-json\/wp\/v2\/posts\/93001\/revisions"}],"wp:featuredmedia":[{"embeddable":true,"href":"https:\/\/eltrabajo.cl\/portal\/wp-json\/wp\/v2\/media\/93002"}],"wp:attachment":[{"href":"https:\/\/eltrabajo.cl\/portal\/wp-json\/wp\/v2\/media?parent=93001"}],"wp:term":[{"taxonomy":"category","embeddable":true,"href":"https:\/\/eltrabajo.cl\/portal\/wp-json\/wp\/v2\/categories?post=93001"},{"taxonomy":"post_tag","embeddable":true,"href":"https:\/\/eltrabajo.cl\/portal\/wp-json\/wp\/v2\/tags?post=93001"}],"curies":[{"name":"wp","href":"https:\/\/api.w.org\/{rel}","templated":true}]}}