{"id":93015,"date":"2019-07-11T05:01:33","date_gmt":"2019-07-11T09:01:33","guid":{"rendered":"http:\/\/www.eltrabajo.cl\/portal\/?p=93015"},"modified":"2019-07-10T20:37:31","modified_gmt":"2019-07-11T00:37:31","slug":"presencia-de-san-felipe-basket-en-la-seleccion-chilena-de-basquetbol-u17","status":"publish","type":"post","link":"https:\/\/eltrabajo.cl\/portal\/presencia-de-san-felipe-basket-en-la-seleccion-chilena-de-basquetbol-u17\/","title":{"rendered":"Presencia de San Felipe Basket en la Selecci\u00f3n Chilena de B\u00e1squetbol U17"},"content":{"rendered":"<p>El joven y promisorio integrante de las filas del club San Felipe Basket, Manuel Flores, fue una vez m\u00e1s convocado a la preselecci\u00f3n chilena masculina U17, combinado que en una semana m\u00e1s retomar\u00e1 su preparaci\u00f3n con miras al torneo Sudamericano de la categor\u00eda.<br \/>\nEl futuro micro ciclo de entrenamientos del seleccionado cestero se iniciar\u00e1 el lunes 22 del presente mes, para concluir el jueves 25. El lugar elegido para los entrenamientos es el Centro de Entrenamiento Ol\u00edmpico (CEO) ubicado en la comuna de \u00d1u\u00f1oa.<br \/>\nLa Selecci\u00f3n Chilena U17 tiene tambi\u00e9n una importante participaci\u00f3n sanfelipe\u00f1a, porque en su staff t\u00e9cnico est\u00e1 el entrenador Felipe Rodr\u00edguez, quien es el segundo de a bordo del cuerpo t\u00e9cnico que dirige el trasandino Daniel Frola, adem\u00e1s que el jugador Alonso Soto -por estos meses en EEUU- es fijo en la n\u00f3mina final de la roja juvenil.<br \/>\nChile ser\u00e1 el pa\u00eds organizador del torneo Sudamericano Juvenil, que est\u00e1 agendado para el mes de octubre, por lo que a\u00fan quedan varios ciclos de preparaci\u00f3n por delante, en los que con toda seguridad, Flores y el profesor Rodr\u00edguez ser\u00e1n protagonistas.<\/p>\n<figure id=\"attachment_93016\" aria-describedby=\"caption-attachment-93016\" style=\"width: 580px\" class=\"wp-caption alignnone\"><img data-recalc-dims=\"1\" loading=\"lazy\" decoding=\"async\" class=\"size-full wp-image-93016\" src=\"https:\/\/i0.wp.com\/www.eltrabajo.cl\/portal\/wp-content\/uploads\/2019\/07\/manuel-flores.jpg?resize=580%2C360\" alt=\"Manuel Flores es jugador del club San Felipe Basket.\" width=\"580\" height=\"360\" srcset=\"https:\/\/i0.wp.com\/eltrabajo.cl\/portal\/wp-content\/uploads\/2019\/07\/manuel-flores.jpg?w=580&amp;ssl=1 580w, https:\/\/i0.wp.com\/eltrabajo.cl\/portal\/wp-content\/uploads\/2019\/07\/manuel-flores.jpg?resize=200%2C124&amp;ssl=1 200w, https:\/\/i0.wp.com\/eltrabajo.cl\/portal\/wp-content\/uploads\/2019\/07\/manuel-flores.jpg?resize=300%2C186&amp;ssl=1 300w, https:\/\/i0.wp.com\/eltrabajo.cl\/portal\/wp-content\/uploads\/2019\/07\/manuel-flores.jpg?resize=242%2C150&amp;ssl=1 242w, https:\/\/i0.wp.com\/eltrabajo.cl\/portal\/wp-content\/uploads\/2019\/07\/manuel-flores.jpg?resize=400%2C248&amp;ssl=1 400w\" sizes=\"auto, (max-width: 580px) 100vw, 580px\" \/><figcaption id=\"caption-attachment-93016\" class=\"wp-caption-text\">Manuel Flores es jugador del club San Felipe Basket.<\/figcaption><\/figure>\n","protected":false},"excerpt":{"rendered":"<p>El joven y promisorio integrante de las filas del club San Felipe Basket, Manuel Flores, fue una vez m\u00e1s convocado a la preselecci\u00f3n chilena masculina U17, combinado que en una semana m\u00e1s&#8230;<\/p>\n","protected":false},"author":482,"featured_media":93016,"comment_status":"open","ping_status":"open","sticky":false,"template":"","format":"standard","meta":{"advanced_seo_description":"","jetpack_seo_html_title":"","jetpack_seo_noindex":false,"_jetpack_memberships_contains_paid_content":false,"footnotes":""},"categories":[19],"tags":[],"class_list":["post-93015","post","type-post","status-publish","format-standard","has-post-thumbnail","hentry","category-deportes"],"jetpack_featured_media_url":"https:\/\/i0.wp.com\/eltrabajo.cl\/portal\/wp-content\/uploads\/2019\/07\/manuel-flores.jpg?fit=580%2C360&ssl=1","jetpack_sharing_enabled":true,"jetpack_likes_enabled":true,"jetpack-related-posts":[],"_links":{"self":[{"href":"https:\/\/eltrabajo.cl\/portal\/wp-json\/wp\/v2\/posts\/93015","targetHints":{"allow":["GET"]}}],"collection":[{"href":"https:\/\/eltrabajo.cl\/portal\/wp-json\/wp\/v2\/posts"}],"about":[{"href":"https:\/\/eltrabajo.cl\/portal\/wp-json\/wp\/v2\/types\/post"}],"author":[{"embeddable":true,"href":"https:\/\/eltrabajo.cl\/portal\/wp-json\/wp\/v2\/users\/482"}],"replies":[{"embeddable":true,"href":"https:\/\/eltrabajo.cl\/portal\/wp-json\/wp\/v2\/comments?post=93015"}],"version-history":[{"count":0,"href":"https:\/\/eltrabajo.cl\/portal\/wp-json\/wp\/v2\/posts\/93015\/revisions"}],"wp:featuredmedia":[{"embeddable":true,"href":"https:\/\/eltrabajo.cl\/portal\/wp-json\/wp\/v2\/media\/93016"}],"wp:attachment":[{"href":"https:\/\/eltrabajo.cl\/portal\/wp-json\/wp\/v2\/media?parent=93015"}],"wp:term":[{"taxonomy":"category","embeddable":true,"href":"https:\/\/eltrabajo.cl\/portal\/wp-json\/wp\/v2\/categories?post=93015"},{"taxonomy":"post_tag","embeddable":true,"href":"https:\/\/eltrabajo.cl\/portal\/wp-json\/wp\/v2\/tags?post=93015"}],"curies":[{"name":"wp","href":"https:\/\/api.w.org\/{rel}","templated":true}]}}