{"id":93071,"date":"2019-07-15T05:00:03","date_gmt":"2019-07-15T09:00:03","guid":{"rendered":"http:\/\/www.eltrabajo.cl\/portal\/?p=93071"},"modified":"2019-07-14T20:02:27","modified_gmt":"2019-07-15T00:02:27","slug":"el-uni-uni-iguala-en-blanco-con-audax-y-se-ilusiona-con-avanzar-en-la-copa-chile","status":"publish","type":"post","link":"https:\/\/eltrabajo.cl\/portal\/el-uni-uni-iguala-en-blanco-con-audax-y-se-ilusiona-con-avanzar-en-la-copa-chile\/","title":{"rendered":"El Un\u00ed Un\u00ed iguala en blanco con Audax y se ilusiona con avanzar en la Copa Chile"},"content":{"rendered":"<p>En un partido que regal\u00f3 pocas, por no decir nulas cuotas de emoci\u00f3n, a ra\u00edz que ambos conjuntos se crearon escasas ocasiones reales de gol para hacer el desnivel, Uni\u00f3n San Felipe rescat\u00f3 una importante igualdad en blanco ante Audax Italiano.<br \/>\nLa paridad deja bien aspectado de cara a la revancha del pr\u00f3ximo s\u00e1bado en el Estadio Municipal, porque a la importancia del resultado se agrega algo no menor como lo fue el que en el c\u00e9sped artificial del Municipal de La Florida, no se apreciaron las distancias futbol\u00edsticas y de categor\u00eda que deber\u00edan existir entre un equipo de la Primera A y otro de la B nacional.<br \/>\nEn t\u00e9rminos generales el duelo siempre fue parejo, porque desde el inicio las escuadras privilegiaron dedicarse a cortar los circuitos de elaboraci\u00f3n de su oponente que, a jugar de manera m\u00e1s libre, eso se tradujo que pr\u00e1cticamente no hubiera oportunidades de gol durante el primer lapso, salvo una que otra aproximaci\u00f3n que algo de preocupaci\u00f3n caus\u00f3 en los arqueros Joaqu\u00edn Mu\u00f1oz y Andr\u00e9s Fern\u00e1ndez.<br \/>\nLas llegadas albirrojas en el primer acto se produjeron mediante el expediente del bal\u00f3n detenido y estuvieron a cargo de Jes\u00fas Pino y Benjam\u00edn Gazzolo, quienes en el 14\u2019 y 41\u2019 asestaron sendos cabezazos que pasaron muy cerca de la porter\u00eda it\u00e1lica.<br \/>\nPara la segunda etapa la orden de los bancos t\u00e9cnicos fue soltar un poco las amarras, eso se tradujo en que la noche pudiera calentarse algo ya que casi de inmediato los de colonia probaron la seguridad y reflejos del joven arquero albirrojo Andr\u00e9s Fern\u00e1ndez, quien debi\u00f3 recurrir a sus grandes reflejos para desviar un bal\u00f3n con mucho veneno que hab\u00eda cabeceado Fabian Torres, en el minuto 49.<br \/>\nUni\u00f3n San Felipe, respondi\u00f3 la gentileza adelantando un poco m\u00e1s sus l\u00edneas, y de no ser por la mala vista del \u00e1rbitro Fabi\u00e1n Aracena, pudo haber hecho la diferencia si no es porque el juez dej\u00f3 sin sanci\u00f3n una clara mano penal del audino Nicol\u00e1s Fern\u00e1ndez.<br \/>\nCon mayor ritmo, pero sin mayores refriegas en las \u00e1reas, el partido sigui\u00f3 su curso parsimonioso, que solo se movi\u00f3 algo cuando, Andr\u00e9s Fern\u00e1ndez, tap\u00f3 una pelota muy venenosa de Jes\u00fas Hern\u00e1ndez, acci\u00f3n con la que el portero demostr\u00f3 que puede pelearle si problemas la titularidad a Jonathan Salvador.<br \/>\nEl duelo que abri\u00f3 la llave de cuartos de los octavos de final de Copa Chile, entre Audax y los aconcag\u00fcinos, en todo momento fue parejo, por lo que el empate fue el mejor reflejo de lo sucedido en el campo de juego; ahora habr\u00e1 que esperar hasta la revancha de este s\u00e1bado para saber a cu\u00e1l de los dos se benefici\u00f3 con este frio y opaco cero a cero.<br \/>\nFicha T\u00e9cnica<br \/>\nPartido de Ida.<br \/>\nOctavos de final Copa Chile.<br \/>\nEstadio Municipal de La Florida.<br \/>\n\u00c1rbitro: Fabi\u00e1n Aracena.<br \/>\nAudax Italiano (0): Joaqu\u00edn Mu\u00f1oz; Carlos Labr\u00edn, Fabian Torres, Nicolas Crovetto; Nicolas Fern\u00e1ndez, Ricardo Escobar (\u00c1lvaro Delgado), Ariel Mart\u00ednez (Ricardo Fuenzalida), Jorge Henr\u00edquez, Luis Cabrera (Osvaldo Bosso); Ignacio Jeraldino, Jes\u00fas Hern\u00e1ndez. DT: Juan Jos\u00e9 Ribera.<br \/>\nUni\u00f3n San Felipe (0): Andr\u00e9s Fern\u00e1ndez; David Fern\u00e1ndez, Benjam\u00edn Gazzolo, Gonzalo Villegas; Francisco Salinas, Jos\u00e9 Mart\u00ednez, Jes\u00fas Pino, Bryan Cort\u00e9s, Bruno Martini (Leandro Fioravanti); Jimmy Cisterna (Byro Rivero), Miguel Orellana (\u00c1ngel Vildozo). DT: Germ\u00e1n Corengia.<br \/>\nGoles: No hubo.<\/p>\n<figure id=\"attachment_93072\" aria-describedby=\"caption-attachment-93072\" style=\"width: 580px\" class=\"wp-caption alignnone\"><img data-recalc-dims=\"1\" loading=\"lazy\" decoding=\"async\" class=\"size-full wp-image-93072\" src=\"https:\/\/i0.wp.com\/www.eltrabajo.cl\/portal\/wp-content\/uploads\/2019\/07\/audax-uni-1.jpg?resize=580%2C358\" alt=\"En el estadio Municipal de Florida se jug\u00f3 el partido de ida por cuartos de final de Copa Chile entre Audax Italiano y Uni\u00f3n San Felipe. (Foto: Jorge Ampuero)\" width=\"580\" height=\"358\" srcset=\"https:\/\/i0.wp.com\/eltrabajo.cl\/portal\/wp-content\/uploads\/2019\/07\/audax-uni-1.jpg?w=580&amp;ssl=1 580w, https:\/\/i0.wp.com\/eltrabajo.cl\/portal\/wp-content\/uploads\/2019\/07\/audax-uni-1.jpg?resize=200%2C123&amp;ssl=1 200w, https:\/\/i0.wp.com\/eltrabajo.cl\/portal\/wp-content\/uploads\/2019\/07\/audax-uni-1.jpg?resize=300%2C185&amp;ssl=1 300w, https:\/\/i0.wp.com\/eltrabajo.cl\/portal\/wp-content\/uploads\/2019\/07\/audax-uni-1.jpg?resize=243%2C150&amp;ssl=1 243w, https:\/\/i0.wp.com\/eltrabajo.cl\/portal\/wp-content\/uploads\/2019\/07\/audax-uni-1.jpg?resize=400%2C247&amp;ssl=1 400w\" sizes=\"auto, (max-width: 580px) 100vw, 580px\" \/><figcaption id=\"caption-attachment-93072\" class=\"wp-caption-text\">En el estadio Municipal de Florida se jug\u00f3 el partido de ida por cuartos de final de Copa Chile entre Audax Italiano y Uni\u00f3n San Felipe. (Foto: Jorge Ampuero)<\/figcaption><\/figure>\n<figure id=\"attachment_93073\" aria-describedby=\"caption-attachment-93073\" style=\"width: 580px\" class=\"wp-caption alignnone\"><img data-recalc-dims=\"1\" loading=\"lazy\" decoding=\"async\" class=\"size-full wp-image-93073\" src=\"https:\/\/i0.wp.com\/www.eltrabajo.cl\/portal\/wp-content\/uploads\/2019\/07\/audax-uni.jpg?resize=580%2C359\" alt=\"El volante Bryan Cort\u00e9s intenta superar la marca de un jugador it\u00e1lico. (Foto: Jorge Ampuero)\" width=\"580\" height=\"359\" srcset=\"https:\/\/i0.wp.com\/eltrabajo.cl\/portal\/wp-content\/uploads\/2019\/07\/audax-uni.jpg?w=580&amp;ssl=1 580w, https:\/\/i0.wp.com\/eltrabajo.cl\/portal\/wp-content\/uploads\/2019\/07\/audax-uni.jpg?resize=200%2C124&amp;ssl=1 200w, https:\/\/i0.wp.com\/eltrabajo.cl\/portal\/wp-content\/uploads\/2019\/07\/audax-uni.jpg?resize=300%2C186&amp;ssl=1 300w, https:\/\/i0.wp.com\/eltrabajo.cl\/portal\/wp-content\/uploads\/2019\/07\/audax-uni.jpg?resize=242%2C150&amp;ssl=1 242w, https:\/\/i0.wp.com\/eltrabajo.cl\/portal\/wp-content\/uploads\/2019\/07\/audax-uni.jpg?resize=400%2C248&amp;ssl=1 400w\" sizes=\"auto, (max-width: 580px) 100vw, 580px\" \/><figcaption id=\"caption-attachment-93073\" class=\"wp-caption-text\">El volante Bryan Cort\u00e9s intenta superar la marca de un jugador it\u00e1lico. (Foto: Jorge Ampuero)<\/figcaption><\/figure>\n","protected":false},"excerpt":{"rendered":"<p>En un partido que regal\u00f3 pocas, por no decir nulas cuotas de emoci\u00f3n, a ra\u00edz que ambos conjuntos se crearon escasas ocasiones reales de gol para hacer el desnivel, Uni\u00f3n San Felipe&#8230;<\/p>\n","protected":false},"author":482,"featured_media":93073,"comment_status":"open","ping_status":"open","sticky":false,"template":"","format":"standard","meta":{"advanced_seo_description":"","jetpack_seo_html_title":"","jetpack_seo_noindex":false,"_jetpack_memberships_contains_paid_content":false,"footnotes":""},"categories":[19],"tags":[],"class_list":["post-93071","post","type-post","status-publish","format-standard","has-post-thumbnail","hentry","category-deportes"],"jetpack_featured_media_url":"https:\/\/i0.wp.com\/eltrabajo.cl\/portal\/wp-content\/uploads\/2019\/07\/audax-uni.jpg?fit=580%2C359&ssl=1","jetpack_sharing_enabled":true,"jetpack_likes_enabled":true,"jetpack-related-posts":[],"_links":{"self":[{"href":"https:\/\/eltrabajo.cl\/portal\/wp-json\/wp\/v2\/posts\/93071","targetHints":{"allow":["GET"]}}],"collection":[{"href":"https:\/\/eltrabajo.cl\/portal\/wp-json\/wp\/v2\/posts"}],"about":[{"href":"https:\/\/eltrabajo.cl\/portal\/wp-json\/wp\/v2\/types\/post"}],"author":[{"embeddable":true,"href":"https:\/\/eltrabajo.cl\/portal\/wp-json\/wp\/v2\/users\/482"}],"replies":[{"embeddable":true,"href":"https:\/\/eltrabajo.cl\/portal\/wp-json\/wp\/v2\/comments?post=93071"}],"version-history":[{"count":0,"href":"https:\/\/eltrabajo.cl\/portal\/wp-json\/wp\/v2\/posts\/93071\/revisions"}],"wp:featuredmedia":[{"embeddable":true,"href":"https:\/\/eltrabajo.cl\/portal\/wp-json\/wp\/v2\/media\/93073"}],"wp:attachment":[{"href":"https:\/\/eltrabajo.cl\/portal\/wp-json\/wp\/v2\/media?parent=93071"}],"wp:term":[{"taxonomy":"category","embeddable":true,"href":"https:\/\/eltrabajo.cl\/portal\/wp-json\/wp\/v2\/categories?post=93071"},{"taxonomy":"post_tag","embeddable":true,"href":"https:\/\/eltrabajo.cl\/portal\/wp-json\/wp\/v2\/tags?post=93071"}],"curies":[{"name":"wp","href":"https:\/\/api.w.org\/{rel}","templated":true}]}}