{"id":93150,"date":"2019-07-19T05:01:12","date_gmt":"2019-07-19T09:01:12","guid":{"rendered":"http:\/\/www.eltrabajo.cl\/portal\/?p=93150"},"modified":"2019-07-18T20:52:39","modified_gmt":"2019-07-19T00:52:39","slug":"el-angel-del-gol-conversa-con-diario-el-trabajo-en-sus-ultimas-horas-como-futbolista-activo","status":"publish","type":"post","link":"https:\/\/eltrabajo.cl\/portal\/el-angel-del-gol-conversa-con-diario-el-trabajo-en-sus-ultimas-horas-como-futbolista-activo\/","title":{"rendered":"\u2018El \u00c1ngel del Gol\u2019 conversa con Diario \u2018El Trabajo\u2019 en sus \u00faltimas horas como futbolista activo"},"content":{"rendered":"<p>En pocas horas m\u00e1s, los hinchas m\u00e1s fieles del Un\u00ed Un\u00ed ser\u00e1n testigos de un momento inolvidable y que de seguro pasar\u00e1 a engrosar la rica historia de la instituci\u00f3n sanfelipe\u00f1a. Con toda seguridad la despedida oficial de \u00c1ngel Vildozo, har\u00e1 pasar a un segundo plano el importante partido de revancha por los octavos de final de la Copa Chile, y es que el \u2018\u00c1ngel del Gol\u2019 se gan\u00f3 con creces el cari\u00f1o, respeto y toda la admiraci\u00f3n del medio, al ser una de las figuras consulares en la hist\u00f3rica campa\u00f1a del 2009, donde los albirrojos se consagraron campeones del torneo oficial de la B y la Copa Chile, y si aeso le sumamos sus goles a Guaran\u00ed y Liga Deportiva Universitaria de Quito, en la Sudamericana, explican por s\u00ed sola la categor\u00eda del \u00eddolo del artillero trasandino.<br \/>\nA pocas horas de su adi\u00f3s oficial como futbolista, Vildozo se\u00f1al\u00f3: \u00abTengo que aguantar las l\u00e1grimas, de verdad, esto que estoy viviendo es muy emocionante; el saber que cada d\u00eda ser\u00e1 el \u00faltimo me da una sensaci\u00f3n muy especial, que nunca hab\u00eda sentido durante mi vida\u00bb.<br \/>\nEl goleador destac\u00f3 el apoyo que le ha brindado el plantel sanfelipe\u00f1o durante una semana que ha sido dif\u00edcil en lo emocional: \u00abMe han ayudado (sus compa\u00f1eros) mucho al estar todo el tiempo cerca m\u00edo en cada cosa que hago; de todas las cosas que me llevar\u00e9, sin lugar a dudas el respeto y cari\u00f1o de mis compa\u00f1eros es una de las m\u00e1s importantes\u00bb, dijo.<br \/>\nSobre las sensaciones que lo embargan en estos momentos, el goleador fue muy claro: \u00abPisar el Municipal por \u00faltima vez ser\u00e1 especial, ya que se me vendr\u00e1n los recuerdos de todo lo que vivimos en ese lugar; el tener que levantar los brazos, saludar y decir adi\u00f3s es un sue\u00f1o que cumplir\u00e9\u00bb, explic\u00f3.<br \/>\nFiel a su estilo, donde siempre privilegi\u00f3 lo grupal por sobre lo personal, en el final de la conversaci\u00f3n, \u00c1ngel Vildozo dispar\u00f3: \u00abQuiero que el equipo se concentre en lo importante que es el partido, donde nos jugaremos la posibilidad de avanzar en la Copa Chile; entiendo a la gente por todo lo que vivimos, y es l\u00f3gico que me emocione el ver y comprobar que la hinchada me muestra su cari\u00f1o en cada lugar\u00bb.<\/p>\n<figure id=\"attachment_93151\" aria-describedby=\"caption-attachment-93151\" style=\"width: 579px\" class=\"wp-caption alignnone\"><img data-recalc-dims=\"1\" loading=\"lazy\" decoding=\"async\" class=\"size-full wp-image-93151\" src=\"https:\/\/i0.wp.com\/www.eltrabajo.cl\/portal\/wp-content\/uploads\/2019\/07\/angel-vildozo-copia.jpg?resize=579%2C629\" alt=\"\u00c1ngel Vildozo en uno de sus \u00faltimos entrenamientos  antes del retiro en el Un\u00ed Un\u00ed.\" width=\"579\" height=\"629\" srcset=\"https:\/\/i0.wp.com\/eltrabajo.cl\/portal\/wp-content\/uploads\/2019\/07\/angel-vildozo-copia.jpg?w=579&amp;ssl=1 579w, https:\/\/i0.wp.com\/eltrabajo.cl\/portal\/wp-content\/uploads\/2019\/07\/angel-vildozo-copia.jpg?resize=138%2C150&amp;ssl=1 138w, https:\/\/i0.wp.com\/eltrabajo.cl\/portal\/wp-content\/uploads\/2019\/07\/angel-vildozo-copia.jpg?resize=276%2C300&amp;ssl=1 276w, https:\/\/i0.wp.com\/eltrabajo.cl\/portal\/wp-content\/uploads\/2019\/07\/angel-vildozo-copia.jpg?resize=400%2C435&amp;ssl=1 400w\" sizes=\"auto, (max-width: 579px) 100vw, 579px\" \/><figcaption id=\"caption-attachment-93151\" class=\"wp-caption-text\">\u00c1ngel Vildozo en uno de sus \u00faltimos entrenamientos antes del retiro en el Un\u00ed Un\u00ed.<\/figcaption><\/figure>\n","protected":false},"excerpt":{"rendered":"<p>En pocas horas m\u00e1s, los hinchas m\u00e1s fieles del Un\u00ed Un\u00ed ser\u00e1n testigos de un momento inolvidable y que de seguro pasar\u00e1 a engrosar la rica historia de la instituci\u00f3n sanfelipe\u00f1a. Con&#8230;<\/p>\n","protected":false},"author":482,"featured_media":93152,"comment_status":"open","ping_status":"open","sticky":false,"template":"","format":"standard","meta":{"advanced_seo_description":"","jetpack_seo_html_title":"","jetpack_seo_noindex":false,"_jetpack_memberships_contains_paid_content":false,"footnotes":""},"categories":[19],"tags":[],"class_list":["post-93150","post","type-post","status-publish","format-standard","has-post-thumbnail","hentry","category-deportes"],"jetpack_featured_media_url":"https:\/\/i0.wp.com\/eltrabajo.cl\/portal\/wp-content\/uploads\/2019\/07\/angel-vildozo.jpg?fit=580%2C358&ssl=1","jetpack_sharing_enabled":true,"jetpack_likes_enabled":true,"jetpack-related-posts":[],"_links":{"self":[{"href":"https:\/\/eltrabajo.cl\/portal\/wp-json\/wp\/v2\/posts\/93150","targetHints":{"allow":["GET"]}}],"collection":[{"href":"https:\/\/eltrabajo.cl\/portal\/wp-json\/wp\/v2\/posts"}],"about":[{"href":"https:\/\/eltrabajo.cl\/portal\/wp-json\/wp\/v2\/types\/post"}],"author":[{"embeddable":true,"href":"https:\/\/eltrabajo.cl\/portal\/wp-json\/wp\/v2\/users\/482"}],"replies":[{"embeddable":true,"href":"https:\/\/eltrabajo.cl\/portal\/wp-json\/wp\/v2\/comments?post=93150"}],"version-history":[{"count":0,"href":"https:\/\/eltrabajo.cl\/portal\/wp-json\/wp\/v2\/posts\/93150\/revisions"}],"wp:featuredmedia":[{"embeddable":true,"href":"https:\/\/eltrabajo.cl\/portal\/wp-json\/wp\/v2\/media\/93152"}],"wp:attachment":[{"href":"https:\/\/eltrabajo.cl\/portal\/wp-json\/wp\/v2\/media?parent=93150"}],"wp:term":[{"taxonomy":"category","embeddable":true,"href":"https:\/\/eltrabajo.cl\/portal\/wp-json\/wp\/v2\/categories?post=93150"},{"taxonomy":"post_tag","embeddable":true,"href":"https:\/\/eltrabajo.cl\/portal\/wp-json\/wp\/v2\/tags?post=93150"}],"curies":[{"name":"wp","href":"https:\/\/api.w.org\/{rel}","templated":true}]}}