{"id":93176,"date":"2019-07-22T05:01:50","date_gmt":"2019-07-22T09:01:50","guid":{"rendered":"http:\/\/www.eltrabajo.cl\/portal\/?p=93176"},"modified":"2019-07-21T20:57:43","modified_gmt":"2019-07-22T00:57:43","slug":"el-angel-del-gol-ya-es-ex-jugador","status":"publish","type":"post","link":"https:\/\/eltrabajo.cl\/portal\/el-angel-del-gol-ya-es-ex-jugador\/","title":{"rendered":"\u2018El \u00c1ngel del Gol\u2019 ya es ex jugador"},"content":{"rendered":"<p>Sin lugar a dudas el retiro oficial de Luis \u00c1ngel Vildozo, termin\u00f3 por eclipsar el resultado final del partido entre el Un\u00ed Un\u00ed y Audax Italiano, y es que era evidente que gran parte del p\u00fablico que el s\u00e1bado lleg\u00f3 hasta el Municipal, lo hizo con la motivaci\u00f3n extra de ser parte de un momento \u00fanico e inolvidable, para despedir a un jugador que marc\u00f3 una de las etapas m\u00e1s gloriosas en toda la historia de Uni\u00f3n San Felipe.<br \/>\nEl ariete trasandino estuvo en el campo de juego hasta el minuto 26 del segundo lapso, y m\u00e1s all\u00e1 de consideraciones emocionales o de respeto, su actuaci\u00f3n puede ser catalogada como buena, ya que se vio activo, adem\u00e1s de ser un constante peligro para la zaga audina.<br \/>\nSu salida fue muy aplaudida, y una vez que el juez aprob\u00f3 su reemplazo, Vildozo corri\u00f3 hasta la mitad de la cancha para hacerle entrega de la jineta de capit\u00e1n a David Fern\u00e1ndez, con quien se fundi\u00f3 en un abrazo. Luego vendr\u00edan las l\u00e1grimas no s\u00f3lo del \u2018\u00c1ngel del Gol\u2019, sino que tambi\u00e9n de parte de la hinchada que pareci\u00f3 retroceder en el tiempo para recordar citas hist\u00f3ricas en las cuales el delantero regal\u00f3 jornadas inolvidables como fueron sus goles en el t\u00edtulo del 2009, o las Copas Chile y Sudamericana, en 2009 y 2010 respectivamente.<br \/>\nTerminado el partido, Vildozo debi\u00f3 dedicar largos minutos antes de entrar al camar\u00edn, debido a que muchos hinchas lo buscaron para autografiar camisetas y sacarse fotos con el ahora ex jugador. \u00abGracias por hacerme sentir un sanfelipe\u00f1o m\u00e1s, no se que hice para merecer tanto cari\u00f1o, ning\u00fan gol que hice me hace merecedor de todo esto\u00bb, fueron algunas de las palabras de Vildozo, antes que la emoci\u00f3n terminara por quebrarlo de manera definitiva.<\/p>\n<figure id=\"attachment_93177\" aria-describedby=\"caption-attachment-93177\" style=\"width: 580px\" class=\"wp-caption alignnone\"><img data-recalc-dims=\"1\" loading=\"lazy\" decoding=\"async\" class=\"size-full wp-image-93177\" src=\"https:\/\/i0.wp.com\/www.eltrabajo.cl\/portal\/wp-content\/uploads\/2019\/07\/vildozo.jpg?resize=580%2C360\" alt=\"Antes del inicio del partido el ariete recibi\u00f3 un homenaje del que fue parte el recordado t\u00e9cnico Roberto Mariani. (Foto: Jaime G\u00f3mez)\" width=\"580\" height=\"360\" srcset=\"https:\/\/i0.wp.com\/eltrabajo.cl\/portal\/wp-content\/uploads\/2019\/07\/vildozo.jpg?w=580&amp;ssl=1 580w, https:\/\/i0.wp.com\/eltrabajo.cl\/portal\/wp-content\/uploads\/2019\/07\/vildozo.jpg?resize=200%2C124&amp;ssl=1 200w, https:\/\/i0.wp.com\/eltrabajo.cl\/portal\/wp-content\/uploads\/2019\/07\/vildozo.jpg?resize=300%2C186&amp;ssl=1 300w, https:\/\/i0.wp.com\/eltrabajo.cl\/portal\/wp-content\/uploads\/2019\/07\/vildozo.jpg?resize=242%2C150&amp;ssl=1 242w, https:\/\/i0.wp.com\/eltrabajo.cl\/portal\/wp-content\/uploads\/2019\/07\/vildozo.jpg?resize=400%2C248&amp;ssl=1 400w\" sizes=\"auto, (max-width: 580px) 100vw, 580px\" \/><figcaption id=\"caption-attachment-93177\" class=\"wp-caption-text\">Antes del inicio del partido el ariete recibi\u00f3 un homenaje del que fue parte el recordado t\u00e9cnico Roberto Mariani. (Foto: Jaime G\u00f3mez)<\/figcaption><\/figure>\n","protected":false},"excerpt":{"rendered":"<p>Sin lugar a dudas el retiro oficial de Luis \u00c1ngel Vildozo, termin\u00f3 por eclipsar el resultado final del partido entre el Un\u00ed Un\u00ed y Audax Italiano, y es que era evidente que&#8230;<\/p>\n","protected":false},"author":482,"featured_media":93177,"comment_status":"open","ping_status":"open","sticky":false,"template":"","format":"standard","meta":{"advanced_seo_description":"","jetpack_seo_html_title":"","jetpack_seo_noindex":false,"_jetpack_memberships_contains_paid_content":false,"footnotes":""},"categories":[19],"tags":[],"class_list":["post-93176","post","type-post","status-publish","format-standard","has-post-thumbnail","hentry","category-deportes"],"jetpack_featured_media_url":"https:\/\/i0.wp.com\/eltrabajo.cl\/portal\/wp-content\/uploads\/2019\/07\/vildozo.jpg?fit=580%2C360&ssl=1","jetpack_sharing_enabled":true,"jetpack_likes_enabled":true,"jetpack-related-posts":[],"_links":{"self":[{"href":"https:\/\/eltrabajo.cl\/portal\/wp-json\/wp\/v2\/posts\/93176","targetHints":{"allow":["GET"]}}],"collection":[{"href":"https:\/\/eltrabajo.cl\/portal\/wp-json\/wp\/v2\/posts"}],"about":[{"href":"https:\/\/eltrabajo.cl\/portal\/wp-json\/wp\/v2\/types\/post"}],"author":[{"embeddable":true,"href":"https:\/\/eltrabajo.cl\/portal\/wp-json\/wp\/v2\/users\/482"}],"replies":[{"embeddable":true,"href":"https:\/\/eltrabajo.cl\/portal\/wp-json\/wp\/v2\/comments?post=93176"}],"version-history":[{"count":0,"href":"https:\/\/eltrabajo.cl\/portal\/wp-json\/wp\/v2\/posts\/93176\/revisions"}],"wp:featuredmedia":[{"embeddable":true,"href":"https:\/\/eltrabajo.cl\/portal\/wp-json\/wp\/v2\/media\/93177"}],"wp:attachment":[{"href":"https:\/\/eltrabajo.cl\/portal\/wp-json\/wp\/v2\/media?parent=93176"}],"wp:term":[{"taxonomy":"category","embeddable":true,"href":"https:\/\/eltrabajo.cl\/portal\/wp-json\/wp\/v2\/categories?post=93176"},{"taxonomy":"post_tag","embeddable":true,"href":"https:\/\/eltrabajo.cl\/portal\/wp-json\/wp\/v2\/tags?post=93176"}],"curies":[{"name":"wp","href":"https:\/\/api.w.org\/{rel}","templated":true}]}}