{"id":93197,"date":"2019-07-23T05:00:01","date_gmt":"2019-07-23T09:00:01","guid":{"rendered":"http:\/\/www.eltrabajo.cl\/portal\/?p=93197"},"modified":"2019-07-22T21:52:36","modified_gmt":"2019-07-23T01:52:36","slug":"parte-del-historico-plantel-multicampeon-del-uni-uni-conmemoro-la-gesta-del-2009","status":"publish","type":"post","link":"https:\/\/eltrabajo.cl\/portal\/parte-del-historico-plantel-multicampeon-del-uni-uni-conmemoro-la-gesta-del-2009\/","title":{"rendered":"Parte del hist\u00f3rico plantel multicampe\u00f3n del Un\u00ed Un\u00ed conmemor\u00f3 la gesta del 2009"},"content":{"rendered":"<p>Debieron pasar diez largos a\u00f1os para que una parte del plantel albirrojo que durante la temporada 2009 gan\u00f3 los torneos de Apertura y Clausura de la Primera B, m\u00e1s la Copa Chile, pudiera reunirse para conmemorar una de las m\u00e1ximas gestas deportivas de Uni\u00f3n San Felipe y el f\u00fatbol chileno en general, ya que ning\u00fan otro equipo de la B ha podido repetir lo hecho por el grupo comandado por Roberto Mariani, una d\u00e9cada atr\u00e1s.<br \/>\nLa cita de los campeones se produjo en un c\u00e9ntrico restaurant sanfelipe\u00f1o, al que llegaron hombres que fueron vitales y excluyentes en dicha campa\u00f1a, partiendo por el profesor Roberto Mariani, y jugadores de la talla de: \u00c1ngel Vildozo, Patricio P\u00e9rez, Jonathan Dom\u00ednguez, Luis Corval\u00e1n, Juan Toloza, Manuel Hormaz\u00e1bal, David Fern\u00e1ndez y Juan Pablo Fuenzalida, a los que se sumaron otros que en esa \u00e9poca reci\u00e9n despuntaban, como era el caso de los en esa \u00e9poca juveniles: Christian Dur\u00e1n, Juan Pablo Estay, Patricio Rivera, Luis Quijanes, Eduardo Qui\u00f1onez.<br \/>\nEn la oportunidad la dirigencia sanfelipe\u00f1a, encabezada por Ra\u00fal Delgado, entreg\u00f3 a cada jugador una r\u00e9plica exacta de la camiseta utilizada ese recordado 2009, m\u00e1s un galvano conmemorativo. \u00abEste grupo entreg\u00f3 no solo a m\u00ed, sino que a toda mi familia los mejores momentos y las m\u00e1ximas alegr\u00edas desde que nos hicimos cargo del club\u00bb, expres\u00f3 Delgado.<br \/>\nPor su parte el capit\u00e1n de esa \u00e9poca, Patricio P\u00e9rez, agradeci\u00f3 a nombre de todo el plantel el gesto de la regencia y la oportunidad que se les dio para reunirse, mientras que el profesor Roberto Mariani indic\u00f3 que el paso de los a\u00f1os va dejando en claro que lo hecho el 2009 fue algo grande e hist\u00f3rico, y que dif\u00edcilmente podr\u00e1 ser repetido por otro equipo de la serie de plata del f\u00fatbol chileno.<\/p>\n<figure id=\"attachment_93198\" aria-describedby=\"caption-attachment-93198\" style=\"width: 580px\" class=\"wp-caption alignnone\"><img data-recalc-dims=\"1\" loading=\"lazy\" decoding=\"async\" class=\"size-full wp-image-93198\" src=\"https:\/\/i0.wp.com\/www.eltrabajo.cl\/portal\/wp-content\/uploads\/2019\/07\/reencuentrouni-mariani-2009-2.jpg?resize=580%2C359\" alt=\"A la cita lleg\u00f3 parte del grupo de jugadores que el 2009 gan\u00f3 todo en la B y la Copa Chile.\" width=\"580\" height=\"359\" srcset=\"https:\/\/i0.wp.com\/eltrabajo.cl\/portal\/wp-content\/uploads\/2019\/07\/reencuentrouni-mariani-2009-2.jpg?w=580&amp;ssl=1 580w, https:\/\/i0.wp.com\/eltrabajo.cl\/portal\/wp-content\/uploads\/2019\/07\/reencuentrouni-mariani-2009-2.jpg?resize=200%2C124&amp;ssl=1 200w, https:\/\/i0.wp.com\/eltrabajo.cl\/portal\/wp-content\/uploads\/2019\/07\/reencuentrouni-mariani-2009-2.jpg?resize=300%2C186&amp;ssl=1 300w, https:\/\/i0.wp.com\/eltrabajo.cl\/portal\/wp-content\/uploads\/2019\/07\/reencuentrouni-mariani-2009-2.jpg?resize=242%2C150&amp;ssl=1 242w, https:\/\/i0.wp.com\/eltrabajo.cl\/portal\/wp-content\/uploads\/2019\/07\/reencuentrouni-mariani-2009-2.jpg?resize=400%2C248&amp;ssl=1 400w\" sizes=\"auto, (max-width: 580px) 100vw, 580px\" \/><figcaption id=\"caption-attachment-93198\" class=\"wp-caption-text\">A la cita lleg\u00f3 parte del grupo de jugadores que el 2009 gan\u00f3 todo en la B y la Copa Chile.<\/figcaption><\/figure>\n<figure id=\"attachment_93199\" aria-describedby=\"caption-attachment-93199\" style=\"width: 580px\" class=\"wp-caption alignnone\"><img data-recalc-dims=\"1\" loading=\"lazy\" decoding=\"async\" class=\"size-full wp-image-93199\" src=\"https:\/\/i0.wp.com\/www.eltrabajo.cl\/portal\/wp-content\/uploads\/2019\/07\/reencuentrouni-mariani-2009-1.jpg?resize=580%2C358\" alt=\"David Fern\u00e1ndez, Jonathan Dom\u00ednguez y otros asistentes al evento junto al querido profesor Roberto Mariani.\" width=\"580\" height=\"358\" srcset=\"https:\/\/i0.wp.com\/eltrabajo.cl\/portal\/wp-content\/uploads\/2019\/07\/reencuentrouni-mariani-2009-1.jpg?w=580&amp;ssl=1 580w, https:\/\/i0.wp.com\/eltrabajo.cl\/portal\/wp-content\/uploads\/2019\/07\/reencuentrouni-mariani-2009-1.jpg?resize=200%2C123&amp;ssl=1 200w, https:\/\/i0.wp.com\/eltrabajo.cl\/portal\/wp-content\/uploads\/2019\/07\/reencuentrouni-mariani-2009-1.jpg?resize=300%2C185&amp;ssl=1 300w, https:\/\/i0.wp.com\/eltrabajo.cl\/portal\/wp-content\/uploads\/2019\/07\/reencuentrouni-mariani-2009-1.jpg?resize=243%2C150&amp;ssl=1 243w, https:\/\/i0.wp.com\/eltrabajo.cl\/portal\/wp-content\/uploads\/2019\/07\/reencuentrouni-mariani-2009-1.jpg?resize=400%2C247&amp;ssl=1 400w\" sizes=\"auto, (max-width: 580px) 100vw, 580px\" \/><figcaption id=\"caption-attachment-93199\" class=\"wp-caption-text\">David Fern\u00e1ndez, Jonathan Dom\u00ednguez y otros asistentes al evento junto al querido profesor Roberto Mariani.<\/figcaption><\/figure>\n","protected":false},"excerpt":{"rendered":"<p>Debieron pasar diez largos a\u00f1os para que una parte del plantel albirrojo que durante la temporada 2009 gan\u00f3 los torneos de Apertura y Clausura de la Primera B, m\u00e1s la Copa Chile,&#8230;<\/p>\n","protected":false},"author":482,"featured_media":93198,"comment_status":"open","ping_status":"open","sticky":false,"template":"","format":"standard","meta":{"advanced_seo_description":"","jetpack_seo_html_title":"","jetpack_seo_noindex":false,"_jetpack_memberships_contains_paid_content":false,"footnotes":""},"categories":[19],"tags":[],"class_list":["post-93197","post","type-post","status-publish","format-standard","has-post-thumbnail","hentry","category-deportes"],"jetpack_featured_media_url":"https:\/\/i0.wp.com\/eltrabajo.cl\/portal\/wp-content\/uploads\/2019\/07\/reencuentrouni-mariani-2009-2.jpg?fit=580%2C359&ssl=1","jetpack_sharing_enabled":true,"jetpack_likes_enabled":true,"jetpack-related-posts":[],"_links":{"self":[{"href":"https:\/\/eltrabajo.cl\/portal\/wp-json\/wp\/v2\/posts\/93197","targetHints":{"allow":["GET"]}}],"collection":[{"href":"https:\/\/eltrabajo.cl\/portal\/wp-json\/wp\/v2\/posts"}],"about":[{"href":"https:\/\/eltrabajo.cl\/portal\/wp-json\/wp\/v2\/types\/post"}],"author":[{"embeddable":true,"href":"https:\/\/eltrabajo.cl\/portal\/wp-json\/wp\/v2\/users\/482"}],"replies":[{"embeddable":true,"href":"https:\/\/eltrabajo.cl\/portal\/wp-json\/wp\/v2\/comments?post=93197"}],"version-history":[{"count":0,"href":"https:\/\/eltrabajo.cl\/portal\/wp-json\/wp\/v2\/posts\/93197\/revisions"}],"wp:featuredmedia":[{"embeddable":true,"href":"https:\/\/eltrabajo.cl\/portal\/wp-json\/wp\/v2\/media\/93198"}],"wp:attachment":[{"href":"https:\/\/eltrabajo.cl\/portal\/wp-json\/wp\/v2\/media?parent=93197"}],"wp:term":[{"taxonomy":"category","embeddable":true,"href":"https:\/\/eltrabajo.cl\/portal\/wp-json\/wp\/v2\/categories?post=93197"},{"taxonomy":"post_tag","embeddable":true,"href":"https:\/\/eltrabajo.cl\/portal\/wp-json\/wp\/v2\/tags?post=93197"}],"curies":[{"name":"wp","href":"https:\/\/api.w.org\/{rel}","templated":true}]}}