{"id":93361,"date":"2019-07-31T05:01:46","date_gmt":"2019-07-31T09:01:46","guid":{"rendered":"http:\/\/www.eltrabajo.cl\/portal\/?p=93361"},"modified":"2019-07-30T21:00:38","modified_gmt":"2019-07-31T01:00:38","slug":"german-corengia-se-muestra-tranquilo-por-el-presente-albirrojo","status":"publish","type":"post","link":"https:\/\/eltrabajo.cl\/portal\/german-corengia-se-muestra-tranquilo-por-el-presente-albirrojo\/","title":{"rendered":"Germ\u00e1n Corengia se muestra tranquilo por el presente albirrojo"},"content":{"rendered":"<p>El entrenador de Uni\u00f3n San Felipe, Germ\u00e1n Corengia, no se hace mayores dramas por la inesperada derrota que su escuadra sufri\u00f3 el s\u00e1bado pasado ante Barnechea. \u00abPor como se dieron las cosas, el resultado pudo haber sido distinto ya que tuvimos claras oportunidades para haber hecho diferencias, pero lamentablemente no aprovechamos las situaciones que dispusimos\u00bb, explic\u00f3 el adiestrador.<br \/>\nCorengia tiene plena tranquilidad en que el equipo se levantar\u00e1 al tener todav\u00eda un margen de crecimiento importante. \u00abTenemos jugadores importantes fuera (Mu\u00f1oz, \u00c1lvarez, Palacios), y los refuerzos necesitan algunos partidos para adaptarse; pero debo ser sincero en que estoy conforme con lo que hizo el equipo el s\u00e1bado al tener oportunidades. Lo que s\u00ed es claro, hay que mejorar cosas puntuales atr\u00e1s\u00bb, analiz\u00f3.<br \/>\nRespecto a la importancia de los trabajos para la presente semana donde el Un\u00ed Un\u00ed deber\u00e1 enfrentar al tambi\u00e9n herido Santiago Wanderers, coment\u00f3: \u00abHabr\u00e1 que recuperar a los que no est\u00e1n, sostener a los que est\u00e1n bien, y a eso sumarle que los refuerzos vayan tomando ritmo de competencia\u00bb.<\/p>\n<figure id=\"attachment_93362\" aria-describedby=\"caption-attachment-93362\" style=\"width: 580px\" class=\"wp-caption alignnone\"><img data-recalc-dims=\"1\" loading=\"lazy\" decoding=\"async\" class=\"size-full wp-image-93362\" src=\"https:\/\/i0.wp.com\/www.eltrabajo.cl\/portal\/wp-content\/uploads\/2019\/07\/corengia.jpg?resize=580%2C359\" alt=\"El entrenador no hace mayores dramas por el inicio en falso de su escuadra.\" width=\"580\" height=\"359\" srcset=\"https:\/\/i0.wp.com\/eltrabajo.cl\/portal\/wp-content\/uploads\/2019\/07\/corengia.jpg?w=580&amp;ssl=1 580w, https:\/\/i0.wp.com\/eltrabajo.cl\/portal\/wp-content\/uploads\/2019\/07\/corengia.jpg?resize=200%2C124&amp;ssl=1 200w, https:\/\/i0.wp.com\/eltrabajo.cl\/portal\/wp-content\/uploads\/2019\/07\/corengia.jpg?resize=300%2C186&amp;ssl=1 300w, https:\/\/i0.wp.com\/eltrabajo.cl\/portal\/wp-content\/uploads\/2019\/07\/corengia.jpg?resize=242%2C150&amp;ssl=1 242w, https:\/\/i0.wp.com\/eltrabajo.cl\/portal\/wp-content\/uploads\/2019\/07\/corengia.jpg?resize=400%2C248&amp;ssl=1 400w\" sizes=\"auto, (max-width: 580px) 100vw, 580px\" \/><figcaption id=\"caption-attachment-93362\" class=\"wp-caption-text\">El entrenador no hace mayores dramas por el inicio en falso de su escuadra.<\/figcaption><\/figure>\n","protected":false},"excerpt":{"rendered":"<p>El entrenador de Uni\u00f3n San Felipe, Germ\u00e1n Corengia, no se hace mayores dramas por la inesperada derrota que su escuadra sufri\u00f3 el s\u00e1bado pasado ante Barnechea. \u00abPor como se dieron las cosas,&#8230;<\/p>\n","protected":false},"author":482,"featured_media":93362,"comment_status":"open","ping_status":"open","sticky":false,"template":"","format":"standard","meta":{"advanced_seo_description":"","jetpack_seo_html_title":"","jetpack_seo_noindex":false,"_jetpack_memberships_contains_paid_content":false,"footnotes":""},"categories":[19],"tags":[],"class_list":["post-93361","post","type-post","status-publish","format-standard","has-post-thumbnail","hentry","category-deportes"],"jetpack_featured_media_url":"https:\/\/i0.wp.com\/eltrabajo.cl\/portal\/wp-content\/uploads\/2019\/07\/corengia.jpg?fit=580%2C359&ssl=1","jetpack_sharing_enabled":true,"jetpack_likes_enabled":true,"jetpack-related-posts":[],"_links":{"self":[{"href":"https:\/\/eltrabajo.cl\/portal\/wp-json\/wp\/v2\/posts\/93361","targetHints":{"allow":["GET"]}}],"collection":[{"href":"https:\/\/eltrabajo.cl\/portal\/wp-json\/wp\/v2\/posts"}],"about":[{"href":"https:\/\/eltrabajo.cl\/portal\/wp-json\/wp\/v2\/types\/post"}],"author":[{"embeddable":true,"href":"https:\/\/eltrabajo.cl\/portal\/wp-json\/wp\/v2\/users\/482"}],"replies":[{"embeddable":true,"href":"https:\/\/eltrabajo.cl\/portal\/wp-json\/wp\/v2\/comments?post=93361"}],"version-history":[{"count":0,"href":"https:\/\/eltrabajo.cl\/portal\/wp-json\/wp\/v2\/posts\/93361\/revisions"}],"wp:featuredmedia":[{"embeddable":true,"href":"https:\/\/eltrabajo.cl\/portal\/wp-json\/wp\/v2\/media\/93362"}],"wp:attachment":[{"href":"https:\/\/eltrabajo.cl\/portal\/wp-json\/wp\/v2\/media?parent=93361"}],"wp:term":[{"taxonomy":"category","embeddable":true,"href":"https:\/\/eltrabajo.cl\/portal\/wp-json\/wp\/v2\/categories?post=93361"},{"taxonomy":"post_tag","embeddable":true,"href":"https:\/\/eltrabajo.cl\/portal\/wp-json\/wp\/v2\/tags?post=93361"}],"curies":[{"name":"wp","href":"https:\/\/api.w.org\/{rel}","templated":true}]}}