{"id":93364,"date":"2019-07-31T05:02:44","date_gmt":"2019-07-31T09:02:44","guid":{"rendered":"http:\/\/www.eltrabajo.cl\/portal\/?p=93364"},"modified":"2019-07-30T21:01:52","modified_gmt":"2019-07-31T01:01:52","slug":"definitivamente-el-basquet-de-san-felipe-no-ira-a-ningun-nacional-este-2019","status":"publish","type":"post","link":"https:\/\/eltrabajo.cl\/portal\/definitivamente-el-basquet-de-san-felipe-no-ira-a-ningun-nacional-este-2019\/","title":{"rendered":"Definitivamente el b\u00e1squet de San Felipe no ir\u00e1 a ning\u00fan nacional este 2019"},"content":{"rendered":"<p>Sorpresa y alta cuotas de malestar en los cestos locales, provoc\u00f3 la eliminaci\u00f3n de las selecciones U15 (mujeres \u2013 hombres) y U19 de varones de los pr\u00f3ximos torneos Nacionales Federados de B\u00e1squetbol.<br \/>\nEl que San Felipe se haya quedado sin participar en los eventos m\u00e1s importantes en todas las categor\u00edas formativas, es una novedad completamente negativa, debido a que la \u2018Ciudad Fuerte y Feliz\u2019 ha tenido sucesivas participaciones en ese tipo de eventos durante la \u00faltima d\u00e9cada, obteniendo incluso t\u00edtulos nacionales.<br \/>\nContra todos los pron\u00f3sticos, y al igual que los otros combinados sanfelipe\u00f1os, la selecci\u00f3n femenina menor de 15 a\u00f1os qued\u00f3 en el tercer lugar de la clasificatoria regional, tras sus similares de Vi\u00f1a del Mar y Valpara\u00edso, quedando solo por arriba de Marga Marga.<br \/>\nEn los varones el team aconcag\u00fcino estuvo a un paso de lograr la haza\u00f1a, pero solo se tuvo que conformar con el segundo puesto.<br \/>\nY si fue sorpresa la eliminaci\u00f3n de los U15, lo de la U19 masculina provoc\u00f3 casi conmoci\u00f3n, porque se daba por descontado que el quinteto juvenil sanfelipe\u00f1o lograr\u00eda inscribirse para ser parte del Nacional de su serie, pero se estuvo muy lejos de ese objetivo al quedar pen\u00faltimos en la eliminatoria.<br \/>\nPosiciones U15:<br \/>\nDamas<br \/>\n1.- Vi\u00f1a del Mar<br \/>\n2.- Valpara\u00edso<br \/>\n3.- San Felipe<br \/>\n4.- Marga Marga<br \/>\nVarones<br \/>\n1.- Valpara\u00edso<br \/>\n2.- San Felipe<br \/>\n3.- Marga Marga<br \/>\n4.- Vi\u00f1a del Mar<br \/>\nU19<br \/>\n1.- Marga Marga<br \/>\n2.- Valpara\u00edso<br \/>\n3.- Coquimbo<br \/>\n4.- San Felipe<br \/>\n5.- Vi\u00f1a Del Mar<\/p>\n<figure id=\"attachment_93365\" aria-describedby=\"caption-attachment-93365\" style=\"width: 580px\" class=\"wp-caption alignnone\"><img data-recalc-dims=\"1\" loading=\"lazy\" decoding=\"async\" class=\"size-full wp-image-93365\" src=\"https:\/\/i0.wp.com\/www.eltrabajo.cl\/portal\/wp-content\/uploads\/2019\/07\/damas.jpg?resize=580%2C476\" alt=\"Las selecciones U15 de San Felipe quedaron fuera de los Nacionales de su serie.\" width=\"580\" height=\"476\" srcset=\"https:\/\/i0.wp.com\/eltrabajo.cl\/portal\/wp-content\/uploads\/2019\/07\/damas.jpg?w=580&amp;ssl=1 580w, https:\/\/i0.wp.com\/eltrabajo.cl\/portal\/wp-content\/uploads\/2019\/07\/damas.jpg?resize=183%2C150&amp;ssl=1 183w, https:\/\/i0.wp.com\/eltrabajo.cl\/portal\/wp-content\/uploads\/2019\/07\/damas.jpg?resize=300%2C246&amp;ssl=1 300w, https:\/\/i0.wp.com\/eltrabajo.cl\/portal\/wp-content\/uploads\/2019\/07\/damas.jpg?resize=400%2C328&amp;ssl=1 400w\" sizes=\"auto, (max-width: 580px) 100vw, 580px\" \/><figcaption id=\"caption-attachment-93365\" class=\"wp-caption-text\">Las selecciones U15 de San Felipe quedaron fuera de los Nacionales de su serie.<\/figcaption><\/figure>\n<figure id=\"attachment_93366\" aria-describedby=\"caption-attachment-93366\" style=\"width: 580px\" class=\"wp-caption alignnone\"><img data-recalc-dims=\"1\" loading=\"lazy\" decoding=\"async\" class=\"size-full wp-image-93366\" src=\"https:\/\/i0.wp.com\/www.eltrabajo.cl\/portal\/wp-content\/uploads\/2019\/07\/hombres.jpg?resize=580%2C358\" alt=\"Las selecciones U15 de San Felipe quedaron fuera de los Nacionales de su serie.\" width=\"580\" height=\"358\" srcset=\"https:\/\/i0.wp.com\/eltrabajo.cl\/portal\/wp-content\/uploads\/2019\/07\/hombres.jpg?w=580&amp;ssl=1 580w, https:\/\/i0.wp.com\/eltrabajo.cl\/portal\/wp-content\/uploads\/2019\/07\/hombres.jpg?resize=200%2C123&amp;ssl=1 200w, https:\/\/i0.wp.com\/eltrabajo.cl\/portal\/wp-content\/uploads\/2019\/07\/hombres.jpg?resize=300%2C185&amp;ssl=1 300w, https:\/\/i0.wp.com\/eltrabajo.cl\/portal\/wp-content\/uploads\/2019\/07\/hombres.jpg?resize=243%2C150&amp;ssl=1 243w, https:\/\/i0.wp.com\/eltrabajo.cl\/portal\/wp-content\/uploads\/2019\/07\/hombres.jpg?resize=400%2C247&amp;ssl=1 400w\" sizes=\"auto, (max-width: 580px) 100vw, 580px\" \/><figcaption id=\"caption-attachment-93366\" class=\"wp-caption-text\">Las selecciones U15 de San Felipe quedaron fuera de los Nacionales de su serie.<\/figcaption><\/figure>\n","protected":false},"excerpt":{"rendered":"<p>Sorpresa y alta cuotas de malestar en los cestos locales, provoc\u00f3 la eliminaci\u00f3n de las selecciones U15 (mujeres \u2013 hombres) y U19 de varones de los pr\u00f3ximos torneos Nacionales Federados de B\u00e1squetbol&#8230;.<\/p>\n","protected":false},"author":482,"featured_media":93366,"comment_status":"open","ping_status":"open","sticky":false,"template":"","format":"standard","meta":{"advanced_seo_description":"","jetpack_seo_html_title":"","jetpack_seo_noindex":false,"_jetpack_memberships_contains_paid_content":false,"footnotes":""},"categories":[19],"tags":[],"class_list":["post-93364","post","type-post","status-publish","format-standard","has-post-thumbnail","hentry","category-deportes"],"jetpack_featured_media_url":"https:\/\/i0.wp.com\/eltrabajo.cl\/portal\/wp-content\/uploads\/2019\/07\/hombres.jpg?fit=580%2C358&ssl=1","jetpack_sharing_enabled":true,"jetpack_likes_enabled":true,"jetpack-related-posts":[],"_links":{"self":[{"href":"https:\/\/eltrabajo.cl\/portal\/wp-json\/wp\/v2\/posts\/93364","targetHints":{"allow":["GET"]}}],"collection":[{"href":"https:\/\/eltrabajo.cl\/portal\/wp-json\/wp\/v2\/posts"}],"about":[{"href":"https:\/\/eltrabajo.cl\/portal\/wp-json\/wp\/v2\/types\/post"}],"author":[{"embeddable":true,"href":"https:\/\/eltrabajo.cl\/portal\/wp-json\/wp\/v2\/users\/482"}],"replies":[{"embeddable":true,"href":"https:\/\/eltrabajo.cl\/portal\/wp-json\/wp\/v2\/comments?post=93364"}],"version-history":[{"count":0,"href":"https:\/\/eltrabajo.cl\/portal\/wp-json\/wp\/v2\/posts\/93364\/revisions"}],"wp:featuredmedia":[{"embeddable":true,"href":"https:\/\/eltrabajo.cl\/portal\/wp-json\/wp\/v2\/media\/93366"}],"wp:attachment":[{"href":"https:\/\/eltrabajo.cl\/portal\/wp-json\/wp\/v2\/media?parent=93364"}],"wp:term":[{"taxonomy":"category","embeddable":true,"href":"https:\/\/eltrabajo.cl\/portal\/wp-json\/wp\/v2\/categories?post=93364"},{"taxonomy":"post_tag","embeddable":true,"href":"https:\/\/eltrabajo.cl\/portal\/wp-json\/wp\/v2\/tags?post=93364"}],"curies":[{"name":"wp","href":"https:\/\/api.w.org\/{rel}","templated":true}]}}