{"id":93396,"date":"2019-08-01T00:55:03","date_gmt":"2019-08-01T04:55:03","guid":{"rendered":"http:\/\/www.eltrabajo.cl\/portal\/?p=93396"},"modified":"2019-08-01T00:55:03","modified_gmt":"2019-08-01T04:55:03","slug":"gonzalo-villegas-recibio-una-fecha-de-sancion-tras-ser-expulsado-por-doble-amonestacion","status":"publish","type":"post","link":"https:\/\/eltrabajo.cl\/portal\/gonzalo-villegas-recibio-una-fecha-de-sancion-tras-ser-expulsado-por-doble-amonestacion\/","title":{"rendered":"Gonzalo Villegas recibi\u00f3 una fecha de sanci\u00f3n tras ser expulsado por doble amonestaci\u00f3n"},"content":{"rendered":"<p>En su sesi\u00f3n del martes reci\u00e9n pasado, el Tribunal Aut\u00f3nomo de Disciplina del f\u00fatbol profesional chileno, determin\u00f3 aplicar una fecha de castigo al lateral izquierdo de Uni\u00f3n San Felipe, Gonzalo Villegas, quien fue expulsado por doble amonestaci\u00f3n en la derrota frente a Barnechea.<br \/>\nSe esperaba que la resoluci\u00f3n del organismo fuera favorable para el jugador sanfelipe\u00f1o, debido a que \u00e9ste no insult\u00f3 al juez, pero el hombre de negro hizo un informe que impidi\u00f3 dejar sin castigo a Gonzalo Villegas.<br \/>\nCon esto el lateral por la izquierda queda completamente descartado para el partido de este domingo ante Santiago Wanderers, por lo que el t\u00e9cnico Germ\u00e1n Corengia deber\u00e1 buscar con qui\u00e9n reemplazar a una de las piezas m\u00e1s importantes de su escuadra.<br \/>\nEl Tribunal cit\u00f3 para su reuni\u00f3n del martes 6 de agosto al Gerente Deportivo del Un\u00ed Un\u00ed, Leonardo Dur\u00e1n, ya que \u00e9ste fue denunciado por el \u00e1rbitro Fernando Vejar.<\/p>\n<figure id=\"attachment_93397\" aria-describedby=\"caption-attachment-93397\" style=\"width: 580px\" class=\"wp-caption alignnone\"><img data-recalc-dims=\"1\" loading=\"lazy\" decoding=\"async\" class=\"size-full wp-image-93397\" src=\"https:\/\/i0.wp.com\/www.eltrabajo.cl\/portal\/wp-content\/uploads\/2019\/08\/gonzalo-villegas.jpg?resize=580%2C359\" alt=\"El lateral izquierdo se perder\u00e1 el partido de este domingo ante Santiago Wanderers.\" width=\"580\" height=\"359\" srcset=\"https:\/\/i0.wp.com\/eltrabajo.cl\/portal\/wp-content\/uploads\/2019\/08\/gonzalo-villegas.jpg?w=580&amp;ssl=1 580w, https:\/\/i0.wp.com\/eltrabajo.cl\/portal\/wp-content\/uploads\/2019\/08\/gonzalo-villegas.jpg?resize=200%2C124&amp;ssl=1 200w, https:\/\/i0.wp.com\/eltrabajo.cl\/portal\/wp-content\/uploads\/2019\/08\/gonzalo-villegas.jpg?resize=300%2C186&amp;ssl=1 300w, https:\/\/i0.wp.com\/eltrabajo.cl\/portal\/wp-content\/uploads\/2019\/08\/gonzalo-villegas.jpg?resize=242%2C150&amp;ssl=1 242w, https:\/\/i0.wp.com\/eltrabajo.cl\/portal\/wp-content\/uploads\/2019\/08\/gonzalo-villegas.jpg?resize=400%2C248&amp;ssl=1 400w\" sizes=\"auto, (max-width: 580px) 100vw, 580px\" \/><figcaption id=\"caption-attachment-93397\" class=\"wp-caption-text\">El lateral izquierdo se perder\u00e1 el partido de este domingo ante Santiago Wanderers.<\/figcaption><\/figure>\n","protected":false},"excerpt":{"rendered":"<p>En su sesi\u00f3n del martes reci\u00e9n pasado, el Tribunal Aut\u00f3nomo de Disciplina del f\u00fatbol profesional chileno, determin\u00f3 aplicar una fecha de castigo al lateral izquierdo de Uni\u00f3n San Felipe, Gonzalo Villegas, quien&#8230;<\/p>\n","protected":false},"author":482,"featured_media":93397,"comment_status":"open","ping_status":"open","sticky":false,"template":"","format":"standard","meta":{"advanced_seo_description":"","jetpack_seo_html_title":"","jetpack_seo_noindex":false,"_jetpack_memberships_contains_paid_content":false,"footnotes":""},"categories":[19],"tags":[],"class_list":["post-93396","post","type-post","status-publish","format-standard","has-post-thumbnail","hentry","category-deportes"],"jetpack_featured_media_url":"https:\/\/i0.wp.com\/eltrabajo.cl\/portal\/wp-content\/uploads\/2019\/08\/gonzalo-villegas.jpg?fit=580%2C359&ssl=1","jetpack_sharing_enabled":true,"jetpack_likes_enabled":true,"jetpack-related-posts":[],"_links":{"self":[{"href":"https:\/\/eltrabajo.cl\/portal\/wp-json\/wp\/v2\/posts\/93396","targetHints":{"allow":["GET"]}}],"collection":[{"href":"https:\/\/eltrabajo.cl\/portal\/wp-json\/wp\/v2\/posts"}],"about":[{"href":"https:\/\/eltrabajo.cl\/portal\/wp-json\/wp\/v2\/types\/post"}],"author":[{"embeddable":true,"href":"https:\/\/eltrabajo.cl\/portal\/wp-json\/wp\/v2\/users\/482"}],"replies":[{"embeddable":true,"href":"https:\/\/eltrabajo.cl\/portal\/wp-json\/wp\/v2\/comments?post=93396"}],"version-history":[{"count":0,"href":"https:\/\/eltrabajo.cl\/portal\/wp-json\/wp\/v2\/posts\/93396\/revisions"}],"wp:featuredmedia":[{"embeddable":true,"href":"https:\/\/eltrabajo.cl\/portal\/wp-json\/wp\/v2\/media\/93397"}],"wp:attachment":[{"href":"https:\/\/eltrabajo.cl\/portal\/wp-json\/wp\/v2\/media?parent=93396"}],"wp:term":[{"taxonomy":"category","embeddable":true,"href":"https:\/\/eltrabajo.cl\/portal\/wp-json\/wp\/v2\/categories?post=93396"},{"taxonomy":"post_tag","embeddable":true,"href":"https:\/\/eltrabajo.cl\/portal\/wp-json\/wp\/v2\/tags?post=93396"}],"curies":[{"name":"wp","href":"https:\/\/api.w.org\/{rel}","templated":true}]}}