{"id":93647,"date":"2019-08-13T05:03:28","date_gmt":"2019-08-13T09:03:28","guid":{"rendered":"http:\/\/www.eltrabajo.cl\/portal\/?p=93647"},"modified":"2019-08-12T22:12:31","modified_gmt":"2019-08-13T02:12:31","slug":"san-felipe-basket-u17-campeon-de-su-zona-en-la-libcentro","status":"publish","type":"post","link":"https:\/\/eltrabajo.cl\/portal\/san-felipe-basket-u17-campeon-de-su-zona-en-la-libcentro\/","title":{"rendered":"San Felipe Basket U17 campe\u00f3n de su zona en la Libcentro"},"content":{"rendered":"<p>El quinteto juvenil de San Felipe Basket alcanz\u00f3 el t\u00edtulo de la Conferencia Oeste de la Libcentro, al ganar el cuadrangular final de su serie que durante el fin de semana pasado tuvo lugar en el Stadio Italiano.<br \/>\nLos dirigidos de Felipe Rodr\u00edguez vencieron en l\u00ednea a Stadio Italiano, Boston College y en la final a Brisas, con el cual los sanfelipe\u00f1os protagonizaron un partido electrizante que se defini\u00f3 en el final a favor de San Felipe Basket (62-60), gracias a un triple del seleccionado chileno Alonso Soto, jugador que demostr\u00f3 el porqu\u00e9 es considerado en la actualidad una de las m\u00e1ximas promesas del baloncesto nacional.<br \/>\nEste t\u00edtulo le permite al team aconcag\u00fcino acceder a la final nacional, en la cual deber\u00e1 enfrentar a su similar de la Universidad Cat\u00f3lica, que se alz\u00f3 como el mejor de la Conferencia Este. \u00abFue una gran experiencia en todos los \u00e1mbitos, ya que hubo grandes equipos en el cuadrangular, donde pudimos demostrar que somos un equipo compacto, intenso y en el cual los chicos muestran mucho compromiso\u00bb, coment\u00f3 a nuestro medio el entrenador del campe\u00f3n, Felipe Rodr\u00edguez.<\/p>\n<figure id=\"attachment_93648\" aria-describedby=\"caption-attachment-93648\" style=\"width: 580px\" class=\"wp-caption alignnone\"><img data-recalc-dims=\"1\" loading=\"lazy\" decoding=\"async\" class=\"size-full wp-image-93648\" src=\"https:\/\/i0.wp.com\/www.eltrabajo.cl\/portal\/wp-content\/uploads\/2019\/08\/san-felipe-basket.jpg?resize=580%2C359\" alt=\"San Felipe Basket se qued\u00f3 con el t\u00edtulo de la serie U17 en la Conferencia Oeste de la Libcentro.\" width=\"580\" height=\"359\" srcset=\"https:\/\/i0.wp.com\/eltrabajo.cl\/portal\/wp-content\/uploads\/2019\/08\/san-felipe-basket.jpg?w=580&amp;ssl=1 580w, https:\/\/i0.wp.com\/eltrabajo.cl\/portal\/wp-content\/uploads\/2019\/08\/san-felipe-basket.jpg?resize=200%2C124&amp;ssl=1 200w, https:\/\/i0.wp.com\/eltrabajo.cl\/portal\/wp-content\/uploads\/2019\/08\/san-felipe-basket.jpg?resize=300%2C186&amp;ssl=1 300w, https:\/\/i0.wp.com\/eltrabajo.cl\/portal\/wp-content\/uploads\/2019\/08\/san-felipe-basket.jpg?resize=242%2C150&amp;ssl=1 242w, https:\/\/i0.wp.com\/eltrabajo.cl\/portal\/wp-content\/uploads\/2019\/08\/san-felipe-basket.jpg?resize=400%2C248&amp;ssl=1 400w\" sizes=\"auto, (max-width: 580px) 100vw, 580px\" \/><figcaption id=\"caption-attachment-93648\" class=\"wp-caption-text\">San Felipe Basket se qued\u00f3 con el t\u00edtulo de la serie U17 en la Conferencia Oeste de la Libcentro.<\/figcaption><\/figure>\n","protected":false},"excerpt":{"rendered":"<p>El quinteto juvenil de San Felipe Basket alcanz\u00f3 el t\u00edtulo de la Conferencia Oeste de la Libcentro, al ganar el cuadrangular final de su serie que durante el fin de semana pasado&#8230;<\/p>\n","protected":false},"author":482,"featured_media":93648,"comment_status":"open","ping_status":"open","sticky":false,"template":"","format":"standard","meta":{"advanced_seo_description":"","jetpack_seo_html_title":"","jetpack_seo_noindex":false,"_jetpack_memberships_contains_paid_content":false,"footnotes":""},"categories":[19],"tags":[],"class_list":["post-93647","post","type-post","status-publish","format-standard","has-post-thumbnail","hentry","category-deportes"],"jetpack_featured_media_url":"https:\/\/i0.wp.com\/eltrabajo.cl\/portal\/wp-content\/uploads\/2019\/08\/san-felipe-basket.jpg?fit=580%2C359&ssl=1","jetpack_sharing_enabled":true,"jetpack_likes_enabled":true,"jetpack-related-posts":[],"_links":{"self":[{"href":"https:\/\/eltrabajo.cl\/portal\/wp-json\/wp\/v2\/posts\/93647","targetHints":{"allow":["GET"]}}],"collection":[{"href":"https:\/\/eltrabajo.cl\/portal\/wp-json\/wp\/v2\/posts"}],"about":[{"href":"https:\/\/eltrabajo.cl\/portal\/wp-json\/wp\/v2\/types\/post"}],"author":[{"embeddable":true,"href":"https:\/\/eltrabajo.cl\/portal\/wp-json\/wp\/v2\/users\/482"}],"replies":[{"embeddable":true,"href":"https:\/\/eltrabajo.cl\/portal\/wp-json\/wp\/v2\/comments?post=93647"}],"version-history":[{"count":0,"href":"https:\/\/eltrabajo.cl\/portal\/wp-json\/wp\/v2\/posts\/93647\/revisions"}],"wp:featuredmedia":[{"embeddable":true,"href":"https:\/\/eltrabajo.cl\/portal\/wp-json\/wp\/v2\/media\/93648"}],"wp:attachment":[{"href":"https:\/\/eltrabajo.cl\/portal\/wp-json\/wp\/v2\/media?parent=93647"}],"wp:term":[{"taxonomy":"category","embeddable":true,"href":"https:\/\/eltrabajo.cl\/portal\/wp-json\/wp\/v2\/categories?post=93647"},{"taxonomy":"post_tag","embeddable":true,"href":"https:\/\/eltrabajo.cl\/portal\/wp-json\/wp\/v2\/tags?post=93647"}],"curies":[{"name":"wp","href":"https:\/\/api.w.org\/{rel}","templated":true}]}}