{"id":93721,"date":"2019-08-20T05:01:48","date_gmt":"2019-08-20T09:01:48","guid":{"rendered":"http:\/\/www.eltrabajo.cl\/portal\/?p=93721"},"modified":"2019-08-19T20:59:45","modified_gmt":"2019-08-20T00:59:45","slug":"defensor-del-uni-uni-convocado-a-la-seleccion-chilena-u23","status":"publish","type":"post","link":"https:\/\/eltrabajo.cl\/portal\/defensor-del-uni-uni-convocado-a-la-seleccion-chilena-u23\/","title":{"rendered":"Defensor del Un\u00ed Un\u00ed convocado a la Selecci\u00f3n Chilena U23"},"content":{"rendered":"<p>El joven zaguero central de Uni\u00f3n San Felipe, Benjam\u00edn Gazzolo Freire, recibi\u00f3 un llamado para ser parte de un microciclo de entrenamientos de la Selecci\u00f3n Chilena Adulta -U23, que se est\u00e1 preparando para la fecha FIFA del mes pr\u00f3ximo.<br \/>\nBenjam\u00edn Gazzolo junto al resto de los convocados se debi\u00f3 presentar ayer en el Complejo Deportivo Juan Pinto Dur\u00e1n, para iniciar las pr\u00e1cticas que se prolongar\u00e1n hasta la jornada de hoy.<br \/>\nEl jugador sanfelipe\u00f1o ma\u00f1ana volver\u00e1 a quedar a disposici\u00f3n del cuerpo t\u00e9cnico del Un\u00ed Un\u00ed.<\/p>\n<figure id=\"attachment_93722\" aria-describedby=\"caption-attachment-93722\" style=\"width: 580px\" class=\"wp-caption alignnone\"><img data-recalc-dims=\"1\" loading=\"lazy\" decoding=\"async\" class=\"size-full wp-image-93722\" src=\"https:\/\/i0.wp.com\/www.eltrabajo.cl\/portal\/wp-content\/uploads\/2019\/08\/Gazzolo-1.jpg?resize=580%2C360\" alt=\"Benjam\u00edn Gazzolo fue convocado para el microciclo correspondiente a esta semana de la selecci\u00f3n chilena U23.\" width=\"580\" height=\"360\" srcset=\"https:\/\/i0.wp.com\/eltrabajo.cl\/portal\/wp-content\/uploads\/2019\/08\/Gazzolo-1.jpg?w=580&amp;ssl=1 580w, https:\/\/i0.wp.com\/eltrabajo.cl\/portal\/wp-content\/uploads\/2019\/08\/Gazzolo-1.jpg?resize=200%2C124&amp;ssl=1 200w, https:\/\/i0.wp.com\/eltrabajo.cl\/portal\/wp-content\/uploads\/2019\/08\/Gazzolo-1.jpg?resize=300%2C186&amp;ssl=1 300w, https:\/\/i0.wp.com\/eltrabajo.cl\/portal\/wp-content\/uploads\/2019\/08\/Gazzolo-1.jpg?resize=242%2C150&amp;ssl=1 242w, https:\/\/i0.wp.com\/eltrabajo.cl\/portal\/wp-content\/uploads\/2019\/08\/Gazzolo-1.jpg?resize=400%2C248&amp;ssl=1 400w\" sizes=\"auto, (max-width: 580px) 100vw, 580px\" \/><figcaption id=\"caption-attachment-93722\" class=\"wp-caption-text\">Benjam\u00edn Gazzolo fue convocado para el microciclo correspondiente a esta semana de la selecci\u00f3n chilena U23.<\/figcaption><\/figure>\n","protected":false},"excerpt":{"rendered":"<p>El joven zaguero central de Uni\u00f3n San Felipe, Benjam\u00edn Gazzolo Freire, recibi\u00f3 un llamado para ser parte de un microciclo de entrenamientos de la Selecci\u00f3n Chilena Adulta -U23, que se est\u00e1 preparando&#8230;<\/p>\n","protected":false},"author":482,"featured_media":93722,"comment_status":"open","ping_status":"open","sticky":false,"template":"","format":"standard","meta":{"advanced_seo_description":"","jetpack_seo_html_title":"","jetpack_seo_noindex":false,"_jetpack_memberships_contains_paid_content":false,"footnotes":""},"categories":[19],"tags":[],"class_list":["post-93721","post","type-post","status-publish","format-standard","has-post-thumbnail","hentry","category-deportes"],"jetpack_featured_media_url":"https:\/\/i0.wp.com\/eltrabajo.cl\/portal\/wp-content\/uploads\/2019\/08\/Gazzolo-1.jpg?fit=580%2C360&ssl=1","jetpack_sharing_enabled":true,"jetpack_likes_enabled":true,"jetpack-related-posts":[],"_links":{"self":[{"href":"https:\/\/eltrabajo.cl\/portal\/wp-json\/wp\/v2\/posts\/93721","targetHints":{"allow":["GET"]}}],"collection":[{"href":"https:\/\/eltrabajo.cl\/portal\/wp-json\/wp\/v2\/posts"}],"about":[{"href":"https:\/\/eltrabajo.cl\/portal\/wp-json\/wp\/v2\/types\/post"}],"author":[{"embeddable":true,"href":"https:\/\/eltrabajo.cl\/portal\/wp-json\/wp\/v2\/users\/482"}],"replies":[{"embeddable":true,"href":"https:\/\/eltrabajo.cl\/portal\/wp-json\/wp\/v2\/comments?post=93721"}],"version-history":[{"count":0,"href":"https:\/\/eltrabajo.cl\/portal\/wp-json\/wp\/v2\/posts\/93721\/revisions"}],"wp:featuredmedia":[{"embeddable":true,"href":"https:\/\/eltrabajo.cl\/portal\/wp-json\/wp\/v2\/media\/93722"}],"wp:attachment":[{"href":"https:\/\/eltrabajo.cl\/portal\/wp-json\/wp\/v2\/media?parent=93721"}],"wp:term":[{"taxonomy":"category","embeddable":true,"href":"https:\/\/eltrabajo.cl\/portal\/wp-json\/wp\/v2\/categories?post=93721"},{"taxonomy":"post_tag","embeddable":true,"href":"https:\/\/eltrabajo.cl\/portal\/wp-json\/wp\/v2\/tags?post=93721"}],"curies":[{"name":"wp","href":"https:\/\/api.w.org\/{rel}","templated":true}]}}