{"id":93773,"date":"2019-08-22T05:00:14","date_gmt":"2019-08-22T09:00:14","guid":{"rendered":"http:\/\/www.eltrabajo.cl\/portal\/?p=93773"},"modified":"2019-08-21T21:04:34","modified_gmt":"2019-08-22T01:04:34","slug":"capitan-del-uni-uni-recibio-una-fecha-de-castigo-por-acumulacion-de-amarillas","status":"publish","type":"post","link":"https:\/\/eltrabajo.cl\/portal\/capitan-del-uni-uni-recibio-una-fecha-de-castigo-por-acumulacion-de-amarillas\/","title":{"rendered":"Capit\u00e1n del Un\u00ed Un\u00ed recibi\u00f3 una fecha de castigo por acumulaci\u00f3n de amarillas"},"content":{"rendered":"<p>El Tribunal de Disciplina de la ANFP determin\u00f3 aplicar una fecha de castigo al capit\u00e1n y referente del Un\u00ed Un\u00ed, David Fern\u00e1ndez, quien en el encuentro contra Magallanes lleg\u00f3 al l\u00edmite de las cinco tarjetas amarillas.<br \/>\nLa medida aplicada por el tribunal traer\u00e1 como efecto inmediato el que \u2018Davicho\u2019 no podr\u00e1 estar en el encuentro del pr\u00f3ximo domingo, donde Uni\u00f3n San Felipe se medir\u00e1 con Cobreloa.<\/p>\n<p>Corengia dice que la \u2018Operaci\u00f3n Calama\u2019 est\u00e1 perfectamente planificada<br \/>\nPor otro lado, el t\u00e9cnico del conjunto unionista, Germ\u00e1n Corengia, se refiri\u00f3 al duelo del domingo pr\u00f3ximo ante Cobreloa. El estratego dej\u00f3 en claro que independiente de la jerarqu\u00eda del rival y las condiciones externas (clima, altura), su escuadra no sufrir\u00e1 m\u00e1s de la cuenta, porque \u00abtodo est\u00e1 planificado, y este grupo sabe con bastante anticipaci\u00f3n como encararemos este encuentro\u00bb, coment\u00f3 el estratego, quien adem\u00e1s alab\u00f3 el funcionamiento ofensivo que est\u00e1 mostrando su escuadra. \u00abEstamos generando muchas ocasiones; hay partidos en que se hacen muchos goles como fue con Rangers, y otros como con Magallanes donde no hubo muchas oportunidades, pero convertimos una\u00bb, analiz\u00f3.<br \/>\nPara el entrenador, es fundamental seguir bajo la l\u00f3gica actual para prolongar el buen momento albirrojo. \u00abLo ideal es que se sostenga todo esto para seguir logrando resultados que nos otorgan confianza; ahora enfrentaremos a un rival que por s\u00ed solo motiva enfrentarlo\u00bb, finaliz\u00f3.<\/p>\n<figure id=\"attachment_93775\" aria-describedby=\"caption-attachment-93775\" style=\"width: 580px\" class=\"wp-caption alignnone\"><img data-recalc-dims=\"1\" loading=\"lazy\" decoding=\"async\" class=\"size-full wp-image-93775\" src=\"https:\/\/i0.wp.com\/www.eltrabajo.cl\/portal\/wp-content\/uploads\/2019\/08\/david-Fernandez.jpg?resize=580%2C358\" alt=\"El capit\u00e1n albirrojo fue sentenciado con una fecha de suspensi\u00f3n.\" width=\"580\" height=\"358\" srcset=\"https:\/\/i0.wp.com\/eltrabajo.cl\/portal\/wp-content\/uploads\/2019\/08\/david-Fernandez.jpg?w=580&amp;ssl=1 580w, https:\/\/i0.wp.com\/eltrabajo.cl\/portal\/wp-content\/uploads\/2019\/08\/david-Fernandez.jpg?resize=200%2C123&amp;ssl=1 200w, https:\/\/i0.wp.com\/eltrabajo.cl\/portal\/wp-content\/uploads\/2019\/08\/david-Fernandez.jpg?resize=300%2C185&amp;ssl=1 300w, https:\/\/i0.wp.com\/eltrabajo.cl\/portal\/wp-content\/uploads\/2019\/08\/david-Fernandez.jpg?resize=243%2C150&amp;ssl=1 243w, https:\/\/i0.wp.com\/eltrabajo.cl\/portal\/wp-content\/uploads\/2019\/08\/david-Fernandez.jpg?resize=400%2C247&amp;ssl=1 400w\" sizes=\"auto, (max-width: 580px) 100vw, 580px\" \/><figcaption id=\"caption-attachment-93775\" class=\"wp-caption-text\">El capit\u00e1n albirrojo fue sentenciado con una fecha de suspensi\u00f3n.<\/figcaption><\/figure>\n<figure id=\"attachment_93774\" aria-describedby=\"caption-attachment-93774\" style=\"width: 580px\" class=\"wp-caption alignnone\"><img data-recalc-dims=\"1\" loading=\"lazy\" decoding=\"async\" class=\"size-full wp-image-93774\" src=\"https:\/\/i0.wp.com\/www.eltrabajo.cl\/portal\/wp-content\/uploads\/2019\/08\/corengia.jpg?resize=580%2C360\" alt=\"Germ\u00e1n Corengia aclar\u00f3 que el duelo de este domingo fue planificado con anticipaci\u00f3n.\" width=\"580\" height=\"360\" srcset=\"https:\/\/i0.wp.com\/eltrabajo.cl\/portal\/wp-content\/uploads\/2019\/08\/corengia.jpg?w=580&amp;ssl=1 580w, https:\/\/i0.wp.com\/eltrabajo.cl\/portal\/wp-content\/uploads\/2019\/08\/corengia.jpg?resize=200%2C124&amp;ssl=1 200w, https:\/\/i0.wp.com\/eltrabajo.cl\/portal\/wp-content\/uploads\/2019\/08\/corengia.jpg?resize=300%2C186&amp;ssl=1 300w, https:\/\/i0.wp.com\/eltrabajo.cl\/portal\/wp-content\/uploads\/2019\/08\/corengia.jpg?resize=242%2C150&amp;ssl=1 242w, https:\/\/i0.wp.com\/eltrabajo.cl\/portal\/wp-content\/uploads\/2019\/08\/corengia.jpg?resize=400%2C248&amp;ssl=1 400w\" sizes=\"auto, (max-width: 580px) 100vw, 580px\" \/><figcaption id=\"caption-attachment-93774\" class=\"wp-caption-text\">Germ\u00e1n Corengia aclar\u00f3 que el duelo de este domingo fue planificado con anticipaci\u00f3n.<\/figcaption><\/figure>\n","protected":false},"excerpt":{"rendered":"<p>El Tribunal de Disciplina de la ANFP determin\u00f3 aplicar una fecha de castigo al capit\u00e1n y referente del Un\u00ed Un\u00ed, David Fern\u00e1ndez, quien en el encuentro contra Magallanes lleg\u00f3 al l\u00edmite de&#8230;<\/p>\n","protected":false},"author":482,"featured_media":93775,"comment_status":"open","ping_status":"open","sticky":false,"template":"","format":"standard","meta":{"advanced_seo_description":"","jetpack_seo_html_title":"","jetpack_seo_noindex":false,"_jetpack_memberships_contains_paid_content":false,"footnotes":""},"categories":[19],"tags":[],"class_list":["post-93773","post","type-post","status-publish","format-standard","has-post-thumbnail","hentry","category-deportes"],"jetpack_featured_media_url":"https:\/\/i0.wp.com\/eltrabajo.cl\/portal\/wp-content\/uploads\/2019\/08\/david-Fernandez.jpg?fit=580%2C358&ssl=1","jetpack_sharing_enabled":true,"jetpack_likes_enabled":true,"jetpack-related-posts":[],"_links":{"self":[{"href":"https:\/\/eltrabajo.cl\/portal\/wp-json\/wp\/v2\/posts\/93773","targetHints":{"allow":["GET"]}}],"collection":[{"href":"https:\/\/eltrabajo.cl\/portal\/wp-json\/wp\/v2\/posts"}],"about":[{"href":"https:\/\/eltrabajo.cl\/portal\/wp-json\/wp\/v2\/types\/post"}],"author":[{"embeddable":true,"href":"https:\/\/eltrabajo.cl\/portal\/wp-json\/wp\/v2\/users\/482"}],"replies":[{"embeddable":true,"href":"https:\/\/eltrabajo.cl\/portal\/wp-json\/wp\/v2\/comments?post=93773"}],"version-history":[{"count":0,"href":"https:\/\/eltrabajo.cl\/portal\/wp-json\/wp\/v2\/posts\/93773\/revisions"}],"wp:featuredmedia":[{"embeddable":true,"href":"https:\/\/eltrabajo.cl\/portal\/wp-json\/wp\/v2\/media\/93775"}],"wp:attachment":[{"href":"https:\/\/eltrabajo.cl\/portal\/wp-json\/wp\/v2\/media?parent=93773"}],"wp:term":[{"taxonomy":"category","embeddable":true,"href":"https:\/\/eltrabajo.cl\/portal\/wp-json\/wp\/v2\/categories?post=93773"},{"taxonomy":"post_tag","embeddable":true,"href":"https:\/\/eltrabajo.cl\/portal\/wp-json\/wp\/v2\/tags?post=93773"}],"curies":[{"name":"wp","href":"https:\/\/api.w.org\/{rel}","templated":true}]}}