{"id":93801,"date":"2019-08-23T05:00:59","date_gmt":"2019-08-23T09:00:59","guid":{"rendered":"http:\/\/www.eltrabajo.cl\/portal\/?p=93801"},"modified":"2019-08-22T20:44:10","modified_gmt":"2019-08-23T00:44:10","slug":"el-uni-uni-ante-uno-de-sus-desafios-mas-importantes-del-ano","status":"publish","type":"post","link":"https:\/\/eltrabajo.cl\/portal\/el-uni-uni-ante-uno-de-sus-desafios-mas-importantes-del-ano\/","title":{"rendered":"El Un\u00ed Un\u00ed ante uno de sus desaf\u00edos m\u00e1s importantes del a\u00f1o"},"content":{"rendered":"<p>Este domingo el equipo sanfelipe\u00f1o podr\u00eda dar un paso decisivo, que lo podr\u00eda meter de manera casi definitiva en los puestos de vanguardia del torneo de la Primera B, cuando est\u00e9 al frente de Cobreloa.<br \/>\nEs obvio advertir que el encuentro contra los \u2018Zorros del Desierto\u2019 ser\u00e1 de complejidad mayor, situaci\u00f3n que en la interna albirroja tienen muy claro. \u00abSer\u00e1 complicado como todos los partidos; la idea es no hacerlo m\u00e1s dif\u00edcil desde lo mental, ya que si lo hacemos le daremos una ventaja al rival\u00bb, explic\u00f3 Germ\u00e1n Corengia una vez concluido el entrenamiento matinal de ayer jueves.<br \/>\nEl estratega cont\u00f3 tambi\u00e9n que su equipo llegar\u00e1 condicionado debido a que tiene varios jugadores \u2018tocados\u2019. \u00abNos ha pasado desde que llegamos, y fecha a fecha se nos caen jugadores, pero este grupo ha sabido llevar de buena forma este problema\u00bb, afirm\u00f3.<br \/>\nPara el juego de este domingo, el Un\u00ed Un\u00ed no podr\u00e1 tener en su oncena titular a jugadores muy importantes como lo son, por ejemplo: David Fern\u00e1ndez y Gonzalo \u00c1lvarez, mientras que est\u00e1 en veremos la participaci\u00f3n del volante Luciano \u2018Corchito\u2019 Romero.<br \/>\nProgramaci\u00f3n fecha 20\u00aa<br \/>\nS\u00e1bado 24 de agosto<br \/>\n15:00 horas: Magallanes \u2013 \u00d1ublense<br \/>\n16:00 horas: Melipilla \u2013 Santiago Morning<br \/>\n17:00 horas: Puerto Montt \u2013 Rangers<br \/>\n19:00 horas: La Serena \u2013 Barnechea<br \/>\n21:00 horas: Copiap\u00f3 \u2013 Temuco<br \/>\nDomingo 25 de agosto<br \/>\n15:30 horas: Cobreloa \u2013 Uni\u00f3n San Felipe<br \/>\n20:00 horas: San Luis \u2013 Valdivia<br \/>\nLunes 26 de agosto<br \/>\n19:30 horas: Santiago Wanderers \u2013 Santa Cruz<\/p>\n<p>Tabla de Posiciones<br \/>\nLugar Ptos.<br \/>\nCobreloa 32<br \/>\nLa Serena 32<br \/>\nPuerto Montt 31<br \/>\nBarnechea 29<br \/>\nTemuco 28<br \/>\nCopiap\u00f3 27<br \/>\nSantiago Wanderers 27<br \/>\nUni\u00f3n San Felipe 26<br \/>\nSanta Cruz 26<br \/>\n\u00d1ublense 24<br \/>\nMelipilla 23<br \/>\nSantiago Morning 23<br \/>\nRangers 21<br \/>\nSan Luis 21<br \/>\nMagallanes 20<br \/>\nValdivia 17<\/p>\n<figure id=\"attachment_93802\" aria-describedby=\"caption-attachment-93802\" style=\"width: 580px\" class=\"wp-caption alignnone\"><img data-recalc-dims=\"1\" loading=\"lazy\" decoding=\"async\" class=\"size-full wp-image-93802\" src=\"https:\/\/i0.wp.com\/www.eltrabajo.cl\/portal\/wp-content\/uploads\/2019\/08\/uni-uni-1.jpg?resize=580%2C360\" alt=\"Est\u00e1 en duda la presencia de Luciano Romero en el juego contra Cobreloa.\" width=\"580\" height=\"360\" srcset=\"https:\/\/i0.wp.com\/eltrabajo.cl\/portal\/wp-content\/uploads\/2019\/08\/uni-uni-1.jpg?w=580&amp;ssl=1 580w, https:\/\/i0.wp.com\/eltrabajo.cl\/portal\/wp-content\/uploads\/2019\/08\/uni-uni-1.jpg?resize=200%2C124&amp;ssl=1 200w, https:\/\/i0.wp.com\/eltrabajo.cl\/portal\/wp-content\/uploads\/2019\/08\/uni-uni-1.jpg?resize=300%2C186&amp;ssl=1 300w, https:\/\/i0.wp.com\/eltrabajo.cl\/portal\/wp-content\/uploads\/2019\/08\/uni-uni-1.jpg?resize=242%2C150&amp;ssl=1 242w, https:\/\/i0.wp.com\/eltrabajo.cl\/portal\/wp-content\/uploads\/2019\/08\/uni-uni-1.jpg?resize=400%2C248&amp;ssl=1 400w\" sizes=\"auto, (max-width: 580px) 100vw, 580px\" \/><figcaption id=\"caption-attachment-93802\" class=\"wp-caption-text\">Est\u00e1 en duda la presencia de Luciano Romero en el juego contra Cobreloa.<\/figcaption><\/figure>\n","protected":false},"excerpt":{"rendered":"<p>Este domingo el equipo sanfelipe\u00f1o podr\u00eda dar un paso decisivo, que lo podr\u00eda meter de manera casi definitiva en los puestos de vanguardia del torneo de la Primera B, cuando est\u00e9 al&#8230;<\/p>\n","protected":false},"author":482,"featured_media":93802,"comment_status":"open","ping_status":"open","sticky":false,"template":"","format":"standard","meta":{"advanced_seo_description":"","jetpack_seo_html_title":"","jetpack_seo_noindex":false,"_jetpack_memberships_contains_paid_content":false,"footnotes":""},"categories":[19],"tags":[],"class_list":["post-93801","post","type-post","status-publish","format-standard","has-post-thumbnail","hentry","category-deportes"],"jetpack_featured_media_url":"https:\/\/i0.wp.com\/eltrabajo.cl\/portal\/wp-content\/uploads\/2019\/08\/uni-uni-1.jpg?fit=580%2C360&ssl=1","jetpack_sharing_enabled":true,"jetpack_likes_enabled":true,"jetpack-related-posts":[],"_links":{"self":[{"href":"https:\/\/eltrabajo.cl\/portal\/wp-json\/wp\/v2\/posts\/93801","targetHints":{"allow":["GET"]}}],"collection":[{"href":"https:\/\/eltrabajo.cl\/portal\/wp-json\/wp\/v2\/posts"}],"about":[{"href":"https:\/\/eltrabajo.cl\/portal\/wp-json\/wp\/v2\/types\/post"}],"author":[{"embeddable":true,"href":"https:\/\/eltrabajo.cl\/portal\/wp-json\/wp\/v2\/users\/482"}],"replies":[{"embeddable":true,"href":"https:\/\/eltrabajo.cl\/portal\/wp-json\/wp\/v2\/comments?post=93801"}],"version-history":[{"count":0,"href":"https:\/\/eltrabajo.cl\/portal\/wp-json\/wp\/v2\/posts\/93801\/revisions"}],"wp:featuredmedia":[{"embeddable":true,"href":"https:\/\/eltrabajo.cl\/portal\/wp-json\/wp\/v2\/media\/93802"}],"wp:attachment":[{"href":"https:\/\/eltrabajo.cl\/portal\/wp-json\/wp\/v2\/media?parent=93801"}],"wp:term":[{"taxonomy":"category","embeddable":true,"href":"https:\/\/eltrabajo.cl\/portal\/wp-json\/wp\/v2\/categories?post=93801"},{"taxonomy":"post_tag","embeddable":true,"href":"https:\/\/eltrabajo.cl\/portal\/wp-json\/wp\/v2\/tags?post=93801"}],"curies":[{"name":"wp","href":"https:\/\/api.w.org\/{rel}","templated":true}]}}