{"id":93830,"date":"2019-08-26T05:03:40","date_gmt":"2019-08-26T09:03:40","guid":{"rendered":"http:\/\/www.eltrabajo.cl\/portal\/?p=93830"},"modified":"2019-08-25T20:42:51","modified_gmt":"2019-08-26T00:42:51","slug":"sanfelipena-reafirma-su-casta-de-campeona-nacional-de-tiro-al-vuelo-en-casablanca","status":"publish","type":"post","link":"https:\/\/eltrabajo.cl\/portal\/sanfelipena-reafirma-su-casta-de-campeona-nacional-de-tiro-al-vuelo-en-casablanca\/","title":{"rendered":"Sanfelipe\u00f1a reafirma su casta de campeona nacional de Tiro al vuelo en Casablanca"},"content":{"rendered":"<p><span style=\"color: #ff0000;\"><strong>Daniela Fern\u00e1ndez del Club Arturo Prat:<\/strong><\/span><\/p>\n<p>Nuevamente y por sexta vez, Daniela Fern\u00e1ndez de San Felipe se consagr\u00f3 campeona nacional del Tiro al Vuelo. La fecha del campeonato nacional se realiz\u00f3 en la comuna de Casablanca.<br \/>\nLa Federaci\u00f3n de Caza y Pesca en conjunto con el Club de Casablanca organizaron esta nueva fecha, en la que participaron 182 deportistas venidos de distintos puntos de nuestro pa\u00eds. Los representantes de Aconcagua subieron al p\u00f3dium en los siguientes lugares: Categor\u00eda A varones 5\u00ba, lugar Jean Galleguillos de Club Arturo Prat.<br \/>\nMientras que en categor\u00eda damas 4\u00ba lugar Claudia Le\u00f3n y el 1\u00ba lugar es decir campeona nacional Daniela Fern\u00e1ndez, ambas del Club Arturo Prat.<br \/>\nDaniela Fern\u00e1ndez dijo estar muy contenta y orgullosa de representar al Valle de Aconcagua, especialmente a San Felipe.<\/p>\n<figure id=\"attachment_93831\" aria-describedby=\"caption-attachment-93831\" style=\"width: 580px\" class=\"wp-caption alignnone\"><img data-recalc-dims=\"1\" loading=\"lazy\" decoding=\"async\" class=\"size-full wp-image-93831\" src=\"https:\/\/i0.wp.com\/www.eltrabajo.cl\/portal\/wp-content\/uploads\/2019\/08\/Tiro.jpg?resize=580%2C359\" alt=\"Al centro tenemos a la deportista Daniela Fern\u00e1ndez junto a las dem\u00e1s representantes.\" width=\"580\" height=\"359\" srcset=\"https:\/\/i0.wp.com\/eltrabajo.cl\/portal\/wp-content\/uploads\/2019\/08\/Tiro.jpg?w=580&amp;ssl=1 580w, https:\/\/i0.wp.com\/eltrabajo.cl\/portal\/wp-content\/uploads\/2019\/08\/Tiro.jpg?resize=200%2C124&amp;ssl=1 200w, https:\/\/i0.wp.com\/eltrabajo.cl\/portal\/wp-content\/uploads\/2019\/08\/Tiro.jpg?resize=300%2C186&amp;ssl=1 300w, https:\/\/i0.wp.com\/eltrabajo.cl\/portal\/wp-content\/uploads\/2019\/08\/Tiro.jpg?resize=242%2C150&amp;ssl=1 242w, https:\/\/i0.wp.com\/eltrabajo.cl\/portal\/wp-content\/uploads\/2019\/08\/Tiro.jpg?resize=400%2C248&amp;ssl=1 400w\" sizes=\"auto, (max-width: 580px) 100vw, 580px\" \/><figcaption id=\"caption-attachment-93831\" class=\"wp-caption-text\">Al centro tenemos a la deportista Daniela Fern\u00e1ndez junto a las dem\u00e1s representantes.<\/figcaption><\/figure>\n","protected":false},"excerpt":{"rendered":"<p>Daniela Fern\u00e1ndez del Club Arturo Prat: Nuevamente y por sexta vez, Daniela Fern\u00e1ndez de San Felipe se consagr\u00f3 campeona nacional del Tiro al Vuelo. La fecha del campeonato nacional se realiz\u00f3 en&#8230;<\/p>\n","protected":false},"author":482,"featured_media":93831,"comment_status":"open","ping_status":"open","sticky":false,"template":"","format":"standard","meta":{"advanced_seo_description":"","jetpack_seo_html_title":"","jetpack_seo_noindex":false,"_jetpack_memberships_contains_paid_content":false,"footnotes":""},"categories":[19],"tags":[],"class_list":["post-93830","post","type-post","status-publish","format-standard","has-post-thumbnail","hentry","category-deportes"],"jetpack_featured_media_url":"https:\/\/i0.wp.com\/eltrabajo.cl\/portal\/wp-content\/uploads\/2019\/08\/Tiro.jpg?fit=580%2C359&ssl=1","jetpack_sharing_enabled":true,"jetpack_likes_enabled":true,"jetpack-related-posts":[],"_links":{"self":[{"href":"https:\/\/eltrabajo.cl\/portal\/wp-json\/wp\/v2\/posts\/93830","targetHints":{"allow":["GET"]}}],"collection":[{"href":"https:\/\/eltrabajo.cl\/portal\/wp-json\/wp\/v2\/posts"}],"about":[{"href":"https:\/\/eltrabajo.cl\/portal\/wp-json\/wp\/v2\/types\/post"}],"author":[{"embeddable":true,"href":"https:\/\/eltrabajo.cl\/portal\/wp-json\/wp\/v2\/users\/482"}],"replies":[{"embeddable":true,"href":"https:\/\/eltrabajo.cl\/portal\/wp-json\/wp\/v2\/comments?post=93830"}],"version-history":[{"count":0,"href":"https:\/\/eltrabajo.cl\/portal\/wp-json\/wp\/v2\/posts\/93830\/revisions"}],"wp:featuredmedia":[{"embeddable":true,"href":"https:\/\/eltrabajo.cl\/portal\/wp-json\/wp\/v2\/media\/93831"}],"wp:attachment":[{"href":"https:\/\/eltrabajo.cl\/portal\/wp-json\/wp\/v2\/media?parent=93830"}],"wp:term":[{"taxonomy":"category","embeddable":true,"href":"https:\/\/eltrabajo.cl\/portal\/wp-json\/wp\/v2\/categories?post=93830"},{"taxonomy":"post_tag","embeddable":true,"href":"https:\/\/eltrabajo.cl\/portal\/wp-json\/wp\/v2\/tags?post=93830"}],"curies":[{"name":"wp","href":"https:\/\/api.w.org\/{rel}","templated":true}]}}