{"id":93906,"date":"2019-08-29T05:00:51","date_gmt":"2019-08-29T09:00:51","guid":{"rendered":"http:\/\/www.eltrabajo.cl\/portal\/?p=93906"},"modified":"2019-08-28T20:46:32","modified_gmt":"2019-08-29T00:46:32","slug":"selecciones-de-san-felipe-deberan-jugar-las-revanchas-en-cancha-de-curimon","status":"publish","type":"post","link":"https:\/\/eltrabajo.cl\/portal\/selecciones-de-san-felipe-deberan-jugar-las-revanchas-en-cancha-de-curimon\/","title":{"rendered":"Selecciones de San Felipe deber\u00e1n jugar las revanchas en cancha de Curim\u00f3n"},"content":{"rendered":"<p>Molestia y desaz\u00f3n son los sentimientos que se han instalado en el balompi\u00e9 aficionado de San Felipe, luego de que ARFA Quinta Regi\u00f3n programara los partidos de revancha de sus selecciones U13 y Honor, para este s\u00e1bado en el estadio de Curim\u00f3n.<br \/>\nAl interior de la Asociaci\u00f3n local de f\u00fatbol, no se tom\u00f3 bien el que ARFA no haya visado la posibilidad de jugar el domingo en la tarde en el estadio Municipal de San Felipe, lo que consideran una medida arbitraria a ra\u00edz que en el inicio de los regionales hubo partidos que se jugaron el domingo pasado.<br \/>\nRa\u00fal Reinoso se mostr\u00f3 cansado por la situaci\u00f3n, porque \u00abse nos pone problemas ya que dicen que nuestras canchas no re\u00fanen las condiciones, siendo que en algunos lados se juega en tierra; ante eso gestionamos el Municipal para jugar, solicitud a la que la municipalidad accede, pero resulta que ARFA no nos permite jugar el domingo, aduciendo como excusa el tema de los \u00e1rbitros; a estas alturas creemos que ya esto es algo personal contra San Felipe\u00bb, explic\u00f3 muy contrariado el dirigente.<\/p>\n<figure id=\"attachment_93907\" aria-describedby=\"caption-attachment-93907\" style=\"width: 580px\" class=\"wp-caption alignnone\"><img data-recalc-dims=\"1\" loading=\"lazy\" decoding=\"async\" class=\"size-full wp-image-93907\" src=\"https:\/\/i0.wp.com\/www.eltrabajo.cl\/portal\/wp-content\/uploads\/2019\/08\/u13-de-san-felipe.jpg?resize=580%2C359\" alt=\"La selecci\u00f3n U13 de San Felipe deber\u00e1 jugar por obligaci\u00f3n este s\u00e1bado en Curim\u00f3n.\" width=\"580\" height=\"359\" srcset=\"https:\/\/i0.wp.com\/eltrabajo.cl\/portal\/wp-content\/uploads\/2019\/08\/u13-de-san-felipe.jpg?w=580&amp;ssl=1 580w, https:\/\/i0.wp.com\/eltrabajo.cl\/portal\/wp-content\/uploads\/2019\/08\/u13-de-san-felipe.jpg?resize=200%2C124&amp;ssl=1 200w, https:\/\/i0.wp.com\/eltrabajo.cl\/portal\/wp-content\/uploads\/2019\/08\/u13-de-san-felipe.jpg?resize=300%2C186&amp;ssl=1 300w, https:\/\/i0.wp.com\/eltrabajo.cl\/portal\/wp-content\/uploads\/2019\/08\/u13-de-san-felipe.jpg?resize=242%2C150&amp;ssl=1 242w, https:\/\/i0.wp.com\/eltrabajo.cl\/portal\/wp-content\/uploads\/2019\/08\/u13-de-san-felipe.jpg?resize=400%2C248&amp;ssl=1 400w\" sizes=\"auto, (max-width: 580px) 100vw, 580px\" \/><figcaption id=\"caption-attachment-93907\" class=\"wp-caption-text\">La selecci\u00f3n U13 de San Felipe deber\u00e1 jugar por obligaci\u00f3n este s\u00e1bado en Curim\u00f3n.<\/figcaption><\/figure>\n","protected":false},"excerpt":{"rendered":"<p>Molestia y desaz\u00f3n son los sentimientos que se han instalado en el balompi\u00e9 aficionado de San Felipe, luego de que ARFA Quinta Regi\u00f3n programara los partidos de revancha de sus selecciones U13&#8230;<\/p>\n","protected":false},"author":482,"featured_media":93907,"comment_status":"open","ping_status":"open","sticky":false,"template":"","format":"standard","meta":{"advanced_seo_description":"","jetpack_seo_html_title":"","jetpack_seo_noindex":false,"_jetpack_memberships_contains_paid_content":false,"footnotes":""},"categories":[19],"tags":[],"class_list":["post-93906","post","type-post","status-publish","format-standard","has-post-thumbnail","hentry","category-deportes"],"jetpack_featured_media_url":"https:\/\/i0.wp.com\/eltrabajo.cl\/portal\/wp-content\/uploads\/2019\/08\/u13-de-san-felipe.jpg?fit=580%2C359&ssl=1","jetpack_sharing_enabled":true,"jetpack_likes_enabled":true,"jetpack-related-posts":[],"_links":{"self":[{"href":"https:\/\/eltrabajo.cl\/portal\/wp-json\/wp\/v2\/posts\/93906","targetHints":{"allow":["GET"]}}],"collection":[{"href":"https:\/\/eltrabajo.cl\/portal\/wp-json\/wp\/v2\/posts"}],"about":[{"href":"https:\/\/eltrabajo.cl\/portal\/wp-json\/wp\/v2\/types\/post"}],"author":[{"embeddable":true,"href":"https:\/\/eltrabajo.cl\/portal\/wp-json\/wp\/v2\/users\/482"}],"replies":[{"embeddable":true,"href":"https:\/\/eltrabajo.cl\/portal\/wp-json\/wp\/v2\/comments?post=93906"}],"version-history":[{"count":0,"href":"https:\/\/eltrabajo.cl\/portal\/wp-json\/wp\/v2\/posts\/93906\/revisions"}],"wp:featuredmedia":[{"embeddable":true,"href":"https:\/\/eltrabajo.cl\/portal\/wp-json\/wp\/v2\/media\/93907"}],"wp:attachment":[{"href":"https:\/\/eltrabajo.cl\/portal\/wp-json\/wp\/v2\/media?parent=93906"}],"wp:term":[{"taxonomy":"category","embeddable":true,"href":"https:\/\/eltrabajo.cl\/portal\/wp-json\/wp\/v2\/categories?post=93906"},{"taxonomy":"post_tag","embeddable":true,"href":"https:\/\/eltrabajo.cl\/portal\/wp-json\/wp\/v2\/tags?post=93906"}],"curies":[{"name":"wp","href":"https:\/\/api.w.org\/{rel}","templated":true}]}}