{"id":93949,"date":"2019-08-30T05:02:18","date_gmt":"2019-08-30T09:02:18","guid":{"rendered":"http:\/\/www.eltrabajo.cl\/portal\/?p=93949"},"modified":"2019-08-29T20:45:51","modified_gmt":"2019-08-30T00:45:51","slug":"un-disminuido-union-san-felipe-sera-el-que-enfrentara-a-puerto-montt-este-sabado","status":"publish","type":"post","link":"https:\/\/eltrabajo.cl\/portal\/un-disminuido-union-san-felipe-sera-el-que-enfrentara-a-puerto-montt-este-sabado\/","title":{"rendered":"Un disminuido Uni\u00f3n San Felipe ser\u00e1 el que enfrentar\u00e1 a Puerto Montt este s\u00e1bado"},"content":{"rendered":"<p>Un momento complicado debido a lo diezmado que se encuentra el plantel, por las lesiones y suspensiones, est\u00e1 viviendo Uni\u00f3n San Felipe. Ma\u00f1ana s\u00e1bado el conjunto sanfelipe\u00f1o deber\u00e1 dejar de lado todos esos problemas para intentar superar el desaf\u00edo que significar\u00e1 Deportes Puerto Montt, conjunto que llega en buen pie al enfrentamiento contra los sanfelipe\u00f1os.<br \/>\nEl t\u00e9cnico de los albirrojos, Germ\u00e1n Corengia, realiz\u00f3 un sincero an\u00e1lisis sobre lo que puede pasar en pocas horas m\u00e1s en el estadio Municipal. \u00abDuele no poder llegar como quisi\u00e9ramos, ya que no podemos pelear con las mejores armas, y eso se nota mucho cuando se enfrenta a equipos con planteles m\u00e1s amplios; los muchachos est\u00e1n haciendo un gran esfuerzo para poder llegar bien a este partido, donde estaremos frente a un equipo que est\u00e1 peleando arriba\u00bb, dijo el coach.<br \/>\nPara el juego contra los salmoneros, Uni\u00f3n San Felipe no podr\u00e1 contar con titulares como Gonzalo \u00c1lvarez, Luciano Romero (lesiones), Benjam\u00edn Gazzolo, Christian Mu\u00f1oz y Leandro Fioravantti.<\/p>\n<p>Programaci\u00f3n fecha 21\u00aa<br \/>\nViernes 30 de agosto<br \/>\n20:00 horas: Barnechea \u2013 San Luis<br \/>\nS\u00e1bado 31 de agosto<br \/>\n15:30 horas: Uni\u00f3n San Felipe \u2013 Puerto Montt<br \/>\n17:30 horas: Cobreloa \u2013 Melipilla<br \/>\n18:00 horas: Santa Cruz \u2013 Magallanes<br \/>\nDomingo 1 de septiembre<br \/>\n15:00 horas: Temuco \u2013 Santiago Morning<br \/>\n16:00 horas: Valdivia \u2013 Santiago Wanderers<br \/>\n16:00 horas: Rangers \u2013 La Serena<br \/>\nLunes 2 de septiembre<br \/>\n19:30 horas: \u00d1ublense \u2013 Deportes Copiap\u00f3<\/p>\n<p>Tabla de Posiciones<br \/>\nLugar Ptos.<br \/>\nCobreloa 35<br \/>\nLa Serena 35<br \/>\nPuerto Montt 32<br \/>\nSantiago Wanderers 30<br \/>\nTemuco 29<br \/>\nBarnechea 29<br \/>\nCopiap\u00f3 28<br \/>\n\u00d1ublense 27<br \/>\nMelipilla 26<br \/>\nUni\u00f3n San Felipe 26<br \/>\nSanta Cruz 26<br \/>\nSantiago Morning 23<br \/>\nRangers 22<br \/>\nSan Luis 22<br \/>\nMagallanes 20<br \/>\nValdivia 18<\/p>\n<figure id=\"attachment_93950\" aria-describedby=\"caption-attachment-93950\" style=\"width: 580px\" class=\"wp-caption alignnone\"><img data-recalc-dims=\"1\" loading=\"lazy\" decoding=\"async\" class=\"size-full wp-image-93950\" src=\"https:\/\/i0.wp.com\/www.eltrabajo.cl\/portal\/wp-content\/uploads\/2019\/08\/uni-uni-2.jpg?resize=580%2C380\" alt=\"Muchas bajas presentar\u00e1 el equipo albirrojo en su duelo contra Puerto Montt.\" width=\"580\" height=\"380\" srcset=\"https:\/\/i0.wp.com\/eltrabajo.cl\/portal\/wp-content\/uploads\/2019\/08\/uni-uni-2.jpg?w=580&amp;ssl=1 580w, https:\/\/i0.wp.com\/eltrabajo.cl\/portal\/wp-content\/uploads\/2019\/08\/uni-uni-2.jpg?resize=200%2C131&amp;ssl=1 200w, https:\/\/i0.wp.com\/eltrabajo.cl\/portal\/wp-content\/uploads\/2019\/08\/uni-uni-2.jpg?resize=300%2C197&amp;ssl=1 300w, https:\/\/i0.wp.com\/eltrabajo.cl\/portal\/wp-content\/uploads\/2019\/08\/uni-uni-2.jpg?resize=229%2C150&amp;ssl=1 229w, https:\/\/i0.wp.com\/eltrabajo.cl\/portal\/wp-content\/uploads\/2019\/08\/uni-uni-2.jpg?resize=400%2C262&amp;ssl=1 400w\" sizes=\"auto, (max-width: 580px) 100vw, 580px\" \/><figcaption id=\"caption-attachment-93950\" class=\"wp-caption-text\">Muchas bajas presentar\u00e1 el equipo albirrojo en su duelo contra Puerto Montt.<\/figcaption><\/figure>\n","protected":false},"excerpt":{"rendered":"<p>Un momento complicado debido a lo diezmado que se encuentra el plantel, por las lesiones y suspensiones, est\u00e1 viviendo Uni\u00f3n San Felipe. Ma\u00f1ana s\u00e1bado el conjunto sanfelipe\u00f1o deber\u00e1 dejar de lado todos&#8230;<\/p>\n","protected":false},"author":482,"featured_media":93950,"comment_status":"open","ping_status":"open","sticky":false,"template":"","format":"standard","meta":{"advanced_seo_description":"","jetpack_seo_html_title":"","jetpack_seo_noindex":false,"_jetpack_memberships_contains_paid_content":false,"footnotes":""},"categories":[19],"tags":[],"class_list":["post-93949","post","type-post","status-publish","format-standard","has-post-thumbnail","hentry","category-deportes"],"jetpack_featured_media_url":"https:\/\/i0.wp.com\/eltrabajo.cl\/portal\/wp-content\/uploads\/2019\/08\/uni-uni-2.jpg?fit=580%2C380&ssl=1","jetpack_sharing_enabled":true,"jetpack_likes_enabled":true,"jetpack-related-posts":[],"_links":{"self":[{"href":"https:\/\/eltrabajo.cl\/portal\/wp-json\/wp\/v2\/posts\/93949","targetHints":{"allow":["GET"]}}],"collection":[{"href":"https:\/\/eltrabajo.cl\/portal\/wp-json\/wp\/v2\/posts"}],"about":[{"href":"https:\/\/eltrabajo.cl\/portal\/wp-json\/wp\/v2\/types\/post"}],"author":[{"embeddable":true,"href":"https:\/\/eltrabajo.cl\/portal\/wp-json\/wp\/v2\/users\/482"}],"replies":[{"embeddable":true,"href":"https:\/\/eltrabajo.cl\/portal\/wp-json\/wp\/v2\/comments?post=93949"}],"version-history":[{"count":0,"href":"https:\/\/eltrabajo.cl\/portal\/wp-json\/wp\/v2\/posts\/93949\/revisions"}],"wp:featuredmedia":[{"embeddable":true,"href":"https:\/\/eltrabajo.cl\/portal\/wp-json\/wp\/v2\/media\/93950"}],"wp:attachment":[{"href":"https:\/\/eltrabajo.cl\/portal\/wp-json\/wp\/v2\/media?parent=93949"}],"wp:term":[{"taxonomy":"category","embeddable":true,"href":"https:\/\/eltrabajo.cl\/portal\/wp-json\/wp\/v2\/categories?post=93949"},{"taxonomy":"post_tag","embeddable":true,"href":"https:\/\/eltrabajo.cl\/portal\/wp-json\/wp\/v2\/tags?post=93949"}],"curies":[{"name":"wp","href":"https:\/\/api.w.org\/{rel}","templated":true}]}}