{"id":94009,"date":"2019-09-03T05:02:54","date_gmt":"2019-09-03T09:02:54","guid":{"rendered":"http:\/\/www.eltrabajo.cl\/portal\/?p=94009"},"modified":"2019-09-02T20:42:36","modified_gmt":"2019-09-03T00:42:36","slug":"abren-primera-escuela-de-porteros-en-el-valle-de-aconcagua","status":"publish","type":"post","link":"https:\/\/eltrabajo.cl\/portal\/abren-primera-escuela-de-porteros-en-el-valle-de-aconcagua\/","title":{"rendered":"Abren primera escuela de porteros en el Valle de Aconcagua"},"content":{"rendered":"<p><span style=\"color: #ff0000;\"><strong>Clases y entrenamientos para ni\u00f1os, j\u00f3venes y adultos:<\/strong><\/span><\/p>\n<p>Es muy regular que en Diario El Trabajo cotidianamente publiquemos notas period\u00edsticas en las que destacamos a muchos clubes deportivos de f\u00fatbol, b\u00e1squetbol, v\u00f3leibol y hasta atletismo, pero hoy es la primera vez que presentamos a nuestros lectores la primera escuela de porteros en Valle de Aconcagua.<br \/>\nSe trata de una iniciativa que busca brindar formaci\u00f3n a los arqueros, pues casi siempre los entrenamientos que se imparten en los clubes deportivos son m\u00e1s generales, sin la especialidad que un guardametas requiere tener, as\u00ed es que atendimos a uno de los dos experimentados porteros que est\u00e1n al frente de la Escuela de arqueros Guardianes del valle, Diego Arcos.<br \/>\n\u00abNuestra Escuela la fundamos el 22 de junio de 2019, somos un proyecto muy nuevo, aqu\u00ed damos entrenamiento a ni\u00f1os desde los 5 a\u00f1os de edad en adelante, hasta adultos. Los ni\u00f1os aprenden el rol b\u00e1sico de un arquero, conceptos t\u00e9cnicos, t\u00e1cticos y f\u00edsicos de su posici\u00f3n durante un partido, t\u00e9cnicas para detener penales, lectura corporal del adversario, dirigir y armar defensas en bal\u00f3n detenido, o sea, todo lo que nosotros los instructores hemos aprendido en los clubes en que jugamos\u00bb, coment\u00f3 Arcos a nuestro medio.<br \/>\nEl otro portero se llama Jaime G\u00f3mez, estuvo en las ligas menores, juveniles y estelares del Un\u00ed, al igual que Arcos, quien tambi\u00e9n se form\u00f3 en el Uni\u00f3n San Felipe desde 2010 a 2016. Actualmente hay catorce chicos entren\u00e1ndose y cuatro adultos.<br \/>\n<strong>Roberto Gonz\u00e1lez Short<\/strong><\/p>\n<figure id=\"attachment_94010\" aria-describedby=\"caption-attachment-94010\" style=\"width: 580px\" class=\"wp-caption alignnone\"><img data-recalc-dims=\"1\" loading=\"lazy\" decoding=\"async\" class=\"size-full wp-image-94010\" src=\"https:\/\/i0.wp.com\/www.eltrabajo.cl\/portal\/wp-content\/uploads\/2019\/09\/Porteros_Jaime-Gomez.jpg?resize=580%2C359\" alt=\"MUCHO QUE ENSE\u00d1AR.- As\u00ed luce Jaime G\u00f3mez, entrenador de la Escuela, cuando tiene que demostrar de qu\u00e9 est\u00e1 hecho.\" width=\"580\" height=\"359\" srcset=\"https:\/\/i0.wp.com\/eltrabajo.cl\/portal\/wp-content\/uploads\/2019\/09\/Porteros_Jaime-Gomez.jpg?w=580&amp;ssl=1 580w, https:\/\/i0.wp.com\/eltrabajo.cl\/portal\/wp-content\/uploads\/2019\/09\/Porteros_Jaime-Gomez.jpg?resize=200%2C124&amp;ssl=1 200w, https:\/\/i0.wp.com\/eltrabajo.cl\/portal\/wp-content\/uploads\/2019\/09\/Porteros_Jaime-Gomez.jpg?resize=300%2C186&amp;ssl=1 300w, https:\/\/i0.wp.com\/eltrabajo.cl\/portal\/wp-content\/uploads\/2019\/09\/Porteros_Jaime-Gomez.jpg?resize=242%2C150&amp;ssl=1 242w, https:\/\/i0.wp.com\/eltrabajo.cl\/portal\/wp-content\/uploads\/2019\/09\/Porteros_Jaime-Gomez.jpg?resize=400%2C248&amp;ssl=1 400w\" sizes=\"auto, (max-width: 580px) 100vw, 580px\" \/><figcaption id=\"caption-attachment-94010\" class=\"wp-caption-text\">MUCHO QUE ENSE\u00d1AR.- As\u00ed luce Jaime G\u00f3mez, entrenador de la Escuela, cuando tiene que demostrar de qu\u00e9 est\u00e1 hecho.<\/figcaption><\/figure>\n<figure id=\"attachment_94011\" aria-describedby=\"caption-attachment-94011\" style=\"width: 580px\" class=\"wp-caption alignnone\"><img data-recalc-dims=\"1\" loading=\"lazy\" decoding=\"async\" class=\"size-full wp-image-94011\" src=\"https:\/\/i0.wp.com\/www.eltrabajo.cl\/portal\/wp-content\/uploads\/2019\/09\/Porteros1.jpg?resize=580%2C515\" alt=\"FUTUROS PORTEROS.- Ellos son parte de los ni\u00f1os que ya se est\u00e1n entrenando como arqueros de f\u00fatbol.\" width=\"580\" height=\"515\" srcset=\"https:\/\/i0.wp.com\/eltrabajo.cl\/portal\/wp-content\/uploads\/2019\/09\/Porteros1.jpg?w=580&amp;ssl=1 580w, https:\/\/i0.wp.com\/eltrabajo.cl\/portal\/wp-content\/uploads\/2019\/09\/Porteros1.jpg?resize=169%2C150&amp;ssl=1 169w, https:\/\/i0.wp.com\/eltrabajo.cl\/portal\/wp-content\/uploads\/2019\/09\/Porteros1.jpg?resize=300%2C266&amp;ssl=1 300w, https:\/\/i0.wp.com\/eltrabajo.cl\/portal\/wp-content\/uploads\/2019\/09\/Porteros1.jpg?resize=400%2C355&amp;ssl=1 400w\" sizes=\"auto, (max-width: 580px) 100vw, 580px\" \/><figcaption id=\"caption-attachment-94011\" class=\"wp-caption-text\">FUTUROS PORTEROS.- Ellos son parte de los ni\u00f1os que ya se est\u00e1n entrenando como arqueros de f\u00fatbol.<\/figcaption><\/figure>\n<figure id=\"attachment_94012\" aria-describedby=\"caption-attachment-94012\" style=\"width: 580px\" class=\"wp-caption alignnone\"><img data-recalc-dims=\"1\" loading=\"lazy\" decoding=\"async\" class=\"size-full wp-image-94012\" src=\"https:\/\/i0.wp.com\/www.eltrabajo.cl\/portal\/wp-content\/uploads\/2019\/09\/Porteros_Diego-Arcos.jpg?resize=580%2C572\" alt=\"Diego Arcos, entrenador de esta Escuela que le hace honor a su apellido.\" width=\"580\" height=\"572\" srcset=\"https:\/\/i0.wp.com\/eltrabajo.cl\/portal\/wp-content\/uploads\/2019\/09\/Porteros_Diego-Arcos.jpg?w=580&amp;ssl=1 580w, https:\/\/i0.wp.com\/eltrabajo.cl\/portal\/wp-content\/uploads\/2019\/09\/Porteros_Diego-Arcos.jpg?resize=152%2C150&amp;ssl=1 152w, https:\/\/i0.wp.com\/eltrabajo.cl\/portal\/wp-content\/uploads\/2019\/09\/Porteros_Diego-Arcos.jpg?resize=300%2C296&amp;ssl=1 300w, https:\/\/i0.wp.com\/eltrabajo.cl\/portal\/wp-content\/uploads\/2019\/09\/Porteros_Diego-Arcos.jpg?resize=400%2C394&amp;ssl=1 400w\" sizes=\"auto, (max-width: 580px) 100vw, 580px\" \/><figcaption id=\"caption-attachment-94012\" class=\"wp-caption-text\">Diego Arcos, entrenador de esta Escuela que le hace honor a su apellido.<\/figcaption><\/figure>\n","protected":false},"excerpt":{"rendered":"<p>Clases y entrenamientos para ni\u00f1os, j\u00f3venes y adultos: Es muy regular que en Diario El Trabajo cotidianamente publiquemos notas period\u00edsticas en las que destacamos a muchos clubes deportivos de f\u00fatbol, b\u00e1squetbol, v\u00f3leibol&#8230;<\/p>\n","protected":false},"author":482,"featured_media":94010,"comment_status":"open","ping_status":"open","sticky":false,"template":"","format":"standard","meta":{"advanced_seo_description":"","jetpack_seo_html_title":"","jetpack_seo_noindex":false,"_jetpack_memberships_contains_paid_content":false,"footnotes":""},"categories":[19],"tags":[],"class_list":["post-94009","post","type-post","status-publish","format-standard","has-post-thumbnail","hentry","category-deportes"],"jetpack_featured_media_url":"https:\/\/i0.wp.com\/eltrabajo.cl\/portal\/wp-content\/uploads\/2019\/09\/Porteros_Jaime-Gomez.jpg?fit=580%2C359&ssl=1","jetpack_sharing_enabled":true,"jetpack_likes_enabled":true,"jetpack-related-posts":[],"_links":{"self":[{"href":"https:\/\/eltrabajo.cl\/portal\/wp-json\/wp\/v2\/posts\/94009","targetHints":{"allow":["GET"]}}],"collection":[{"href":"https:\/\/eltrabajo.cl\/portal\/wp-json\/wp\/v2\/posts"}],"about":[{"href":"https:\/\/eltrabajo.cl\/portal\/wp-json\/wp\/v2\/types\/post"}],"author":[{"embeddable":true,"href":"https:\/\/eltrabajo.cl\/portal\/wp-json\/wp\/v2\/users\/482"}],"replies":[{"embeddable":true,"href":"https:\/\/eltrabajo.cl\/portal\/wp-json\/wp\/v2\/comments?post=94009"}],"version-history":[{"count":0,"href":"https:\/\/eltrabajo.cl\/portal\/wp-json\/wp\/v2\/posts\/94009\/revisions"}],"wp:featuredmedia":[{"embeddable":true,"href":"https:\/\/eltrabajo.cl\/portal\/wp-json\/wp\/v2\/media\/94010"}],"wp:attachment":[{"href":"https:\/\/eltrabajo.cl\/portal\/wp-json\/wp\/v2\/media?parent=94009"}],"wp:term":[{"taxonomy":"category","embeddable":true,"href":"https:\/\/eltrabajo.cl\/portal\/wp-json\/wp\/v2\/categories?post=94009"},{"taxonomy":"post_tag","embeddable":true,"href":"https:\/\/eltrabajo.cl\/portal\/wp-json\/wp\/v2\/tags?post=94009"}],"curies":[{"name":"wp","href":"https:\/\/api.w.org\/{rel}","templated":true}]}}