{"id":94060,"date":"2019-09-05T05:01:14","date_gmt":"2019-09-05T09:01:14","guid":{"rendered":"http:\/\/www.eltrabajo.cl\/portal\/?p=94060"},"modified":"2019-09-04T21:55:33","modified_gmt":"2019-09-05T01:55:33","slug":"se-afinan-los-ultimos-detalles-para-el-torneo-de-futbol-femenino-en-san-felipe","status":"publish","type":"post","link":"https:\/\/eltrabajo.cl\/portal\/se-afinan-los-ultimos-detalles-para-el-torneo-de-futbol-femenino-en-san-felipe\/","title":{"rendered":"Se afinan los \u00faltimos detalles para el torneo de f\u00fatbol femenino en San Felipe"},"content":{"rendered":"<p>Para mediados de mes la Asociaci\u00f3n de F\u00fatbol Amateur de San Felipe espera echar a andar su torneo oficial femenino y en el cual por vez primera intervendr\u00e1n todos los clubes que forman parte de la organizaci\u00f3n deportiva sanfelipe\u00f1a.<br \/>\nEl presidente del ente rector del balompi\u00e9 sanfelipe\u00f1o, Ra\u00fal Reinoso, indic\u00f3 a El Trabajo Deportivo que solo restan cosas menores por despejar para que comience a rodar el bal\u00f3n en las distintas canchas locales. \u00abHay que definir si jugar\u00e1n (las mujeres) el s\u00e1bado o domingo, y tambi\u00e9n si ser\u00e1 en un solo recinto o en distintas canchas; en lo personal a m\u00ed me gustar\u00eda que fuera el s\u00e1bado para que las ni\u00f1as asuman el protagonismo que corresponde; pero bueno, eso se definir\u00e1 el pr\u00f3ximo lunes en la reuni\u00f3n del Consejo de Presidentes\u00bb, afirm\u00f3 el directivo.<\/p>\n<figure id=\"attachment_94061\" aria-describedby=\"caption-attachment-94061\" style=\"width: 580px\" class=\"wp-caption alignnone\"><img data-recalc-dims=\"1\" loading=\"lazy\" decoding=\"async\" class=\"size-full wp-image-94061\" src=\"https:\/\/i0.wp.com\/www.eltrabajo.cl\/portal\/wp-content\/uploads\/2019\/09\/futbol-femenino.jpg?resize=580%2C360\" alt=\"San Felipe y todo el valle de Aconcagua ya vibra con el f\u00fatbol femenino.\" width=\"580\" height=\"360\" srcset=\"https:\/\/i0.wp.com\/eltrabajo.cl\/portal\/wp-content\/uploads\/2019\/09\/futbol-femenino.jpg?w=580&amp;ssl=1 580w, https:\/\/i0.wp.com\/eltrabajo.cl\/portal\/wp-content\/uploads\/2019\/09\/futbol-femenino.jpg?resize=200%2C124&amp;ssl=1 200w, https:\/\/i0.wp.com\/eltrabajo.cl\/portal\/wp-content\/uploads\/2019\/09\/futbol-femenino.jpg?resize=300%2C186&amp;ssl=1 300w, https:\/\/i0.wp.com\/eltrabajo.cl\/portal\/wp-content\/uploads\/2019\/09\/futbol-femenino.jpg?resize=242%2C150&amp;ssl=1 242w, https:\/\/i0.wp.com\/eltrabajo.cl\/portal\/wp-content\/uploads\/2019\/09\/futbol-femenino.jpg?resize=400%2C248&amp;ssl=1 400w\" sizes=\"auto, (max-width: 580px) 100vw, 580px\" \/><figcaption id=\"caption-attachment-94061\" class=\"wp-caption-text\">San Felipe y todo el valle de Aconcagua ya vibra con el f\u00fatbol femenino.<\/figcaption><\/figure>\n","protected":false},"excerpt":{"rendered":"<p>Para mediados de mes la Asociaci\u00f3n de F\u00fatbol Amateur de San Felipe espera echar a andar su torneo oficial femenino y en el cual por vez primera intervendr\u00e1n todos los clubes que&#8230;<\/p>\n","protected":false},"author":482,"featured_media":94061,"comment_status":"open","ping_status":"open","sticky":false,"template":"","format":"standard","meta":{"advanced_seo_description":"","jetpack_seo_html_title":"","jetpack_seo_noindex":false,"_jetpack_memberships_contains_paid_content":false,"footnotes":""},"categories":[19],"tags":[],"class_list":["post-94060","post","type-post","status-publish","format-standard","has-post-thumbnail","hentry","category-deportes"],"jetpack_featured_media_url":"https:\/\/i0.wp.com\/eltrabajo.cl\/portal\/wp-content\/uploads\/2019\/09\/futbol-femenino.jpg?fit=580%2C360&ssl=1","jetpack_sharing_enabled":true,"jetpack_likes_enabled":true,"jetpack-related-posts":[],"_links":{"self":[{"href":"https:\/\/eltrabajo.cl\/portal\/wp-json\/wp\/v2\/posts\/94060","targetHints":{"allow":["GET"]}}],"collection":[{"href":"https:\/\/eltrabajo.cl\/portal\/wp-json\/wp\/v2\/posts"}],"about":[{"href":"https:\/\/eltrabajo.cl\/portal\/wp-json\/wp\/v2\/types\/post"}],"author":[{"embeddable":true,"href":"https:\/\/eltrabajo.cl\/portal\/wp-json\/wp\/v2\/users\/482"}],"replies":[{"embeddable":true,"href":"https:\/\/eltrabajo.cl\/portal\/wp-json\/wp\/v2\/comments?post=94060"}],"version-history":[{"count":0,"href":"https:\/\/eltrabajo.cl\/portal\/wp-json\/wp\/v2\/posts\/94060\/revisions"}],"wp:featuredmedia":[{"embeddable":true,"href":"https:\/\/eltrabajo.cl\/portal\/wp-json\/wp\/v2\/media\/94061"}],"wp:attachment":[{"href":"https:\/\/eltrabajo.cl\/portal\/wp-json\/wp\/v2\/media?parent=94060"}],"wp:term":[{"taxonomy":"category","embeddable":true,"href":"https:\/\/eltrabajo.cl\/portal\/wp-json\/wp\/v2\/categories?post=94060"},{"taxonomy":"post_tag","embeddable":true,"href":"https:\/\/eltrabajo.cl\/portal\/wp-json\/wp\/v2\/tags?post=94060"}],"curies":[{"name":"wp","href":"https:\/\/api.w.org\/{rel}","templated":true}]}}