{"id":94097,"date":"2019-09-06T05:02:59","date_gmt":"2019-09-06T09:02:59","guid":{"rendered":"http:\/\/www.eltrabajo.cl\/portal\/?p=94097"},"modified":"2019-09-05T20:40:19","modified_gmt":"2019-09-06T00:40:19","slug":"atempo-y-son-d-esquina-haran-temblar-la-terraza-hoy-viernes-a-las-1900-horas","status":"publish","type":"post","link":"https:\/\/eltrabajo.cl\/portal\/atempo-y-son-d-esquina-haran-temblar-la-terraza-hoy-viernes-a-las-1900-horas\/","title":{"rendered":"Atempo y \u2018Son D\u2019 Esquina\u2019 har\u00e1n temblar la terraza hoy viernes a las 19:00 horas"},"content":{"rendered":"<p>Un gran momento musical se llevar\u00e1 a cabo en la Plaza de Armas de San Felipe, espec\u00edficamente en la terraza, este viernes 13 de septiembre desde las 19:00 horas. Este espacio art\u00edstico est\u00e1 siendo organizado por el sexteto de m\u00fasica cubana y boleros \u2018Son D\u00b4 Esquina\u2019, en colaboraci\u00f3n con \u2018Academia de M\u00fasica Atempo\u2019.<br \/>\nEn este encuentro musical habr\u00e1 dos bandas que presentar\u00e1n cada uno su repertorio en tiempos separados. El primero en presentarse ser\u00e1 Atempo Band, agrupaci\u00f3n que representa a la Academia de M\u00fasica Atempo, luego ser\u00e1 el turno \u2018Son D\u2019 Esquina\u2019, una propuesta al mejor estilo cubano, ligado al Son.<\/p>\n<figure id=\"attachment_94098\" aria-describedby=\"caption-attachment-94098\" style=\"width: 580px\" class=\"wp-caption alignnone\"><img data-recalc-dims=\"1\" loading=\"lazy\" decoding=\"async\" class=\"size-full wp-image-94098\" src=\"https:\/\/i0.wp.com\/www.eltrabajo.cl\/portal\/wp-content\/uploads\/2019\/09\/Atempo1.jpg?resize=580%2C360\" alt=\"TALENTO LOCAL.- Ellos son Atempo Band, de San Felipe, estar\u00e1n haciendo de las suyas la pr\u00f3xima semana en la terraza.\" width=\"580\" height=\"360\" srcset=\"https:\/\/i0.wp.com\/eltrabajo.cl\/portal\/wp-content\/uploads\/2019\/09\/Atempo1.jpg?w=580&amp;ssl=1 580w, https:\/\/i0.wp.com\/eltrabajo.cl\/portal\/wp-content\/uploads\/2019\/09\/Atempo1.jpg?resize=200%2C124&amp;ssl=1 200w, https:\/\/i0.wp.com\/eltrabajo.cl\/portal\/wp-content\/uploads\/2019\/09\/Atempo1.jpg?resize=300%2C186&amp;ssl=1 300w, https:\/\/i0.wp.com\/eltrabajo.cl\/portal\/wp-content\/uploads\/2019\/09\/Atempo1.jpg?resize=242%2C150&amp;ssl=1 242w, https:\/\/i0.wp.com\/eltrabajo.cl\/portal\/wp-content\/uploads\/2019\/09\/Atempo1.jpg?resize=400%2C248&amp;ssl=1 400w\" sizes=\"auto, (max-width: 580px) 100vw, 580px\" \/><figcaption id=\"caption-attachment-94098\" class=\"wp-caption-text\">TALENTO LOCAL.- Ellos son Atempo Band, de San Felipe, estar\u00e1n haciendo de las suyas la pr\u00f3xima semana en la terraza.<\/figcaption><\/figure>\n","protected":false},"excerpt":{"rendered":"<p>Un gran momento musical se llevar\u00e1 a cabo en la Plaza de Armas de San Felipe, espec\u00edficamente en la terraza, este viernes 13 de septiembre desde las 19:00 horas. Este espacio art\u00edstico&#8230;<\/p>\n","protected":false},"author":482,"featured_media":94098,"comment_status":"open","ping_status":"open","sticky":false,"template":"","format":"standard","meta":{"advanced_seo_description":"","jetpack_seo_html_title":"","jetpack_seo_noindex":false,"_jetpack_memberships_contains_paid_content":false,"footnotes":""},"categories":[20],"tags":[],"class_list":["post-94097","post","type-post","status-publish","format-standard","has-post-thumbnail","hentry","category-arte-y-cultura"],"jetpack_featured_media_url":"https:\/\/i0.wp.com\/eltrabajo.cl\/portal\/wp-content\/uploads\/2019\/09\/Atempo1.jpg?fit=580%2C360&ssl=1","jetpack_sharing_enabled":true,"jetpack_likes_enabled":true,"jetpack-related-posts":[],"_links":{"self":[{"href":"https:\/\/eltrabajo.cl\/portal\/wp-json\/wp\/v2\/posts\/94097","targetHints":{"allow":["GET"]}}],"collection":[{"href":"https:\/\/eltrabajo.cl\/portal\/wp-json\/wp\/v2\/posts"}],"about":[{"href":"https:\/\/eltrabajo.cl\/portal\/wp-json\/wp\/v2\/types\/post"}],"author":[{"embeddable":true,"href":"https:\/\/eltrabajo.cl\/portal\/wp-json\/wp\/v2\/users\/482"}],"replies":[{"embeddable":true,"href":"https:\/\/eltrabajo.cl\/portal\/wp-json\/wp\/v2\/comments?post=94097"}],"version-history":[{"count":0,"href":"https:\/\/eltrabajo.cl\/portal\/wp-json\/wp\/v2\/posts\/94097\/revisions"}],"wp:featuredmedia":[{"embeddable":true,"href":"https:\/\/eltrabajo.cl\/portal\/wp-json\/wp\/v2\/media\/94098"}],"wp:attachment":[{"href":"https:\/\/eltrabajo.cl\/portal\/wp-json\/wp\/v2\/media?parent=94097"}],"wp:term":[{"taxonomy":"category","embeddable":true,"href":"https:\/\/eltrabajo.cl\/portal\/wp-json\/wp\/v2\/categories?post=94097"},{"taxonomy":"post_tag","embeddable":true,"href":"https:\/\/eltrabajo.cl\/portal\/wp-json\/wp\/v2\/tags?post=94097"}],"curies":[{"name":"wp","href":"https:\/\/api.w.org\/{rel}","templated":true}]}}