{"id":94368,"date":"2019-09-24T05:04:13","date_gmt":"2019-09-24T08:04:13","guid":{"rendered":"http:\/\/www.eltrabajo.cl\/portal\/?p=94368"},"modified":"2019-09-23T20:33:17","modified_gmt":"2019-09-23T23:33:17","slug":"se-aproxima-otra-edicion-de-la-copa-de-la-hermandad-de-artes-marciales","status":"publish","type":"post","link":"https:\/\/eltrabajo.cl\/portal\/se-aproxima-otra-edicion-de-la-copa-de-la-hermandad-de-artes-marciales\/","title":{"rendered":"Se aproxima otra edici\u00f3n de la Copa de la Hermandad de artes marciales"},"content":{"rendered":"<p>Para el pr\u00f3ximo 13 de octubre est\u00e1 agendada la d\u00e9cimo primera versi\u00f3n del reconocido torneo de artes marciales \u2018Copa de la Hermandad San Felipe 2019\u2019, evento que en el mundo de este deporte es catalogado como uno de los m\u00e1s importantes del pa\u00eds, al reunir a parte de los mejores exponentes en disciplinas como Combate Al Punto y Cinturones Negros.<br \/>\nLa Copa de la Hermandad es organizada por el Maestro (8\u00ba Dan) Oscar \u2018Toti\u2019 Contreras, nombre que por s\u00ed solo garantiza un evento de primer nivel, al contar \u00e9ste con un amplio reconocimiento en Chile y el extranjero.<br \/>\nEsta 11\u00aa versi\u00f3n de este torneo internacional tendr\u00e1 lugar en el gimnasio del Liceo Polit\u00e9cnico, recinto donde habr\u00e1 competencia en las siguientes ramas de las artes marciales: Combate al Punto, Formas con Armas, Formas (china, japonesa, coreana), Ligh Contac, Categor\u00eda Negros y Kick Boxing.<br \/>\nLos interesados en ser parte de este campeonato de artes marciales pueden requerir mayores informaciones al siguiente tel\u00e9fono celular: +56 9 9404 7620.<\/p>\n<figure id=\"attachment_94369\" aria-describedby=\"caption-attachment-94369\" style=\"width: 580px\" class=\"wp-caption alignnone\"><img data-recalc-dims=\"1\" loading=\"lazy\" decoding=\"async\" class=\"size-full wp-image-94369\" src=\"https:\/\/i0.wp.com\/www.eltrabajo.cl\/portal\/wp-content\/uploads\/2019\/09\/Oscar-Toty-Contreras.jpg?resize=580%2C360\" alt=\"El Maestro (8\u00ba Dan) Oscar \u2018Toti\u2019 Contreras es el organizador de la Copa de la Hermandad.\" width=\"580\" height=\"360\" srcset=\"https:\/\/i0.wp.com\/eltrabajo.cl\/portal\/wp-content\/uploads\/2019\/09\/Oscar-Toty-Contreras.jpg?w=580&amp;ssl=1 580w, https:\/\/i0.wp.com\/eltrabajo.cl\/portal\/wp-content\/uploads\/2019\/09\/Oscar-Toty-Contreras.jpg?resize=200%2C124&amp;ssl=1 200w, https:\/\/i0.wp.com\/eltrabajo.cl\/portal\/wp-content\/uploads\/2019\/09\/Oscar-Toty-Contreras.jpg?resize=300%2C186&amp;ssl=1 300w, https:\/\/i0.wp.com\/eltrabajo.cl\/portal\/wp-content\/uploads\/2019\/09\/Oscar-Toty-Contreras.jpg?resize=242%2C150&amp;ssl=1 242w, https:\/\/i0.wp.com\/eltrabajo.cl\/portal\/wp-content\/uploads\/2019\/09\/Oscar-Toty-Contreras.jpg?resize=400%2C248&amp;ssl=1 400w\" sizes=\"auto, (max-width: 580px) 100vw, 580px\" \/><figcaption id=\"caption-attachment-94369\" class=\"wp-caption-text\">El Maestro (8\u00ba Dan) Oscar \u2018Toti\u2019 Contreras es el organizador de la Copa de la Hermandad.<\/figcaption><\/figure>\n","protected":false},"excerpt":{"rendered":"<p>Para el pr\u00f3ximo 13 de octubre est\u00e1 agendada la d\u00e9cimo primera versi\u00f3n del reconocido torneo de artes marciales \u2018Copa de la Hermandad San Felipe 2019\u2019, evento que en el mundo de este&#8230;<\/p>\n","protected":false},"author":482,"featured_media":94369,"comment_status":"open","ping_status":"open","sticky":false,"template":"","format":"standard","meta":{"advanced_seo_description":"","jetpack_seo_html_title":"","jetpack_seo_noindex":false,"_jetpack_memberships_contains_paid_content":false,"footnotes":""},"categories":[19],"tags":[],"class_list":["post-94368","post","type-post","status-publish","format-standard","has-post-thumbnail","hentry","category-deportes"],"jetpack_featured_media_url":"https:\/\/i0.wp.com\/eltrabajo.cl\/portal\/wp-content\/uploads\/2019\/09\/Oscar-Toty-Contreras.jpg?fit=580%2C360&ssl=1","jetpack_sharing_enabled":true,"jetpack_likes_enabled":true,"jetpack-related-posts":[],"_links":{"self":[{"href":"https:\/\/eltrabajo.cl\/portal\/wp-json\/wp\/v2\/posts\/94368","targetHints":{"allow":["GET"]}}],"collection":[{"href":"https:\/\/eltrabajo.cl\/portal\/wp-json\/wp\/v2\/posts"}],"about":[{"href":"https:\/\/eltrabajo.cl\/portal\/wp-json\/wp\/v2\/types\/post"}],"author":[{"embeddable":true,"href":"https:\/\/eltrabajo.cl\/portal\/wp-json\/wp\/v2\/users\/482"}],"replies":[{"embeddable":true,"href":"https:\/\/eltrabajo.cl\/portal\/wp-json\/wp\/v2\/comments?post=94368"}],"version-history":[{"count":0,"href":"https:\/\/eltrabajo.cl\/portal\/wp-json\/wp\/v2\/posts\/94368\/revisions"}],"wp:featuredmedia":[{"embeddable":true,"href":"https:\/\/eltrabajo.cl\/portal\/wp-json\/wp\/v2\/media\/94369"}],"wp:attachment":[{"href":"https:\/\/eltrabajo.cl\/portal\/wp-json\/wp\/v2\/media?parent=94368"}],"wp:term":[{"taxonomy":"category","embeddable":true,"href":"https:\/\/eltrabajo.cl\/portal\/wp-json\/wp\/v2\/categories?post=94368"},{"taxonomy":"post_tag","embeddable":true,"href":"https:\/\/eltrabajo.cl\/portal\/wp-json\/wp\/v2\/tags?post=94368"}],"curies":[{"name":"wp","href":"https:\/\/api.w.org\/{rel}","templated":true}]}}