{"id":94407,"date":"2019-09-25T05:03:03","date_gmt":"2019-09-25T08:03:03","guid":{"rendered":"http:\/\/www.eltrabajo.cl\/portal\/?p=94407"},"modified":"2019-09-24T20:59:12","modified_gmt":"2019-09-24T23:59:12","slug":"union-san-felipe-parece-clinica-con-decena-de-jugadores-lesionados","status":"publish","type":"post","link":"https:\/\/eltrabajo.cl\/portal\/union-san-felipe-parece-clinica-con-decena-de-jugadores-lesionados\/","title":{"rendered":"Uni\u00f3n San Felipe parece cl\u00ednica con decena de jugadores lesionados"},"content":{"rendered":"<p>Un momento complicado debido a la gran cantidad de lesionados que presenta su plantel de honor, est\u00e1 viviendo el Un\u00ed Un\u00ed de cara a la recta final del torneo oficial de la Primera Divisi\u00f3n B.<br \/>\nEl conjunto albirrojo tiene en la actualidad cerca de 10 jugadores \u2018tocados\u2019 o derechamente lesionados, los que tienen escasas o nulas opciones de jugar este s\u00e1bado frente a San Luis en el estadio Municipal, tema no menor y preocupante debido a que para los sanfelipe\u00f1os todos los partidos restantes ser\u00e1n verdaderas finales, m\u00e1s todav\u00eda cuando juegue de local.<br \/>\nIniciada la semana, el conjunto aconcag\u00fcino ten\u00eda los siguientes jugadores con problemas f\u00edsicos: Luciano Romero, Gonzalo \u00c1lvarez, Gonzalo Villegas, Lautaro Palacios, Jes\u00fas Pino, Jos\u00e9 Vargas, Bryan Cort\u00e9s, Jeffry Monroy y Jos\u00e9 Luis Silva.<br \/>\nDe todos \u00e9stos, sin lugar a dudas llama la atenci\u00f3n lo de Romero y \u2018El Gringo\u2019 \u00c1lvarez, debido a que \u00e9stos ya estaban pr\u00e1cticamente recuperados y volvieron a recaer, algo no menor si se tiene en vista que los volantes, m\u00e1s el delantero Lautaro Palacios, son los llamados a dar el margen de crecimiento y mejora que necesita el equipo.<br \/>\nAntes del receso de Fiestas Patrias, el t\u00e9cnico Germ\u00e1n Corengia hab\u00eda adelantado que la idea era volver con todos los elementos disponibles, cosa que claramente no suceder\u00e1, y por lo tanto habr\u00e1 que seguir esperando para ver al Un\u00ed Un\u00ed en su mejor versi\u00f3n.<\/p>\n<figure id=\"attachment_94408\" aria-describedby=\"caption-attachment-94408\" style=\"width: 580px\" class=\"wp-caption alignnone\"><img data-recalc-dims=\"1\" loading=\"lazy\" decoding=\"async\" class=\"size-full wp-image-94408\" src=\"https:\/\/i0.wp.com\/www.eltrabajo.cl\/portal\/wp-content\/uploads\/2019\/09\/uni-uni.jpg?resize=580%2C359\" alt=\"El equipo albirrojo tiene en la actualidad muchos jugadores lesionados.\" width=\"580\" height=\"359\" srcset=\"https:\/\/i0.wp.com\/eltrabajo.cl\/portal\/wp-content\/uploads\/2019\/09\/uni-uni.jpg?w=580&amp;ssl=1 580w, https:\/\/i0.wp.com\/eltrabajo.cl\/portal\/wp-content\/uploads\/2019\/09\/uni-uni.jpg?resize=200%2C124&amp;ssl=1 200w, https:\/\/i0.wp.com\/eltrabajo.cl\/portal\/wp-content\/uploads\/2019\/09\/uni-uni.jpg?resize=300%2C186&amp;ssl=1 300w, https:\/\/i0.wp.com\/eltrabajo.cl\/portal\/wp-content\/uploads\/2019\/09\/uni-uni.jpg?resize=242%2C150&amp;ssl=1 242w, https:\/\/i0.wp.com\/eltrabajo.cl\/portal\/wp-content\/uploads\/2019\/09\/uni-uni.jpg?resize=400%2C248&amp;ssl=1 400w\" sizes=\"auto, (max-width: 580px) 100vw, 580px\" \/><figcaption id=\"caption-attachment-94408\" class=\"wp-caption-text\">El equipo albirrojo tiene en la actualidad muchos jugadores lesionados.<\/figcaption><\/figure>\n","protected":false},"excerpt":{"rendered":"<p>Un momento complicado debido a la gran cantidad de lesionados que presenta su plantel de honor, est\u00e1 viviendo el Un\u00ed Un\u00ed de cara a la recta final del torneo oficial de la&#8230;<\/p>\n","protected":false},"author":482,"featured_media":94408,"comment_status":"open","ping_status":"open","sticky":false,"template":"","format":"standard","meta":{"advanced_seo_description":"","jetpack_seo_html_title":"","jetpack_seo_noindex":false,"_jetpack_memberships_contains_paid_content":false,"footnotes":""},"categories":[19],"tags":[],"class_list":["post-94407","post","type-post","status-publish","format-standard","has-post-thumbnail","hentry","category-deportes"],"jetpack_featured_media_url":"https:\/\/i0.wp.com\/eltrabajo.cl\/portal\/wp-content\/uploads\/2019\/09\/uni-uni.jpg?fit=580%2C359&ssl=1","jetpack_sharing_enabled":true,"jetpack_likes_enabled":true,"jetpack-related-posts":[],"_links":{"self":[{"href":"https:\/\/eltrabajo.cl\/portal\/wp-json\/wp\/v2\/posts\/94407","targetHints":{"allow":["GET"]}}],"collection":[{"href":"https:\/\/eltrabajo.cl\/portal\/wp-json\/wp\/v2\/posts"}],"about":[{"href":"https:\/\/eltrabajo.cl\/portal\/wp-json\/wp\/v2\/types\/post"}],"author":[{"embeddable":true,"href":"https:\/\/eltrabajo.cl\/portal\/wp-json\/wp\/v2\/users\/482"}],"replies":[{"embeddable":true,"href":"https:\/\/eltrabajo.cl\/portal\/wp-json\/wp\/v2\/comments?post=94407"}],"version-history":[{"count":0,"href":"https:\/\/eltrabajo.cl\/portal\/wp-json\/wp\/v2\/posts\/94407\/revisions"}],"wp:featuredmedia":[{"embeddable":true,"href":"https:\/\/eltrabajo.cl\/portal\/wp-json\/wp\/v2\/media\/94408"}],"wp:attachment":[{"href":"https:\/\/eltrabajo.cl\/portal\/wp-json\/wp\/v2\/media?parent=94407"}],"wp:term":[{"taxonomy":"category","embeddable":true,"href":"https:\/\/eltrabajo.cl\/portal\/wp-json\/wp\/v2\/categories?post=94407"},{"taxonomy":"post_tag","embeddable":true,"href":"https:\/\/eltrabajo.cl\/portal\/wp-json\/wp\/v2\/tags?post=94407"}],"curies":[{"name":"wp","href":"https:\/\/api.w.org\/{rel}","templated":true}]}}