{"id":94431,"date":"2019-09-27T05:00:59","date_gmt":"2019-09-27T08:00:59","guid":{"rendered":"http:\/\/www.eltrabajo.cl\/portal\/?p=94431"},"modified":"2019-09-26T20:40:25","modified_gmt":"2019-09-26T23:40:25","slug":"pese-a-todas-las-bajas-union-san-felipe-esta-obligado-a-ganar-a-san-luis","status":"publish","type":"post","link":"https:\/\/eltrabajo.cl\/portal\/pese-a-todas-las-bajas-union-san-felipe-esta-obligado-a-ganar-a-san-luis\/","title":{"rendered":"Pese a todas las bajas Uni\u00f3n San Felipe est\u00e1 obligado a ganar a San Luis"},"content":{"rendered":"<p>Con varias bajas, algunas de ellas muy importantes porque son precisamente las que le pueden dar el plus de mejora que el equipo necesita, ma\u00f1ana Uni\u00f3n San Felipe deber\u00e1 enfrentar en el estadio Municipal a San Luis.<br \/>\nNo existen dos lecturas en relaci\u00f3n a que los sanfelipe\u00f1os no tienen otra ruta que quedarse con los tres puntos para poder seguir aspirando a entrar a la Liguilla del Ascenso; otro resultado puede lesionar severamente ese objetivo a ra\u00edz que a los sanfelipe\u00f1os lo esperan en el futuro cercano paradas de complejidad mayor como lo ser\u00e1n Deportes La Serena y Melipilla.<br \/>\nEsta semana el t\u00e9cnico Germ\u00e1n Corengia ha trabajado en la b\u00fasqueda de una oncena que se pueda acercar lo m\u00e1s posible a su idea de juego y que al mismo tiempo pueda minimizar ausencias del calibre de Luciano Romero, Lautaro Palacios o Gonzalo \u00c1lvarez.<br \/>\nUna formaci\u00f3n tentativa para el encuentro contra los \u2018Canarios\u2019 ser\u00eda con: Jonathan Salvador; Francisco Salinas, Benjam\u00edn Gazzolo, David Fern\u00e1ndez, Jos\u00e9 Catal\u00e1n, Jos\u00e9 Mart\u00ednez; Leandro Fioravanti, Enzo Orme\u00f1o (Bryan Cort\u00e9s), Christian Mu\u00f1oz, Jimmy Cisterna y Miguel Orellana.<\/p>\n<p><strong>Programaci\u00f3n fecha 24\u00aa<\/strong><br \/>\nViernes 27 de septiembre<br \/>\n18:00 horas: La Serena \u2013 Copiap\u00f3<br \/>\nS\u00e1bado 28 de septiembre<br \/>\n15:30 horas: Uni\u00f3n San Felipe \u2013 San Luis<br \/>\n15:30 horas: Santiago Morning \u2013 \u00d1ublense<br \/>\n18:00 horas: Puerto Montt \u2013 Magallanes<br \/>\nDomingo 29 de septiembre<br \/>\n12:30 horas: Temuco \u2013 Cobreloa<br \/>\n16:00 horas: Rangers \u2013 Deportes Valdivia<br \/>\n17:00 horas: Melipilla \u2013 Santa Cruz<br \/>\nLunes 30 de Septiembre<br \/>\n19:30 horas: Santiago Wanderers \u2013 Barnechea<br \/>\nTabla de Posiciones<br \/>\nLugar Ptos.<br \/>\nPuerto Montt 36<br \/>\nCobreloa 36<br \/>\nSantiago Wanderers 36<br \/>\nLa Serena 36<br \/>\nMelipilla 35<br \/>\nBarnechea 35<br \/>\n\u00d1ublense 34<br \/>\nCopiap\u00f3 33<br \/>\nSanta Cruz 32<br \/>\nTemuco 31<br \/>\n<strong>Uni\u00f3n San Felipe 30<\/strong><br \/>\nSantiago Morning 30<br \/>\nSan Luis 26<br \/>\nMagallanes 23<br \/>\nRangers 23<br \/>\nValdivia 18<\/p>\n<figure id=\"attachment_94432\" aria-describedby=\"caption-attachment-94432\" style=\"width: 580px\" class=\"wp-caption alignnone\"><img data-recalc-dims=\"1\" loading=\"lazy\" decoding=\"async\" class=\"size-full wp-image-94432\" src=\"https:\/\/i0.wp.com\/www.eltrabajo.cl\/portal\/wp-content\/uploads\/2019\/09\/uni-uni-1.jpg?resize=580%2C360\" alt=\"El equipo sanfelipe\u00f1o quiere recuperar la sonrisa frente a San Luis.\" width=\"580\" height=\"360\" srcset=\"https:\/\/i0.wp.com\/eltrabajo.cl\/portal\/wp-content\/uploads\/2019\/09\/uni-uni-1.jpg?w=580&amp;ssl=1 580w, https:\/\/i0.wp.com\/eltrabajo.cl\/portal\/wp-content\/uploads\/2019\/09\/uni-uni-1.jpg?resize=200%2C124&amp;ssl=1 200w, https:\/\/i0.wp.com\/eltrabajo.cl\/portal\/wp-content\/uploads\/2019\/09\/uni-uni-1.jpg?resize=300%2C186&amp;ssl=1 300w, https:\/\/i0.wp.com\/eltrabajo.cl\/portal\/wp-content\/uploads\/2019\/09\/uni-uni-1.jpg?resize=242%2C150&amp;ssl=1 242w, https:\/\/i0.wp.com\/eltrabajo.cl\/portal\/wp-content\/uploads\/2019\/09\/uni-uni-1.jpg?resize=400%2C248&amp;ssl=1 400w\" sizes=\"auto, (max-width: 580px) 100vw, 580px\" \/><figcaption id=\"caption-attachment-94432\" class=\"wp-caption-text\">El equipo sanfelipe\u00f1o quiere recuperar la sonrisa frente a San Luis.<\/figcaption><\/figure>\n","protected":false},"excerpt":{"rendered":"<p>Con varias bajas, algunas de ellas muy importantes porque son precisamente las que le pueden dar el plus de mejora que el equipo necesita, ma\u00f1ana Uni\u00f3n San Felipe deber\u00e1 enfrentar en el&#8230;<\/p>\n","protected":false},"author":482,"featured_media":94432,"comment_status":"open","ping_status":"open","sticky":false,"template":"","format":"standard","meta":{"advanced_seo_description":"","jetpack_seo_html_title":"","jetpack_seo_noindex":false,"_jetpack_memberships_contains_paid_content":false,"footnotes":""},"categories":[19],"tags":[],"class_list":["post-94431","post","type-post","status-publish","format-standard","has-post-thumbnail","hentry","category-deportes"],"jetpack_featured_media_url":"https:\/\/i0.wp.com\/eltrabajo.cl\/portal\/wp-content\/uploads\/2019\/09\/uni-uni-1.jpg?fit=580%2C360&ssl=1","jetpack_sharing_enabled":true,"jetpack_likes_enabled":true,"jetpack-related-posts":[],"_links":{"self":[{"href":"https:\/\/eltrabajo.cl\/portal\/wp-json\/wp\/v2\/posts\/94431","targetHints":{"allow":["GET"]}}],"collection":[{"href":"https:\/\/eltrabajo.cl\/portal\/wp-json\/wp\/v2\/posts"}],"about":[{"href":"https:\/\/eltrabajo.cl\/portal\/wp-json\/wp\/v2\/types\/post"}],"author":[{"embeddable":true,"href":"https:\/\/eltrabajo.cl\/portal\/wp-json\/wp\/v2\/users\/482"}],"replies":[{"embeddable":true,"href":"https:\/\/eltrabajo.cl\/portal\/wp-json\/wp\/v2\/comments?post=94431"}],"version-history":[{"count":0,"href":"https:\/\/eltrabajo.cl\/portal\/wp-json\/wp\/v2\/posts\/94431\/revisions"}],"wp:featuredmedia":[{"embeddable":true,"href":"https:\/\/eltrabajo.cl\/portal\/wp-json\/wp\/v2\/media\/94432"}],"wp:attachment":[{"href":"https:\/\/eltrabajo.cl\/portal\/wp-json\/wp\/v2\/media?parent=94431"}],"wp:term":[{"taxonomy":"category","embeddable":true,"href":"https:\/\/eltrabajo.cl\/portal\/wp-json\/wp\/v2\/categories?post=94431"},{"taxonomy":"post_tag","embeddable":true,"href":"https:\/\/eltrabajo.cl\/portal\/wp-json\/wp\/v2\/tags?post=94431"}],"curies":[{"name":"wp","href":"https:\/\/api.w.org\/{rel}","templated":true}]}}