{"id":94443,"date":"2019-09-27T05:02:56","date_gmt":"2019-09-27T08:02:56","guid":{"rendered":"http:\/\/www.eltrabajo.cl\/portal\/?p=94443"},"modified":"2019-09-26T20:46:31","modified_gmt":"2019-09-26T23:46:31","slug":"escuela-san-rafael-gana-cupo-a-congreso-escolar-regional-de-ciencia-y-tecnologia","status":"publish","type":"post","link":"https:\/\/eltrabajo.cl\/portal\/escuela-san-rafael-gana-cupo-a-congreso-escolar-regional-de-ciencia-y-tecnologia\/","title":{"rendered":"Escuela San Rafael gana cupo a Congreso Escolar Regional de Ciencia y Tecnolog\u00eda"},"content":{"rendered":"<ul>\n<li><strong>Con proyecto enfocado en el reciclaje de colillas de cigarro para obtener un insecticida y papel reciclado <\/strong><\/li>\n<li><strong>Este jueves se realiz\u00f3 el Congreso a nivel provincial en San Felipe, donde tambi\u00e9n participaron alumnos de la Escuela Carolina Ocampo<\/strong><\/li>\n<\/ul>\n<p>Alumnos pertenecientes a las academias cient\u00edficas de las Escuelas Carolina Ocampo y San Rafael participaron este jueves en el Congreso Escolar Provincial de Ciencias que se desarroll\u00f3 en la Universidad de Playa Ancha en San Felipe.<br \/>\nLa iniciativa ten\u00eda como objetivo que los alumnos presentaran los proyectos cient\u00edficos que vienen trabajando durante el a\u00f1o, para luego los mejores ser elegidos para participar y representar a la provincia de San Felipe en el Congreso Regional que se realizar\u00e1 en Valpara\u00edso.<br \/>\nEn el caso de la academia que se desarrolla en la Escuela Carolina Ocampo, y que re\u00fane a ni\u00f1os de quinto hasta octavo a\u00f1o b\u00e1sico, los alumnos comenzaron con el proyecto durante el mes de mayo, el que se bas\u00f3 en la utilizaci\u00f3n de aguas residuales del establecimiento, aplicadas a un cultivo, que se desarroll\u00f3 solamente con este tipo de agua.<br \/>\n\u00abEl proyecto est\u00e1 basado en el m\u00e9todo cient\u00edfico y se bas\u00f3 en la hip\u00f3tesis que uno de los bebederos nuestros iba a ser la mejor agua, porque tenemos tres bebederos que botan el agua al suelo, entonces aprovechamos esa agua y se hizo la producci\u00f3n de un cultivo, plantamos lechuga, cilantro, r\u00e1bano y se logr\u00f3 el objetivo, se logr\u00f3 la producci\u00f3n de los cultivos que las ni\u00f1as esperaban\u00bb, dijo Rosa Correa, profesora de Ciencias de la Escuela Carolina Ocampo.<br \/>\nY la iniciativa la van a continuar desarrollando durante el resto del a\u00f1o y tambi\u00e9n el a\u00f1o 2020, seg\u00fan explica la docente, ya que hay aspectos que no lograron evidenciar, como por ejemplo lo que dice relaci\u00f3n con los aspectos qu\u00edmicos.<br \/>\nPor otra parte, los alumnos de la Escuela San Rafael realizaron un proyecto enfocado en el reciclaje de las colillas de cigarros.<br \/>\n\u00abLas colillas de cigarro s\u00ed se pueden reciclar, son altamente contaminantes, contaminan el agua, contaminan el suelo, y las ni\u00f1as exponen dos cosas, el primer grupo hizo un insecticida que repele los bichos que se comen las hortalizas y el segundo grupo est\u00e1 tratando de hacer papel reciclado, que si bien no alcanzamos a terminarlo porque estamos descomponiendo las colillas con hongos, entonces el hongo es muy lento para descomponerlos, se demora de tres a nueve meses\u00bb, dijo Karoline Cruz, profesora de Ciencias de la Escuela San Rafael.<br \/>\nEn la academia participan 15 alumnos, divididos en dos grupos, de acuerdo a sus edades, y los m\u00e1s grandes est\u00e1n desde el mes de marzo realizando este proyecto, que continuar\u00e1n en los pr\u00f3ximos meses hasta terminar el a\u00f1o y lograr mayores resultados.<br \/>\nPrecisamente lo llamativo de este proyecto y el impacto que pueda tener en el medio ambiente, los hizo ganar uno de los dos cupos que exist\u00edan para representar a la provincia de San Felipe en el Congreso Escolar Regional de Ciencia y Tecnolog\u00eda que se desarrollar\u00e1 en Valpara\u00edso prontamente.<br \/>\nLas ni\u00f1as que presentaron el proyecto junto a su profesora se mostraron felices con la nominaci\u00f3n, lo que las incentiva a continuar trabajando en esta misma senda al interior de su establecimiento y acercando el conocimiento a todos los estudiantes.<\/p>\n<figure id=\"attachment_94444\" aria-describedby=\"caption-attachment-94444\" style=\"width: 580px\" class=\"wp-caption alignnone\"><img data-recalc-dims=\"1\" loading=\"lazy\" decoding=\"async\" class=\"size-full wp-image-94444\" src=\"https:\/\/i0.wp.com\/www.eltrabajo.cl\/portal\/wp-content\/uploads\/2019\/09\/congreso-ciencia-1.jpg?resize=580%2C360\" alt=\"El proyecto presentado por las alumnas de la Escuela San Rafael fue seleccionado para representar a la provincia a nivel regional.\" width=\"580\" height=\"360\" srcset=\"https:\/\/i0.wp.com\/eltrabajo.cl\/portal\/wp-content\/uploads\/2019\/09\/congreso-ciencia-1.jpg?w=580&amp;ssl=1 580w, https:\/\/i0.wp.com\/eltrabajo.cl\/portal\/wp-content\/uploads\/2019\/09\/congreso-ciencia-1.jpg?resize=200%2C124&amp;ssl=1 200w, https:\/\/i0.wp.com\/eltrabajo.cl\/portal\/wp-content\/uploads\/2019\/09\/congreso-ciencia-1.jpg?resize=300%2C186&amp;ssl=1 300w, https:\/\/i0.wp.com\/eltrabajo.cl\/portal\/wp-content\/uploads\/2019\/09\/congreso-ciencia-1.jpg?resize=242%2C150&amp;ssl=1 242w, https:\/\/i0.wp.com\/eltrabajo.cl\/portal\/wp-content\/uploads\/2019\/09\/congreso-ciencia-1.jpg?resize=400%2C248&amp;ssl=1 400w\" sizes=\"auto, (max-width: 580px) 100vw, 580px\" \/><figcaption id=\"caption-attachment-94444\" class=\"wp-caption-text\">El proyecto presentado por las alumnas de la Escuela San Rafael fue seleccionado para representar a la provincia a nivel regional.<\/figcaption><\/figure>\n<figure id=\"attachment_94445\" aria-describedby=\"caption-attachment-94445\" style=\"width: 580px\" class=\"wp-caption alignnone\"><img data-recalc-dims=\"1\" loading=\"lazy\" decoding=\"async\" class=\"size-full wp-image-94445\" src=\"https:\/\/i0.wp.com\/www.eltrabajo.cl\/portal\/wp-content\/uploads\/2019\/09\/congreso-ciencia-2.jpg?resize=580%2C359\" alt=\"Los alumnos de las escuelas Carolina Ocampo y San Rafael participaron en el Congreso Escolar Provincial de Ciencia y Tecnolog\u00eda desarrollado este jueves.\" width=\"580\" height=\"359\" srcset=\"https:\/\/i0.wp.com\/eltrabajo.cl\/portal\/wp-content\/uploads\/2019\/09\/congreso-ciencia-2.jpg?w=580&amp;ssl=1 580w, https:\/\/i0.wp.com\/eltrabajo.cl\/portal\/wp-content\/uploads\/2019\/09\/congreso-ciencia-2.jpg?resize=200%2C124&amp;ssl=1 200w, https:\/\/i0.wp.com\/eltrabajo.cl\/portal\/wp-content\/uploads\/2019\/09\/congreso-ciencia-2.jpg?resize=300%2C186&amp;ssl=1 300w, https:\/\/i0.wp.com\/eltrabajo.cl\/portal\/wp-content\/uploads\/2019\/09\/congreso-ciencia-2.jpg?resize=242%2C150&amp;ssl=1 242w, https:\/\/i0.wp.com\/eltrabajo.cl\/portal\/wp-content\/uploads\/2019\/09\/congreso-ciencia-2.jpg?resize=400%2C248&amp;ssl=1 400w\" sizes=\"auto, (max-width: 580px) 100vw, 580px\" \/><figcaption id=\"caption-attachment-94445\" class=\"wp-caption-text\">Los alumnos de las escuelas Carolina Ocampo y San Rafael participaron en el Congreso Escolar Provincial de Ciencia y Tecnolog\u00eda desarrollado este jueves.<\/figcaption><\/figure>\n","protected":false},"excerpt":{"rendered":"<p>Con proyecto enfocado en el reciclaje de colillas de cigarro para obtener un insecticida y papel reciclado Este jueves se realiz\u00f3 el Congreso a nivel provincial en San Felipe, donde tambi\u00e9n participaron&#8230;<\/p>\n","protected":false},"author":482,"featured_media":94444,"comment_status":"open","ping_status":"open","sticky":false,"template":"","format":"standard","meta":{"advanced_seo_description":"","jetpack_seo_html_title":"","jetpack_seo_noindex":false,"_jetpack_memberships_contains_paid_content":false,"footnotes":""},"categories":[15],"tags":[],"class_list":["post-94443","post","type-post","status-publish","format-standard","has-post-thumbnail","hentry","category-comunidad"],"jetpack_featured_media_url":"https:\/\/i0.wp.com\/eltrabajo.cl\/portal\/wp-content\/uploads\/2019\/09\/congreso-ciencia-1.jpg?fit=580%2C360&ssl=1","jetpack_sharing_enabled":true,"jetpack_likes_enabled":true,"jetpack-related-posts":[],"_links":{"self":[{"href":"https:\/\/eltrabajo.cl\/portal\/wp-json\/wp\/v2\/posts\/94443","targetHints":{"allow":["GET"]}}],"collection":[{"href":"https:\/\/eltrabajo.cl\/portal\/wp-json\/wp\/v2\/posts"}],"about":[{"href":"https:\/\/eltrabajo.cl\/portal\/wp-json\/wp\/v2\/types\/post"}],"author":[{"embeddable":true,"href":"https:\/\/eltrabajo.cl\/portal\/wp-json\/wp\/v2\/users\/482"}],"replies":[{"embeddable":true,"href":"https:\/\/eltrabajo.cl\/portal\/wp-json\/wp\/v2\/comments?post=94443"}],"version-history":[{"count":0,"href":"https:\/\/eltrabajo.cl\/portal\/wp-json\/wp\/v2\/posts\/94443\/revisions"}],"wp:featuredmedia":[{"embeddable":true,"href":"https:\/\/eltrabajo.cl\/portal\/wp-json\/wp\/v2\/media\/94444"}],"wp:attachment":[{"href":"https:\/\/eltrabajo.cl\/portal\/wp-json\/wp\/v2\/media?parent=94443"}],"wp:term":[{"taxonomy":"category","embeddable":true,"href":"https:\/\/eltrabajo.cl\/portal\/wp-json\/wp\/v2\/categories?post=94443"},{"taxonomy":"post_tag","embeddable":true,"href":"https:\/\/eltrabajo.cl\/portal\/wp-json\/wp\/v2\/tags?post=94443"}],"curies":[{"name":"wp","href":"https:\/\/api.w.org\/{rel}","templated":true}]}}