{"id":94447,"date":"2019-09-27T05:03:39","date_gmt":"2019-09-27T08:03:39","guid":{"rendered":"http:\/\/www.eltrabajo.cl\/portal\/?p=94447"},"modified":"2019-09-26T20:47:41","modified_gmt":"2019-09-26T23:47:41","slug":"adolescente-de-17-anos-fue-detenido-por-danos-y-porte-de-marihuana","status":"publish","type":"post","link":"https:\/\/eltrabajo.cl\/portal\/adolescente-de-17-anos-fue-detenido-por-danos-y-porte-de-marihuana\/","title":{"rendered":"Adolescente de 17 a\u00f1os fue detenido por da\u00f1os y porte de marihuana"},"content":{"rendered":"<p><span style=\"color: #ff0000;\"><strong>Confuso incidente en Catemu<\/strong><\/span><\/p>\n<ul>\n<li><strong>El menor posteriormente fue dejado en libertad por Carabineros, quedando a la espera de ser citado por la Fiscal\u00eda de San Felipe.<\/strong><\/li>\n<\/ul>\n<p>En medio de un confuso incidente, un menor de 17 a\u00f1os de edad fue detenido por Carabineros tras ser denunciado por el conductor de un microb\u00fas que asegur\u00f3 que el imputado, acompa\u00f1ado de un adulto, habr\u00edan efectuado da\u00f1os en el parabrisas del transporte de locomoci\u00f3n ocurrido la ma\u00f1ana de este mi\u00e9rcoles.<br \/>\nEl teniente de Carabineros Rodrigo Le\u00f3n Granadino inform\u00f3 que el conductor del microb\u00fas efectu\u00f3 la denuncia en la Tenencia de la polic\u00eda uniformada, aseverando que a eso de las 10:30 horas, un adolescente de 17 a\u00f1os de edad con su apoderado, habr\u00edan provocado los da\u00f1os, desconoci\u00e9ndose la motivaci\u00f3n.<br \/>\n\u00abPosteriormente llega un menor de 17 a\u00f1os de iniciales L.M.L.C., el cual manifiesta que el conductor del microb\u00fas lo habr\u00eda atropellado, lo cual al tomar contacto con personal del Samu negaron en todo momento y que el menor no ten\u00eda lesiones a ra\u00edz de un atropello. El menor posteriormente indica que habr\u00edan tenido un problema con el conductor y a ra\u00edz de esto y el enojo que manten\u00eda, procedi\u00f3 a da\u00f1ar el microb\u00fas. Se procede a la detenci\u00f3n por los da\u00f1os que denuncia el conductor y al momento de entregar la mochila se le encontr\u00f3 marihuana en una bolsa ziploc, haci\u00e9ndose el denuncio respectivo a la Fiscal\u00eda\u00bb, precis\u00f3 el oficial policial.<br \/>\nFinalmente el Fiscal de turno dispuso que el adolescente fuese dejado en libertad, quedando a la espera de ser citado ante el Ministerio P\u00fablico de San Felipe.<br \/>\n<strong>Pablo Salinas Sald\u00edas<\/strong><\/p>\n<figure id=\"attachment_94448\" aria-describedby=\"caption-attachment-94448\" style=\"width: 580px\" class=\"wp-caption alignnone\"><img data-recalc-dims=\"1\" loading=\"lazy\" decoding=\"async\" class=\"size-full wp-image-94448\" src=\"https:\/\/i0.wp.com\/www.eltrabajo.cl\/portal\/wp-content\/uploads\/2019\/09\/MARIHUANA-1.jpg?resize=580%2C358\" alt=\"Carabineros de la Tenencia de Catemu incaut\u00f3 la bolsa de marihuana que manten\u00eda el adolescente de 17 a\u00f1os de edad.\" width=\"580\" height=\"358\" srcset=\"https:\/\/i0.wp.com\/eltrabajo.cl\/portal\/wp-content\/uploads\/2019\/09\/MARIHUANA-1.jpg?w=580&amp;ssl=1 580w, https:\/\/i0.wp.com\/eltrabajo.cl\/portal\/wp-content\/uploads\/2019\/09\/MARIHUANA-1.jpg?resize=200%2C123&amp;ssl=1 200w, https:\/\/i0.wp.com\/eltrabajo.cl\/portal\/wp-content\/uploads\/2019\/09\/MARIHUANA-1.jpg?resize=300%2C185&amp;ssl=1 300w, https:\/\/i0.wp.com\/eltrabajo.cl\/portal\/wp-content\/uploads\/2019\/09\/MARIHUANA-1.jpg?resize=243%2C150&amp;ssl=1 243w, https:\/\/i0.wp.com\/eltrabajo.cl\/portal\/wp-content\/uploads\/2019\/09\/MARIHUANA-1.jpg?resize=400%2C247&amp;ssl=1 400w\" sizes=\"auto, (max-width: 580px) 100vw, 580px\" \/><figcaption id=\"caption-attachment-94448\" class=\"wp-caption-text\">Carabineros de la Tenencia de Catemu incaut\u00f3 la bolsa de marihuana que manten\u00eda el adolescente de 17 a\u00f1os de edad.<\/figcaption><\/figure>\n","protected":false},"excerpt":{"rendered":"<p>Confuso incidente en Catemu El menor posteriormente fue dejado en libertad por Carabineros, quedando a la espera de ser citado por la Fiscal\u00eda de San Felipe. En medio de un confuso incidente,&#8230;<\/p>\n","protected":false},"author":482,"featured_media":94448,"comment_status":"open","ping_status":"open","sticky":false,"template":"","format":"standard","meta":{"advanced_seo_description":"","jetpack_seo_html_title":"","jetpack_seo_noindex":false,"_jetpack_memberships_contains_paid_content":false,"footnotes":""},"categories":[21],"tags":[],"class_list":["post-94447","post","type-post","status-publish","format-standard","has-post-thumbnail","hentry","category-policial"],"jetpack_featured_media_url":"https:\/\/i0.wp.com\/eltrabajo.cl\/portal\/wp-content\/uploads\/2019\/09\/MARIHUANA-1.jpg?fit=580%2C358&ssl=1","jetpack_sharing_enabled":true,"jetpack_likes_enabled":true,"jetpack-related-posts":[],"_links":{"self":[{"href":"https:\/\/eltrabajo.cl\/portal\/wp-json\/wp\/v2\/posts\/94447","targetHints":{"allow":["GET"]}}],"collection":[{"href":"https:\/\/eltrabajo.cl\/portal\/wp-json\/wp\/v2\/posts"}],"about":[{"href":"https:\/\/eltrabajo.cl\/portal\/wp-json\/wp\/v2\/types\/post"}],"author":[{"embeddable":true,"href":"https:\/\/eltrabajo.cl\/portal\/wp-json\/wp\/v2\/users\/482"}],"replies":[{"embeddable":true,"href":"https:\/\/eltrabajo.cl\/portal\/wp-json\/wp\/v2\/comments?post=94447"}],"version-history":[{"count":0,"href":"https:\/\/eltrabajo.cl\/portal\/wp-json\/wp\/v2\/posts\/94447\/revisions"}],"wp:featuredmedia":[{"embeddable":true,"href":"https:\/\/eltrabajo.cl\/portal\/wp-json\/wp\/v2\/media\/94448"}],"wp:attachment":[{"href":"https:\/\/eltrabajo.cl\/portal\/wp-json\/wp\/v2\/media?parent=94447"}],"wp:term":[{"taxonomy":"category","embeddable":true,"href":"https:\/\/eltrabajo.cl\/portal\/wp-json\/wp\/v2\/categories?post=94447"},{"taxonomy":"post_tag","embeddable":true,"href":"https:\/\/eltrabajo.cl\/portal\/wp-json\/wp\/v2\/tags?post=94447"}],"curies":[{"name":"wp","href":"https:\/\/api.w.org\/{rel}","templated":true}]}}