{"id":94457,"date":"2019-09-30T05:00:49","date_gmt":"2019-09-30T08:00:49","guid":{"rendered":"http:\/\/www.eltrabajo.cl\/portal\/?p=94457"},"modified":"2019-09-29T20:51:08","modified_gmt":"2019-09-29T23:51:08","slug":"union-san-felipe-sufrio-para-ganar-por-la-cuenta-minima-a-san-luis-de-quillota","status":"publish","type":"post","link":"https:\/\/eltrabajo.cl\/portal\/union-san-felipe-sufrio-para-ganar-por-la-cuenta-minima-a-san-luis-de-quillota\/","title":{"rendered":"Uni\u00f3n San Felipe sufri\u00f3 para ganar por la cuenta m\u00ednima a San Luis de Quillota"},"content":{"rendered":"<p>En un partido donde s\u00f3lo en el primer tiempo logr\u00f3 exponer en parte sus argumentos futbol\u00edsticos, el Un\u00ed Un\u00ed dio con el urgente objetivo de vencer a un discreto equipo de San Luis de Quillota.<br \/>\nLos sanfelipe\u00f1os tuvieron la virtud de hacer la diferencia en el momento preciso (35\u2019), gracias a la conquista de cabeza del lateral izquierdo Jos\u00e9 Mart\u00ednez, quien la calurosa tarde del s\u00e1bado vivi\u00f3 una serie de situaciones, porque aparte de ser el h\u00e9roe al marcar el gol, tambi\u00e9n se visti\u00f3 de villano al cometer un penal y posteriormente ver la cartulina roja por parte del juez internacional Piero Maza.<br \/>\nLa responsabilidad de la elaboraci\u00f3n la tuvieron los volantes Tom\u00e1s Lanzini y Brian Cort\u00e9s, mientras que en esta oportunidad \u2018la nona\u2019 Mu\u00f1oz estuvo m\u00e1s dedicado a labores ofensivas para acompa\u00f1ar a Miguel Orellana. En la refriega Leandro Fioravanti estuvo en lo suyo; muy activos se vieron a los laterales Jos\u00e9 Mart\u00ednez y Francisco Salinas, quienes de manera constante pasaron por sus respectivos sectores.<br \/>\nCon un buen ritmo en sus movimientos y mucha intensidad, el Un\u00ed Un\u00ed justific\u00f3 irse al descanso con una ventaja m\u00ednima, que bien pudo haber sido mayor de no ser porque un furioso remate de Cort\u00e9s se estrell\u00f3 en un poste del arco sur.<br \/>\nLa segunda manga fue completamente \u2018canaria\u2019, y si estos no llegaron al empate fue porque Jonathan Salvador estuvo brillante al tapar un penal a Milton Cel\u00edz, jugador que promediando la media hora del complemento desperdici\u00f3 una ocasi\u00f3n mejor que el penal, cuando en la misma boca del arco sur elev\u00f3 cuando no ten\u00eda ninguna oposici\u00f3n para enviar el bal\u00f3n a la red.<br \/>\nSan Luis se la jug\u00f3 y se fue con todo en busca de la paridad, pero definitivamente ten\u00edan el arco cerrado. Los espacios que fueron dejando los quillotanos fueron aprovechados por los sanfelipe\u00f1os. Cerca del final pudieron haber estirado las cifras, pero Bairo Rivero y Luciano Romero, no sacaron provecho de dos buenas oportunidades para anotar.<br \/>\nEn sintensis fue un triunfo muy importante porque permite a los de Corengia seguir aspirando a la Liguilla por el ascenso, aunque es evidente que para el futuro debe mejorar en algunos aspectos muy importantes como el estado f\u00edsico y la regularidad en el juego, ya que, ante rivales de mayor peso, esos d\u00e9ficits pueden pasar factura.<\/p>\n<p><span style=\"color: #ff0000;\"><strong>Ficha T\u00e9cnica<\/strong><\/span><br \/>\nFecha 24\u00ba<br \/>\nTorneo Oficial Primera Divisi\u00f3n B.<br \/>\nEstadio Municipal de San Felipe.<br \/>\n\u00c1rbitro: Piero Maza.<br \/>\nUni\u00f3n San Felipe (1): Jonathan Salvador; Francisco Salinas, Benjam\u00edn Gazzolo, David Fern\u00e1ndez, Jos\u00e9 Catal\u00e1n, Jos\u00e9 Mart\u00ednez; Leandro Fioravanti, Bryan Cort\u00e9s, Tom\u00e1s Lanzini (Luciano Romero), Christian Mu\u00f1oz (Gonzalo Villegas); Miguel Orellana (Bairo Rivero). DT: Germ\u00e1n Corengia.<br \/>\nSan Luis (0): Leonardo Figueroa; Francisco Bahamondes, Alexis Ferrero, Douglas Estay, Hugo Soria, Ignacio Lara, Joaqu\u00edn Montecinos (Felipe Escobar), Jorge Romo (Jonathan Bonilla), Carlos Rotondi, Milton Cel\u00edz, Ramon Lentini (Sebasti\u00e1n Parada). DT: Jos\u00e9 Mar\u00eda Mart\u00ednez.<br \/>\nGol: 35\u2019 Jos\u00e9 Mart\u00ednez (USF).<br \/>\nExpulsado: Jos\u00e9 Mart\u00ednez (USF).<br \/>\nIncidencia: 72\u2019 Jonathan Salvador (USF) le contuvo un penal a Milton Cel\u00edz de San Luis.<\/p>\n<figure id=\"attachment_94458\" aria-describedby=\"caption-attachment-94458\" style=\"width: 580px\" class=\"wp-caption alignnone\"><img data-recalc-dims=\"1\" loading=\"lazy\" decoding=\"async\" class=\"size-full wp-image-94458\" src=\"https:\/\/i0.wp.com\/www.eltrabajo.cl\/portal\/wp-content\/uploads\/2019\/09\/uni-martinez.jpg?resize=580%2C359\" alt=\"El lateral izquierdo Jos\u00e9 Mart\u00ednez va en busca de sus compa\u00f1eros para celebrar el gol del triunfo. (Foto: Jaime G\u00f3mez Corales)\" width=\"580\" height=\"359\" srcset=\"https:\/\/i0.wp.com\/eltrabajo.cl\/portal\/wp-content\/uploads\/2019\/09\/uni-martinez.jpg?w=580&amp;ssl=1 580w, https:\/\/i0.wp.com\/eltrabajo.cl\/portal\/wp-content\/uploads\/2019\/09\/uni-martinez.jpg?resize=200%2C124&amp;ssl=1 200w, https:\/\/i0.wp.com\/eltrabajo.cl\/portal\/wp-content\/uploads\/2019\/09\/uni-martinez.jpg?resize=300%2C186&amp;ssl=1 300w, https:\/\/i0.wp.com\/eltrabajo.cl\/portal\/wp-content\/uploads\/2019\/09\/uni-martinez.jpg?resize=242%2C150&amp;ssl=1 242w, https:\/\/i0.wp.com\/eltrabajo.cl\/portal\/wp-content\/uploads\/2019\/09\/uni-martinez.jpg?resize=400%2C248&amp;ssl=1 400w\" sizes=\"auto, (max-width: 580px) 100vw, 580px\" \/><figcaption id=\"caption-attachment-94458\" class=\"wp-caption-text\">El lateral izquierdo Jos\u00e9 Mart\u00ednez va en busca de sus compa\u00f1eros para celebrar el gol del triunfo. (Foto: Jaime G\u00f3mez Corales)<\/figcaption><\/figure>\n<figure id=\"attachment_94459\" aria-describedby=\"caption-attachment-94459\" style=\"width: 580px\" class=\"wp-caption alignnone\"><img data-recalc-dims=\"1\" loading=\"lazy\" decoding=\"async\" class=\"size-full wp-image-94459\" src=\"https:\/\/i0.wp.com\/www.eltrabajo.cl\/portal\/wp-content\/uploads\/2019\/09\/uni-salinas.jpg?resize=580%2C360\" alt=\"El lateral derecho Francisco Salinas fue un importante agente ofensivo frente a San Luis. (Foto: Jaime G\u00f3mez Corales)\" width=\"580\" height=\"360\" srcset=\"https:\/\/i0.wp.com\/eltrabajo.cl\/portal\/wp-content\/uploads\/2019\/09\/uni-salinas.jpg?w=580&amp;ssl=1 580w, https:\/\/i0.wp.com\/eltrabajo.cl\/portal\/wp-content\/uploads\/2019\/09\/uni-salinas.jpg?resize=200%2C124&amp;ssl=1 200w, https:\/\/i0.wp.com\/eltrabajo.cl\/portal\/wp-content\/uploads\/2019\/09\/uni-salinas.jpg?resize=300%2C186&amp;ssl=1 300w, https:\/\/i0.wp.com\/eltrabajo.cl\/portal\/wp-content\/uploads\/2019\/09\/uni-salinas.jpg?resize=242%2C150&amp;ssl=1 242w, https:\/\/i0.wp.com\/eltrabajo.cl\/portal\/wp-content\/uploads\/2019\/09\/uni-salinas.jpg?resize=400%2C248&amp;ssl=1 400w\" sizes=\"auto, (max-width: 580px) 100vw, 580px\" \/><figcaption id=\"caption-attachment-94459\" class=\"wp-caption-text\">El lateral derecho Francisco Salinas fue un importante agente ofensivo frente a San Luis. (Foto: Jaime G\u00f3mez Corales)<\/figcaption><\/figure>\n","protected":false},"excerpt":{"rendered":"<p>En un partido donde s\u00f3lo en el primer tiempo logr\u00f3 exponer en parte sus argumentos futbol\u00edsticos, el Un\u00ed Un\u00ed dio con el urgente objetivo de vencer a un discreto equipo de San&#8230;<\/p>\n","protected":false},"author":482,"featured_media":94459,"comment_status":"open","ping_status":"open","sticky":false,"template":"","format":"standard","meta":{"advanced_seo_description":"","jetpack_seo_html_title":"","jetpack_seo_noindex":false,"_jetpack_memberships_contains_paid_content":false,"footnotes":""},"categories":[19],"tags":[],"class_list":["post-94457","post","type-post","status-publish","format-standard","has-post-thumbnail","hentry","category-deportes"],"jetpack_featured_media_url":"https:\/\/i0.wp.com\/eltrabajo.cl\/portal\/wp-content\/uploads\/2019\/09\/uni-salinas.jpg?fit=580%2C360&ssl=1","jetpack_sharing_enabled":true,"jetpack_likes_enabled":true,"jetpack-related-posts":[],"_links":{"self":[{"href":"https:\/\/eltrabajo.cl\/portal\/wp-json\/wp\/v2\/posts\/94457","targetHints":{"allow":["GET"]}}],"collection":[{"href":"https:\/\/eltrabajo.cl\/portal\/wp-json\/wp\/v2\/posts"}],"about":[{"href":"https:\/\/eltrabajo.cl\/portal\/wp-json\/wp\/v2\/types\/post"}],"author":[{"embeddable":true,"href":"https:\/\/eltrabajo.cl\/portal\/wp-json\/wp\/v2\/users\/482"}],"replies":[{"embeddable":true,"href":"https:\/\/eltrabajo.cl\/portal\/wp-json\/wp\/v2\/comments?post=94457"}],"version-history":[{"count":0,"href":"https:\/\/eltrabajo.cl\/portal\/wp-json\/wp\/v2\/posts\/94457\/revisions"}],"wp:featuredmedia":[{"embeddable":true,"href":"https:\/\/eltrabajo.cl\/portal\/wp-json\/wp\/v2\/media\/94459"}],"wp:attachment":[{"href":"https:\/\/eltrabajo.cl\/portal\/wp-json\/wp\/v2\/media?parent=94457"}],"wp:term":[{"taxonomy":"category","embeddable":true,"href":"https:\/\/eltrabajo.cl\/portal\/wp-json\/wp\/v2\/categories?post=94457"},{"taxonomy":"post_tag","embeddable":true,"href":"https:\/\/eltrabajo.cl\/portal\/wp-json\/wp\/v2\/tags?post=94457"}],"curies":[{"name":"wp","href":"https:\/\/api.w.org\/{rel}","templated":true}]}}