{"id":94461,"date":"2019-09-30T05:03:13","date_gmt":"2019-09-30T08:03:13","guid":{"rendered":"http:\/\/www.eltrabajo.cl\/portal\/?p=94461"},"modified":"2019-09-29T20:53:04","modified_gmt":"2019-09-29T23:53:04","slug":"motochorros-asaltan-con-pistolas-a-estudiantes-de-medicina-en-la-troya","status":"publish","type":"post","link":"https:\/\/eltrabajo.cl\/portal\/motochorros-asaltan-con-pistolas-a-estudiantes-de-medicina-en-la-troya\/","title":{"rendered":"\u2018Motochorros\u2019 asaltan con pistolas a estudiantes de medicina en La Troya"},"content":{"rendered":"<p><strong><span style=\"color: #ff0000;\">Impactante testimonio de una de las v\u00edctimas:<\/span> <\/strong><\/p>\n<ul>\n<li><strong>Delincuentes amenazaron a los j\u00f3venes con dispararles, oblig\u00e1ndolos a hacer entrega de especies de valor. Pese a la oportuna llegada de Carabineros, los antisociales no lograron ser detenidos tras fugarse a bordo de una motocicleta.<\/strong><\/li>\n<\/ul>\n<p>Con la denominada t\u00e9cnica del \u2018motochorro\u2019 un tr\u00edo de delincuentes asaltaron con pistolas movilizados en una motocicleta a dos estudiantes de medicina de la Universidad de Valpara\u00edso, quienes tras abandonar un evento en esta casa de estudios en el sector de La Troya en San Felipe, fueron intimidados con armas de fuego siendo obligados hacer entrega de una billetera y un tel\u00e9fono celular.<br \/>\nEl asalto ocurri\u00f3 pasada la medianoche de este viernes 27 de septiembre, mientras los j\u00f3venes circulaban por Calle General Bernales de Villa Terra Noble de San Felipe, cuando sorpresivamente fueron interceptados por los tres delincuentes, quienes en segundos intimidaron a los estudiantes logrando obtener las especies de valor.<br \/>\nUno de los j\u00f3venes universitarios de 22 a\u00f1os de edad convers\u00f3 en exclusiva con Diario El Trabajo, detallando lo ocurrido aquella noche, denunci\u00e1ndose el hecho ante los carabineros, quienes al concurrir al sitio del suceso no lograron establecer las identidades de los asaltantes.<br \/>\n<strong>&#8211; \u00bfC\u00f3mo sucedieron los hechos?<\/strong><br \/>\n&#8211; Eran como las 12:20 horas de la noche, nosotros nos encontr\u00e1bamos en una actividad en la universidad, yo con un amigo salimos para ir a dejarlo a su casa, casi cuatro cuadras de la universidad, \u00edbamos caminando pasaron tres tipos en una moto en direcci\u00f3n contraria a nosotros, nos llam\u00f3 la atenci\u00f3n que iban tres personas, apretados en la moto. Nosotros nos apoyamos en una pared y la moto se dio la vuelta.<br \/>\n<strong>&#8211; \u00bfEn ese momento los asaltaron?<\/strong><br \/>\n&#8211; S\u00ed, descendieron dos tipos armados y el otro se qued\u00f3 en la moto, nos pusieron contra la pared, uno nos apunt\u00f3 con la pistola a cada uno, nos pidieron los celulares. Yo le entregu\u00e9 mi billetera y le dije que no ten\u00eda celular. Nos amenazaron que nos iban a disparar en las piernas, nos pusieron las pistolas en las piernas y ah\u00ed mi amigo entreg\u00f3 su celular. Los tipos nos dijeron que nos qued\u00e1ramos ah\u00ed, \u00abno se den vuelta, no miren nada\u00bb, se subieron a la moto y partieron en una moto gris y escaparon por Calle Titi Laf\u00f3n. Minutos antes asaltaron a otras ni\u00f1as una cuadra antes, los mismos tipos supimos y que ellas alcanzaron a correr y a una de ellas le robaron el celular.<br \/>\n<strong>&#8211; \u00bfPidieron auxilio a Carabineros?<\/strong><br \/>\n&#8211; S\u00ed, yo ten\u00eda mi celular pero como lo ten\u00eda guardado en un bolsillo dentro de la chaqueta, entonces si me revisaban no lo iban a encontrar, por eso les dije que no ten\u00eda. Entonces apenas se van (los delincuentes) yo llamo a Carabineros. Igual una se\u00f1ora que estaba fumando afuera se percat\u00f3 de todo y llam\u00f3 a Carabineros, ellos llegaron en menos de 5 minutos. Al llegar nos dijeron que hab\u00edan escapado hacia La Troya y salieron en su persecuci\u00f3n, pero no los encontraron.<br \/>\n<strong>&#8211; \u00bfEllos andaban encapuchados?<\/strong><br \/>\n&#8211; El que iba manejando andaba con casco y los otros con el gorro del poler\u00f3n y un cuello alto que se les ve\u00edan s\u00f3lo los ojos y de noche no se ve\u00eda para identificarlos.<br \/>\n<strong>&#8211; \u00bfHab\u00eda sufrido un asalto de estas caracter\u00edsticas?<\/strong><br \/>\n&#8211; A m\u00ed es primera vez que me asaltan pero a mi compa\u00f1ero lo hab\u00edan asaltado ah\u00ed en La Troya en abril de este a\u00f1o, fue un tipo armado y le robaron dinero (\u2026) Ahora mi amigo qued\u00f3 m\u00e1s choqueado, a m\u00ed me preocup\u00f3 que estos tipos nos amenazaron con dispararnos en las piernas, eso fue lo m\u00e1s fuerte.<br \/>\nEl joven v\u00edctima de estos hechos concluy\u00f3 refiri\u00e9ndose a que existir\u00edan im\u00e1genes en video del momento del asalto y que los antecedentes del caso fueron remitidos hasta la Fiscal\u00eda de San Felipe para la investigaci\u00f3n.<br \/>\n<strong>Pablo Salinas Sald\u00edas<\/strong><\/p>\n<figure id=\"attachment_94462\" aria-describedby=\"caption-attachment-94462\" style=\"width: 580px\" class=\"wp-caption alignnone\"><img data-recalc-dims=\"1\" loading=\"lazy\" decoding=\"async\" class=\"size-full wp-image-94462\" src=\"https:\/\/i0.wp.com\/www.eltrabajo.cl\/portal\/wp-content\/uploads\/2019\/09\/MOTOCHORROS.jpg?resize=580%2C359\" alt=\"\u2018Motochorros\u2019 es una t\u00e9cnica denominada cuando delincuentes asaltan movilizados a bordo de una motocicleta. (Fotograf\u00eda Referencial).\" width=\"580\" height=\"359\" srcset=\"https:\/\/i0.wp.com\/eltrabajo.cl\/portal\/wp-content\/uploads\/2019\/09\/MOTOCHORROS.jpg?w=580&amp;ssl=1 580w, https:\/\/i0.wp.com\/eltrabajo.cl\/portal\/wp-content\/uploads\/2019\/09\/MOTOCHORROS.jpg?resize=200%2C124&amp;ssl=1 200w, https:\/\/i0.wp.com\/eltrabajo.cl\/portal\/wp-content\/uploads\/2019\/09\/MOTOCHORROS.jpg?resize=300%2C186&amp;ssl=1 300w, https:\/\/i0.wp.com\/eltrabajo.cl\/portal\/wp-content\/uploads\/2019\/09\/MOTOCHORROS.jpg?resize=242%2C150&amp;ssl=1 242w, https:\/\/i0.wp.com\/eltrabajo.cl\/portal\/wp-content\/uploads\/2019\/09\/MOTOCHORROS.jpg?resize=400%2C248&amp;ssl=1 400w\" sizes=\"auto, (max-width: 580px) 100vw, 580px\" \/><figcaption id=\"caption-attachment-94462\" class=\"wp-caption-text\">\u2018Motochorros\u2019 es una t\u00e9cnica denominada cuando delincuentes asaltan movilizados a bordo de una motocicleta. (Fotograf\u00eda Referencial).<\/figcaption><\/figure>\n","protected":false},"excerpt":{"rendered":"<p>Impactante testimonio de una de las v\u00edctimas: Delincuentes amenazaron a los j\u00f3venes con dispararles, oblig\u00e1ndolos a hacer entrega de especies de valor. Pese a la oportuna llegada de Carabineros, los antisociales no&#8230;<\/p>\n","protected":false},"author":482,"featured_media":94462,"comment_status":"open","ping_status":"open","sticky":false,"template":"","format":"standard","meta":{"advanced_seo_description":"","jetpack_seo_html_title":"","jetpack_seo_noindex":false,"_jetpack_memberships_contains_paid_content":false,"footnotes":""},"categories":[21],"tags":[],"class_list":["post-94461","post","type-post","status-publish","format-standard","has-post-thumbnail","hentry","category-policial"],"jetpack_featured_media_url":"https:\/\/i0.wp.com\/eltrabajo.cl\/portal\/wp-content\/uploads\/2019\/09\/MOTOCHORROS.jpg?fit=580%2C359&ssl=1","jetpack_sharing_enabled":true,"jetpack_likes_enabled":true,"jetpack-related-posts":[],"_links":{"self":[{"href":"https:\/\/eltrabajo.cl\/portal\/wp-json\/wp\/v2\/posts\/94461","targetHints":{"allow":["GET"]}}],"collection":[{"href":"https:\/\/eltrabajo.cl\/portal\/wp-json\/wp\/v2\/posts"}],"about":[{"href":"https:\/\/eltrabajo.cl\/portal\/wp-json\/wp\/v2\/types\/post"}],"author":[{"embeddable":true,"href":"https:\/\/eltrabajo.cl\/portal\/wp-json\/wp\/v2\/users\/482"}],"replies":[{"embeddable":true,"href":"https:\/\/eltrabajo.cl\/portal\/wp-json\/wp\/v2\/comments?post=94461"}],"version-history":[{"count":0,"href":"https:\/\/eltrabajo.cl\/portal\/wp-json\/wp\/v2\/posts\/94461\/revisions"}],"wp:featuredmedia":[{"embeddable":true,"href":"https:\/\/eltrabajo.cl\/portal\/wp-json\/wp\/v2\/media\/94462"}],"wp:attachment":[{"href":"https:\/\/eltrabajo.cl\/portal\/wp-json\/wp\/v2\/media?parent=94461"}],"wp:term":[{"taxonomy":"category","embeddable":true,"href":"https:\/\/eltrabajo.cl\/portal\/wp-json\/wp\/v2\/categories?post=94461"},{"taxonomy":"post_tag","embeddable":true,"href":"https:\/\/eltrabajo.cl\/portal\/wp-json\/wp\/v2\/tags?post=94461"}],"curies":[{"name":"wp","href":"https:\/\/api.w.org\/{rel}","templated":true}]}}