{"id":94470,"date":"2019-09-30T05:04:32","date_gmt":"2019-09-30T08:04:32","guid":{"rendered":"http:\/\/www.eltrabajo.cl\/portal\/?p=94470"},"modified":"2019-09-29T20:59:23","modified_gmt":"2019-09-29T23:59:23","slug":"perdidas-totales-tras-voraz-incendio-de-una-casa-en-sector-san-rafael","status":"publish","type":"post","link":"https:\/\/eltrabajo.cl\/portal\/perdidas-totales-tras-voraz-incendio-de-una-casa-en-sector-san-rafael\/","title":{"rendered":"P\u00e9rdidas totales tras voraz incendio de una casa en sector San Rafael"},"content":{"rendered":"<p><span style=\"color: #ff0000;\"><strong>Chispazo en una palmera es investigado:<\/strong><\/span><\/p>\n<p>Un destructivo incendio estructural de grandes dimensiones fue el que se declar\u00f3 la tarde de ayer domingo en una vivienda ubicada en San Rafael, en las cercan\u00edas de la capilla del lugar, luego que por razones que a\u00fan est\u00e1n siendo investigadas por Bomberos, el inmueble prendiera fuero y en cuesti\u00f3n de minutos consumiera pr\u00e1cticamente la totalidad del interior de la casa.<br \/>\nEn menos de 15 minutos varias unidades bomberiles de sectores como Curim\u00f3n, San Felipe, Calle Larga y Los Andes entre otras comunas, se hicieron presente para lidiar con el infernal escenario. Las c\u00e1maras de Diario El Trabajo tambi\u00e9n estuvieron registrando el desarrollo del siniestro, fue tambi\u00e9n que a ra\u00edz del cierre de edici\u00f3n de nuestro peri\u00f3dico que logramos obtener un informe oficial del comandante de Bomberos de Los Andes, Guillermo Fern\u00e1ndez, funcionario a cargo del accionar bomberil.<br \/>\nDatos extraoficiales se\u00f1alan que don Marcos Guzm\u00e1n, due\u00f1o de la propiedad afectada, hac\u00eda un a\u00f1o ya hab\u00eda perdido otro local a causa de otro incendio, y ahora la desgracia toc\u00f3 nuevamente a su puerta.<br \/>\n\u00abEn horas de larde de este domingo varias unidades de Bomberos fueron despachadas para atender dos incendios de grandes proporciones, la primera en el sector El Piedrero, de Calle Larga, y este en San Rafael, en ambas situaciones no se reportaron personas lesionadas, nuestro departamento de Investigaciones tambi\u00e9n est\u00e1 indagando si el siniestro de San Rafael tiene o no relaci\u00f3n con un amague de incendio ocurrido una hora antes en una palmera cercada a la casa afectada\u00bb, dijo el Comandante Fern\u00e1ndez.<br \/>\nAlgunos vecinos confirmaron la versi\u00f3n que relacionada a que hac\u00eda una hora (16:30 horas) una palmera ubicada a escasos 50 metros de esta vivienda afectada hab\u00eda presentado chispas, posiblemente por el contacto con alg\u00fan cable, en ese momento Bomberos lleg\u00f3, apagaron el amague de incendio y abandonaron el lugar, para luego tener que regresar ahora para controlar este desastre.<br \/>\n<strong>Roberto Gonz\u00e1lez Short<\/strong><br \/>\n<strong>ENVIADO ESPECIAL<\/strong><\/p>\n<figure id=\"attachment_94471\" aria-describedby=\"caption-attachment-94471\" style=\"width: 580px\" class=\"wp-caption alignnone\"><img data-recalc-dims=\"1\" loading=\"lazy\" decoding=\"async\" class=\"size-full wp-image-94471\" src=\"https:\/\/i0.wp.com\/www.eltrabajo.cl\/portal\/wp-content\/uploads\/2019\/09\/Incendio1.jpg?resize=580%2C360\" alt=\"P\u00c9RDIDAS TOTALES.- Decenas de bomberos tuvieron que emplearse a fondo para controlar este voraz incendio en San Rafael.\" width=\"580\" height=\"360\" srcset=\"https:\/\/i0.wp.com\/eltrabajo.cl\/portal\/wp-content\/uploads\/2019\/09\/Incendio1.jpg?w=580&amp;ssl=1 580w, https:\/\/i0.wp.com\/eltrabajo.cl\/portal\/wp-content\/uploads\/2019\/09\/Incendio1.jpg?resize=200%2C124&amp;ssl=1 200w, https:\/\/i0.wp.com\/eltrabajo.cl\/portal\/wp-content\/uploads\/2019\/09\/Incendio1.jpg?resize=300%2C186&amp;ssl=1 300w, https:\/\/i0.wp.com\/eltrabajo.cl\/portal\/wp-content\/uploads\/2019\/09\/Incendio1.jpg?resize=242%2C150&amp;ssl=1 242w, https:\/\/i0.wp.com\/eltrabajo.cl\/portal\/wp-content\/uploads\/2019\/09\/Incendio1.jpg?resize=400%2C248&amp;ssl=1 400w\" sizes=\"auto, (max-width: 580px) 100vw, 580px\" \/><figcaption id=\"caption-attachment-94471\" class=\"wp-caption-text\">P\u00c9RDIDAS TOTALES.- Decenas de bomberos tuvieron que emplearse a fondo para controlar este voraz incendio en San Rafael.<\/figcaption><\/figure>\n<figure id=\"attachment_94472\" aria-describedby=\"caption-attachment-94472\" style=\"width: 580px\" class=\"wp-caption alignnone\"><img data-recalc-dims=\"1\" loading=\"lazy\" decoding=\"async\" class=\"size-full wp-image-94472\" src=\"https:\/\/i0.wp.com\/www.eltrabajo.cl\/portal\/wp-content\/uploads\/2019\/09\/Incendio2.jpg?resize=580%2C359\" alt=\"MILLONES EN CENIZAS.- Al interior de la estructura las p\u00e9rdidas fueron totales, como lo muestra esta gr\u00e1fica.\" width=\"580\" height=\"359\" srcset=\"https:\/\/i0.wp.com\/eltrabajo.cl\/portal\/wp-content\/uploads\/2019\/09\/Incendio2.jpg?w=580&amp;ssl=1 580w, https:\/\/i0.wp.com\/eltrabajo.cl\/portal\/wp-content\/uploads\/2019\/09\/Incendio2.jpg?resize=200%2C124&amp;ssl=1 200w, https:\/\/i0.wp.com\/eltrabajo.cl\/portal\/wp-content\/uploads\/2019\/09\/Incendio2.jpg?resize=300%2C186&amp;ssl=1 300w, https:\/\/i0.wp.com\/eltrabajo.cl\/portal\/wp-content\/uploads\/2019\/09\/Incendio2.jpg?resize=242%2C150&amp;ssl=1 242w, https:\/\/i0.wp.com\/eltrabajo.cl\/portal\/wp-content\/uploads\/2019\/09\/Incendio2.jpg?resize=400%2C248&amp;ssl=1 400w\" sizes=\"auto, (max-width: 580px) 100vw, 580px\" \/><figcaption id=\"caption-attachment-94472\" class=\"wp-caption-text\">MILLONES EN CENIZAS.- Al interior de la estructura las p\u00e9rdidas fueron totales, como lo muestra esta gr\u00e1fica.<\/figcaption><\/figure>\n<figure id=\"attachment_94473\" aria-describedby=\"caption-attachment-94473\" style=\"width: 579px\" class=\"wp-caption alignnone\"><img data-recalc-dims=\"1\" loading=\"lazy\" decoding=\"async\" class=\"size-full wp-image-94473\" src=\"https:\/\/i0.wp.com\/www.eltrabajo.cl\/portal\/wp-content\/uploads\/2019\/09\/Incendio_Guillermo-Fernandez.jpg?resize=579%2C600\" alt=\"Comandante de Bomberos de Los Andes, Guillermo Fern\u00e1ndez.\" width=\"579\" height=\"600\" srcset=\"https:\/\/i0.wp.com\/eltrabajo.cl\/portal\/wp-content\/uploads\/2019\/09\/Incendio_Guillermo-Fernandez.jpg?w=579&amp;ssl=1 579w, https:\/\/i0.wp.com\/eltrabajo.cl\/portal\/wp-content\/uploads\/2019\/09\/Incendio_Guillermo-Fernandez.jpg?resize=145%2C150&amp;ssl=1 145w, https:\/\/i0.wp.com\/eltrabajo.cl\/portal\/wp-content\/uploads\/2019\/09\/Incendio_Guillermo-Fernandez.jpg?resize=290%2C300&amp;ssl=1 290w, https:\/\/i0.wp.com\/eltrabajo.cl\/portal\/wp-content\/uploads\/2019\/09\/Incendio_Guillermo-Fernandez.jpg?resize=400%2C415&amp;ssl=1 400w\" sizes=\"auto, (max-width: 579px) 100vw, 579px\" \/><figcaption id=\"caption-attachment-94473\" class=\"wp-caption-text\">Comandante de Bomberos de Los Andes, Guillermo Fern\u00e1ndez.<\/figcaption><\/figure>\n","protected":false},"excerpt":{"rendered":"<p>Chispazo en una palmera es investigado: Un destructivo incendio estructural de grandes dimensiones fue el que se declar\u00f3 la tarde de ayer domingo en una vivienda ubicada en San Rafael, en las&#8230;<\/p>\n","protected":false},"author":482,"featured_media":94471,"comment_status":"open","ping_status":"open","sticky":false,"template":"","format":"standard","meta":{"advanced_seo_description":"","jetpack_seo_html_title":"","jetpack_seo_noindex":false,"_jetpack_memberships_contains_paid_content":false,"footnotes":""},"categories":[21],"tags":[],"class_list":["post-94470","post","type-post","status-publish","format-standard","has-post-thumbnail","hentry","category-policial"],"jetpack_featured_media_url":"https:\/\/i0.wp.com\/eltrabajo.cl\/portal\/wp-content\/uploads\/2019\/09\/Incendio1.jpg?fit=580%2C360&ssl=1","jetpack_sharing_enabled":true,"jetpack_likes_enabled":true,"jetpack-related-posts":[],"_links":{"self":[{"href":"https:\/\/eltrabajo.cl\/portal\/wp-json\/wp\/v2\/posts\/94470","targetHints":{"allow":["GET"]}}],"collection":[{"href":"https:\/\/eltrabajo.cl\/portal\/wp-json\/wp\/v2\/posts"}],"about":[{"href":"https:\/\/eltrabajo.cl\/portal\/wp-json\/wp\/v2\/types\/post"}],"author":[{"embeddable":true,"href":"https:\/\/eltrabajo.cl\/portal\/wp-json\/wp\/v2\/users\/482"}],"replies":[{"embeddable":true,"href":"https:\/\/eltrabajo.cl\/portal\/wp-json\/wp\/v2\/comments?post=94470"}],"version-history":[{"count":0,"href":"https:\/\/eltrabajo.cl\/portal\/wp-json\/wp\/v2\/posts\/94470\/revisions"}],"wp:featuredmedia":[{"embeddable":true,"href":"https:\/\/eltrabajo.cl\/portal\/wp-json\/wp\/v2\/media\/94471"}],"wp:attachment":[{"href":"https:\/\/eltrabajo.cl\/portal\/wp-json\/wp\/v2\/media?parent=94470"}],"wp:term":[{"taxonomy":"category","embeddable":true,"href":"https:\/\/eltrabajo.cl\/portal\/wp-json\/wp\/v2\/categories?post=94470"},{"taxonomy":"post_tag","embeddable":true,"href":"https:\/\/eltrabajo.cl\/portal\/wp-json\/wp\/v2\/tags?post=94470"}],"curies":[{"name":"wp","href":"https:\/\/api.w.org\/{rel}","templated":true}]}}