{"id":94475,"date":"2019-09-30T05:05:27","date_gmt":"2019-09-30T08:05:27","guid":{"rendered":"http:\/\/www.eltrabajo.cl\/portal\/?p=94475"},"modified":"2019-09-29T21:00:48","modified_gmt":"2019-09-30T00:00:48","slug":"motociclista-de-29-anos-de-edad-pierde-la-vida-al-volcar-y-caer-a-canal-de-regadio","status":"publish","type":"post","link":"https:\/\/eltrabajo.cl\/portal\/motociclista-de-29-anos-de-edad-pierde-la-vida-al-volcar-y-caer-a-canal-de-regadio\/","title":{"rendered":"Motociclista de 29 a\u00f1os de edad pierde la vida al volcar y caer a canal de regad\u00edo"},"content":{"rendered":"<p><span style=\"color: #ff0000;\"><strong>Fatal accidente ocurri\u00f3 la tarde de este s\u00e1bado:<\/strong><\/span><\/p>\n<ul>\n<li><strong>La SIAT de Carabineros deber\u00e1 elaborar un informe que determine las causas del lamentable accidente que lo cost\u00f3 la vida a un joven catemino.<\/strong><\/li>\n<\/ul>\n<p>Como <strong>Allan Gonz\u00e1lez Escobar<\/strong>, de 29 a\u00f1os de edad, fue identificado el motociclista que falleci\u00f3 tras perder el control de su motocicleta, cayendo hasta un canal de regad\u00edo a un costado de la Ruta E-645 en el sector de Reinoso en Catemu. El lamentable accidente de tr\u00e1nsito ocurri\u00f3 alrededor de las 19:30 horas de este s\u00e1bado 28 de septiembre.<br \/>\nCarabineros inform\u00f3 que de acuerdo al relato de un testigo que se encontraba en el sitio del suceso, segundos antes el conductor de la motocicleta se desplazaba por dicha ruta, y por causas que se investigan, repentinamente perdi\u00f3 el control del m\u00f3vil para caer al canal, siendo rescatado por este transe\u00fante, quien procedi\u00f3 a auxiliarlo para dar aviso al personal del Samu.<br \/>\nSin embargo, pese a todo el esfuerzo y las reanimaciones efectuadas al joven accidentado por varios minutos, \u00e9stas no rindieron resultados positivos, constat\u00e1ndose su deceso en el mismo lugar de los hechos.<br \/>\nAl sitio del suceso concurri\u00f3 personal de Bomberos y Carabineros para adoptar el procedimiento de rigor en estos casos, informando al Fiscal de Turno el lamentable fallecimiento, instruy\u00e9ndose la concurrencia del personal de la Subcomisar\u00eda Investigadora de Accidentes de Tr\u00e1nsito (SIAT) de Carabineros de San Felipe para la elaboraci\u00f3n de un informe que establezca las causas de este accidente con resultado de muerte.<br \/>\nEl cuerpo del joven de 29 a\u00f1os de edad domiciliado en la comuna de Catemu, fue derivado hasta el Servicio M\u00e9dico Legal para la correspondiente autopsia de rigor y posteriormente ser entregado a sus familiares.<br \/>\n<strong>Pablo Salinas Sald\u00edas<\/strong><\/p>\n<figure id=\"attachment_94476\" aria-describedby=\"caption-attachment-94476\" style=\"width: 580px\" class=\"wp-caption alignnone\"><img data-recalc-dims=\"1\" loading=\"lazy\" decoding=\"async\" class=\"size-full wp-image-94476\" src=\"https:\/\/i0.wp.com\/www.eltrabajo.cl\/portal\/wp-content\/uploads\/2019\/09\/ACCIDENTE-CATEMU-1.jpg?resize=580%2C360\" alt=\"El accidente con resultado de muerte ocurri\u00f3 cerca de las 19:30 horas de este s\u00e1bado 28 de septiembre en el sector Reinoso, en la comuna de Catemu. (Fotograf\u00eda Referencial)\" width=\"580\" height=\"360\" srcset=\"https:\/\/i0.wp.com\/eltrabajo.cl\/portal\/wp-content\/uploads\/2019\/09\/ACCIDENTE-CATEMU-1.jpg?w=580&amp;ssl=1 580w, https:\/\/i0.wp.com\/eltrabajo.cl\/portal\/wp-content\/uploads\/2019\/09\/ACCIDENTE-CATEMU-1.jpg?resize=200%2C124&amp;ssl=1 200w, https:\/\/i0.wp.com\/eltrabajo.cl\/portal\/wp-content\/uploads\/2019\/09\/ACCIDENTE-CATEMU-1.jpg?resize=300%2C186&amp;ssl=1 300w, https:\/\/i0.wp.com\/eltrabajo.cl\/portal\/wp-content\/uploads\/2019\/09\/ACCIDENTE-CATEMU-1.jpg?resize=242%2C150&amp;ssl=1 242w, https:\/\/i0.wp.com\/eltrabajo.cl\/portal\/wp-content\/uploads\/2019\/09\/ACCIDENTE-CATEMU-1.jpg?resize=400%2C248&amp;ssl=1 400w\" sizes=\"auto, (max-width: 580px) 100vw, 580px\" \/><figcaption id=\"caption-attachment-94476\" class=\"wp-caption-text\">El accidente con resultado de muerte ocurri\u00f3 cerca de las 19:30 horas de este s\u00e1bado 28 de septiembre en el sector Reinoso, en la comuna de Catemu. (Fotograf\u00eda Referencial)<\/figcaption><\/figure>\n","protected":false},"excerpt":{"rendered":"<p>Fatal accidente ocurri\u00f3 la tarde de este s\u00e1bado: La SIAT de Carabineros deber\u00e1 elaborar un informe que determine las causas del lamentable accidente que lo cost\u00f3 la vida a un joven catemino&#8230;.<\/p>\n","protected":false},"author":482,"featured_media":94476,"comment_status":"open","ping_status":"open","sticky":false,"template":"","format":"standard","meta":{"advanced_seo_description":"","jetpack_seo_html_title":"","jetpack_seo_noindex":false,"_jetpack_memberships_contains_paid_content":false,"footnotes":""},"categories":[21],"tags":[],"class_list":["post-94475","post","type-post","status-publish","format-standard","has-post-thumbnail","hentry","category-policial"],"jetpack_featured_media_url":"https:\/\/i0.wp.com\/eltrabajo.cl\/portal\/wp-content\/uploads\/2019\/09\/ACCIDENTE-CATEMU-1.jpg?fit=580%2C360&ssl=1","jetpack_sharing_enabled":true,"jetpack_likes_enabled":true,"jetpack-related-posts":[],"_links":{"self":[{"href":"https:\/\/eltrabajo.cl\/portal\/wp-json\/wp\/v2\/posts\/94475","targetHints":{"allow":["GET"]}}],"collection":[{"href":"https:\/\/eltrabajo.cl\/portal\/wp-json\/wp\/v2\/posts"}],"about":[{"href":"https:\/\/eltrabajo.cl\/portal\/wp-json\/wp\/v2\/types\/post"}],"author":[{"embeddable":true,"href":"https:\/\/eltrabajo.cl\/portal\/wp-json\/wp\/v2\/users\/482"}],"replies":[{"embeddable":true,"href":"https:\/\/eltrabajo.cl\/portal\/wp-json\/wp\/v2\/comments?post=94475"}],"version-history":[{"count":0,"href":"https:\/\/eltrabajo.cl\/portal\/wp-json\/wp\/v2\/posts\/94475\/revisions"}],"wp:featuredmedia":[{"embeddable":true,"href":"https:\/\/eltrabajo.cl\/portal\/wp-json\/wp\/v2\/media\/94476"}],"wp:attachment":[{"href":"https:\/\/eltrabajo.cl\/portal\/wp-json\/wp\/v2\/media?parent=94475"}],"wp:term":[{"taxonomy":"category","embeddable":true,"href":"https:\/\/eltrabajo.cl\/portal\/wp-json\/wp\/v2\/categories?post=94475"},{"taxonomy":"post_tag","embeddable":true,"href":"https:\/\/eltrabajo.cl\/portal\/wp-json\/wp\/v2\/tags?post=94475"}],"curies":[{"name":"wp","href":"https:\/\/api.w.org\/{rel}","templated":true}]}}