{"id":94483,"date":"2019-10-01T05:01:36","date_gmt":"2019-10-01T08:01:36","guid":{"rendered":"http:\/\/www.eltrabajo.cl\/portal\/?p=94483"},"modified":"2019-09-30T20:41:36","modified_gmt":"2019-09-30T23:41:36","slug":"hoy-inicia-campana-mundial-contra-el-cancer-de-mama","status":"publish","type":"post","link":"https:\/\/eltrabajo.cl\/portal\/hoy-inicia-campana-mundial-contra-el-cancer-de-mama\/","title":{"rendered":"Hoy inicia Campa\u00f1a Mundial contra el c\u00e1ncer de mama"},"content":{"rendered":"<p><span style=\"color: #ff0000;\"><strong>Bomba La Internacional con Zumbat\u00f3n a las 19:15 horas:<\/strong><\/span><\/p>\n<ul>\n<li><strong>San Felipe entre las 64 comunas de Chile que se adhieren a esta iniciativa por la vida. Al a\u00f1o mueren 1.460 mujeres por detecci\u00f3n tard\u00eda.<\/strong><\/li>\n<\/ul>\n<p>Durante el mes de octubre que hoy inicia se iluminar\u00e1n de color rosado muchos escenarios de todo el mundo, en Chile son 64 las comunas que se declaran adheridas a esta campa\u00f1a mundial contra el c\u00e1ncer de mama y en San Felipe por ejemplo es la Segunda Compa\u00f1\u00eda de Bomberos la que ayer lunes confirm\u00f3 a Diario El Trabajo su compromiso asumido para potenciar durante todo el mes los esfuerzos para concientizar masivamente sobre este mortal enemigo, pues hay que tomar en cuenta que seg\u00fan datos entregados por el Ministerio de Salud (Minsal), Valpara\u00edso y Magallanes son las regiones con m\u00e1s tasas de mortalidad por c\u00e1ncer de mama en el pa\u00eds.<br \/>\nTambi\u00e9n la Oficina Municipal de Salud nos confirm\u00f3 que San Felipe se encuentra entre esas ciudades en campa\u00f1a, y que tambi\u00e9n estar\u00e1n desarrollando varias actividades para reflejar el esfuerzo del Municipio para impulsar esta iniciativa mundial.<\/p>\n<p><span style=\"color: #ff0000;\"><strong>LA INTERNACIONAL<\/strong><\/span><br \/>\nDiario El Trabajo habl\u00f3 con el director de la 2\u00aa C\u00cdA de Bomberos de San Felipe, David Guajardo Sandoval, quien nos explic\u00f3 detalles sobre las actividades que tienen agendadas para octubre en el marco de esta campa\u00f1a por la vida y la prevenci\u00f3n del c\u00e1ncer de mama.<br \/>\n\u00abNuestra \u2018Bomba La Internacional\u2019 del Cuerpo de Bomberos de San Felipe en su 124\u00ba aniversario, quiere estar presente en la campa\u00f1a mundial de prevenci\u00f3n del c\u00e1ncer de mama, que justamente en el mes de octubre se celebra a nivel mundial, con la intenci\u00f3n de concientizar a las mujeres de lo importante que es hacerse una mamograf\u00eda a tiempo como arma preventiva y de diagn\u00f3stico precoz de esta enfermedad. Los segundinos de San Felipe queremos simbolizar a trav\u00e9s de una polera corporativa azul con color rosado de la campa\u00f1a, que usaremos en octubre en nuestros llamados a emergencia, salidas a campa\u00f1as econ\u00f3micas, reuniones y acad\u00e9micas\u00bb, dijo Guajardo a nuestro medio.<\/p>\n<p><span style=\"color: #ff0000;\"><strong>CIFRAS MORTALES<\/strong><\/span><br \/>\nSeg\u00fan las autoridades en este tema, en Chile mueren cuatro mujeres al d\u00eda por detecci\u00f3n tard\u00eda del c\u00e1ncer de mama (1.460 al a\u00f1o). En 2018 hubo 5.393 nuevos casos de esta enfermedad. En la actualidad en nuestro pa\u00eds son 15 personas diagnosticadas al d\u00eda con esta patolog\u00eda y el mayor porcentaje corresponde a una edad superior a los 50 a\u00f1os.<br \/>\n\u00abMe enorgullece enormemente el compromiso que tienen nuestros camaradas de ideales, quienes a trav\u00e9s de estas actividades los bomberos sigan demostrando su alto nivel no s\u00f3lo en el \u00e1mbito bomberil sino en distintas actividades que tenemos con la ciudadan\u00eda. Este martes instauraremos una Zumbat\u00f3n en la que mantendremos en el tiempo, la actividad se realizar\u00e1 en nuestro cuartel aqu\u00ed en la Segunda (\u2026) Agradecemos a los instructores de zumba Felipe Baeza Landeros y al animador Claudio Pantoja, y al Servicio de Salud Aconcagua, quienes tambi\u00e9n han querido ser part\u00edcipes de esta importante iniciativa\u00bb, dijo Guajardo.<\/p>\n<p><span style=\"color: #ff0000;\"><strong>OTRAS ACTIVIDADES<\/strong><\/span><br \/>\nEntre las actividades programadas por Bomberos para este mes de octubre est\u00e1n: Visita a Hogar de Mayores San Felipe El Real 1 y 2, frente a Sodimac el pr\u00f3ximo viernes 4 de octubre a las 16:00 horas; Competencias internas de bomberos en Bellavista al mediod\u00eda, y Charla sobre riesgos el\u00e9ctricos a las 19:00 horas en el cuartel de la Segunda Compa\u00f1\u00eda, entre otras.<br \/>\n<strong>Roberto Gonz\u00e1lez Short<\/strong><\/p>\n<figure id=\"attachment_94484\" aria-describedby=\"caption-attachment-94484\" style=\"width: 580px\" class=\"wp-caption alignnone\"><img data-recalc-dims=\"1\" loading=\"lazy\" decoding=\"async\" class=\"size-full wp-image-94484\" src=\"https:\/\/i0.wp.com\/www.eltrabajo.cl\/portal\/wp-content\/uploads\/2019\/09\/Cancer1-1.jpg?resize=580%2C360\" alt=\"BOMBEROS EN CAMPA\u00d1A.- Ellos son parte del personal de Bomba La Internacional, quienes est\u00e1n desarrollando esta campa\u00f1a contra el C\u00e1ncer de mama, en nuestra comuna.\" width=\"580\" height=\"360\" srcset=\"https:\/\/i0.wp.com\/eltrabajo.cl\/portal\/wp-content\/uploads\/2019\/09\/Cancer1-1.jpg?w=580&amp;ssl=1 580w, https:\/\/i0.wp.com\/eltrabajo.cl\/portal\/wp-content\/uploads\/2019\/09\/Cancer1-1.jpg?resize=200%2C124&amp;ssl=1 200w, https:\/\/i0.wp.com\/eltrabajo.cl\/portal\/wp-content\/uploads\/2019\/09\/Cancer1-1.jpg?resize=300%2C186&amp;ssl=1 300w, https:\/\/i0.wp.com\/eltrabajo.cl\/portal\/wp-content\/uploads\/2019\/09\/Cancer1-1.jpg?resize=242%2C150&amp;ssl=1 242w, https:\/\/i0.wp.com\/eltrabajo.cl\/portal\/wp-content\/uploads\/2019\/09\/Cancer1-1.jpg?resize=400%2C248&amp;ssl=1 400w\" sizes=\"auto, (max-width: 580px) 100vw, 580px\" \/><figcaption id=\"caption-attachment-94484\" class=\"wp-caption-text\">BOMBEROS EN CAMPA\u00d1A.- Ellos son parte del personal de Bomba La Internacional, quienes est\u00e1n desarrollando esta campa\u00f1a contra el C\u00e1ncer de mama, en nuestra comuna.<\/figcaption><\/figure>\n<figure id=\"attachment_94485\" aria-describedby=\"caption-attachment-94485\" style=\"width: 578px\" class=\"wp-caption alignnone\"><img data-recalc-dims=\"1\" loading=\"lazy\" decoding=\"async\" class=\"size-full wp-image-94485\" src=\"https:\/\/i0.wp.com\/www.eltrabajo.cl\/portal\/wp-content\/uploads\/2019\/09\/Cancer2-1.jpg?resize=578%2C417\" alt=\"En Chile mueren cuatro mujeres al d\u00eda por detecci\u00f3n tard\u00eda del c\u00e1ncer de mama. En 2018 hubo 5.393 nuevos casos de esta enfermedad.\" width=\"578\" height=\"417\" srcset=\"https:\/\/i0.wp.com\/eltrabajo.cl\/portal\/wp-content\/uploads\/2019\/09\/Cancer2-1.jpg?w=578&amp;ssl=1 578w, https:\/\/i0.wp.com\/eltrabajo.cl\/portal\/wp-content\/uploads\/2019\/09\/Cancer2-1.jpg?resize=200%2C144&amp;ssl=1 200w, https:\/\/i0.wp.com\/eltrabajo.cl\/portal\/wp-content\/uploads\/2019\/09\/Cancer2-1.jpg?resize=300%2C216&amp;ssl=1 300w, https:\/\/i0.wp.com\/eltrabajo.cl\/portal\/wp-content\/uploads\/2019\/09\/Cancer2-1.jpg?resize=208%2C150&amp;ssl=1 208w, https:\/\/i0.wp.com\/eltrabajo.cl\/portal\/wp-content\/uploads\/2019\/09\/Cancer2-1.jpg?resize=400%2C289&amp;ssl=1 400w\" sizes=\"auto, (max-width: 578px) 100vw, 578px\" \/><figcaption id=\"caption-attachment-94485\" class=\"wp-caption-text\">En Chile mueren cuatro mujeres al d\u00eda por detecci\u00f3n tard\u00eda del c\u00e1ncer de mama. En 2018 hubo 5.393 nuevos casos de esta enfermedad.<\/figcaption><\/figure>\n<figure id=\"attachment_94486\" aria-describedby=\"caption-attachment-94486\" style=\"width: 580px\" class=\"wp-caption alignnone\"><img data-recalc-dims=\"1\" loading=\"lazy\" decoding=\"async\" class=\"size-full wp-image-94486\" src=\"https:\/\/i0.wp.com\/www.eltrabajo.cl\/portal\/wp-content\/uploads\/2019\/09\/Cancer_David-Guajardo.jpg?resize=580%2C551\" alt=\"Director de la 2\u00aa C\u00cdA de Bomberos de San Felipe, David Guajardo Sandoval.\" width=\"580\" height=\"551\" srcset=\"https:\/\/i0.wp.com\/eltrabajo.cl\/portal\/wp-content\/uploads\/2019\/09\/Cancer_David-Guajardo.jpg?w=580&amp;ssl=1 580w, https:\/\/i0.wp.com\/eltrabajo.cl\/portal\/wp-content\/uploads\/2019\/09\/Cancer_David-Guajardo.jpg?resize=158%2C150&amp;ssl=1 158w, https:\/\/i0.wp.com\/eltrabajo.cl\/portal\/wp-content\/uploads\/2019\/09\/Cancer_David-Guajardo.jpg?resize=300%2C285&amp;ssl=1 300w, https:\/\/i0.wp.com\/eltrabajo.cl\/portal\/wp-content\/uploads\/2019\/09\/Cancer_David-Guajardo.jpg?resize=400%2C380&amp;ssl=1 400w\" sizes=\"auto, (max-width: 580px) 100vw, 580px\" \/><figcaption id=\"caption-attachment-94486\" class=\"wp-caption-text\">Director de la 2\u00aa C\u00cdA de Bomberos de San Felipe, David Guajardo Sandoval.<\/figcaption><\/figure>\n<p>&nbsp;<\/p>\n","protected":false},"excerpt":{"rendered":"<p>Bomba La Internacional con Zumbat\u00f3n a las 19:15 horas: San Felipe entre las 64 comunas de Chile que se adhieren a esta iniciativa por la vida. Al a\u00f1o mueren 1.460 mujeres por&#8230;<\/p>\n","protected":false},"author":482,"featured_media":94484,"comment_status":"open","ping_status":"open","sticky":false,"template":"","format":"standard","meta":{"advanced_seo_description":"","jetpack_seo_html_title":"","jetpack_seo_noindex":false,"_jetpack_memberships_contains_paid_content":false,"footnotes":""},"categories":[15],"tags":[],"class_list":["post-94483","post","type-post","status-publish","format-standard","has-post-thumbnail","hentry","category-comunidad"],"jetpack_featured_media_url":"https:\/\/i0.wp.com\/eltrabajo.cl\/portal\/wp-content\/uploads\/2019\/09\/Cancer1-1.jpg?fit=580%2C360&ssl=1","jetpack_sharing_enabled":true,"jetpack_likes_enabled":true,"jetpack-related-posts":[],"_links":{"self":[{"href":"https:\/\/eltrabajo.cl\/portal\/wp-json\/wp\/v2\/posts\/94483","targetHints":{"allow":["GET"]}}],"collection":[{"href":"https:\/\/eltrabajo.cl\/portal\/wp-json\/wp\/v2\/posts"}],"about":[{"href":"https:\/\/eltrabajo.cl\/portal\/wp-json\/wp\/v2\/types\/post"}],"author":[{"embeddable":true,"href":"https:\/\/eltrabajo.cl\/portal\/wp-json\/wp\/v2\/users\/482"}],"replies":[{"embeddable":true,"href":"https:\/\/eltrabajo.cl\/portal\/wp-json\/wp\/v2\/comments?post=94483"}],"version-history":[{"count":0,"href":"https:\/\/eltrabajo.cl\/portal\/wp-json\/wp\/v2\/posts\/94483\/revisions"}],"wp:featuredmedia":[{"embeddable":true,"href":"https:\/\/eltrabajo.cl\/portal\/wp-json\/wp\/v2\/media\/94484"}],"wp:attachment":[{"href":"https:\/\/eltrabajo.cl\/portal\/wp-json\/wp\/v2\/media?parent=94483"}],"wp:term":[{"taxonomy":"category","embeddable":true,"href":"https:\/\/eltrabajo.cl\/portal\/wp-json\/wp\/v2\/categories?post=94483"},{"taxonomy":"post_tag","embeddable":true,"href":"https:\/\/eltrabajo.cl\/portal\/wp-json\/wp\/v2\/tags?post=94483"}],"curies":[{"name":"wp","href":"https:\/\/api.w.org\/{rel}","templated":true}]}}