{"id":94493,"date":"2019-10-01T05:03:58","date_gmt":"2019-10-01T08:03:58","guid":{"rendered":"http:\/\/www.eltrabajo.cl\/portal\/?p=94493"},"modified":"2019-09-30T20:45:25","modified_gmt":"2019-09-30T23:45:25","slug":"piden-10-anos-para-enajenado-que-habria-abusado-sexualmente-de-dos-ninos","status":"publish","type":"post","link":"https:\/\/eltrabajo.cl\/portal\/piden-10-anos-para-enajenado-que-habria-abusado-sexualmente-de-dos-ninos\/","title":{"rendered":"Piden 10 a\u00f1os para enajenado que habr\u00eda abusado sexualmente de dos ni\u00f1os"},"content":{"rendered":"<p><span style=\"color: #ff0000;\"><strong>Acusado est\u00e1 internado en Hospital Psiqui\u00e1trico de Putaendo:<\/strong><\/span><\/p>\n<ul>\n<li><strong>Fiscal\u00eda persigue una medida de internaci\u00f3n por una d\u00e9cada, en un proceso judicial que podr\u00eda llevarse a cabo a finales del mes de Noviembre de este a\u00f1o.<\/strong><\/li>\n<\/ul>\n<p>En el Juzgado de Garant\u00eda de San Felipe se efectu\u00f3 la audiencia de preparaci\u00f3n de juicio en contra de un enajenado mental que est\u00e1 acusado por la Fiscal\u00eda, de haber cometido presuntamente abusos sexuales contra un ni\u00f1o y una ni\u00f1a de 5 y 7 a\u00f1os de edad en la comuna de Llay Llay.<br \/>\nLos hechos habr\u00edan ocurrido durante el transcurso del a\u00f1o 2017 en el interior de un domicilio de dicha comuna, donde el imputado habr\u00eda efectuado tocaciones en las partes \u00edntimas de una ni\u00f1a de 7 a\u00f1os de edad en tres episodios.<br \/>\nAsimismo el Ministerio P\u00fablico sostiene que el 19 de octubre de 2018, el acusado habr\u00eda abordado a un ni\u00f1o de 5 a\u00f1os de edad para abusar de \u00e9l sexualmente.<br \/>\nPara la Fiscal\u00eda estos cuatro episodios constituyen delitos consumados de abuso sexual de menor de 14 a\u00f1os sancionado en el C\u00f3digo Penal, requiri\u00e9ndose una medida de internaci\u00f3n en un centro psiqui\u00e1trico por un periodo de 10 a\u00f1os y un d\u00eda.<br \/>\nDurante la audiencia judicial se declar\u00f3 a este sujeto inimputable, manteni\u00e9ndose provisionalmente como paciente en el Hospital Psiqui\u00e1trico Phillipe Pinel de Putaendo, hasta ser sometido a un proceso judicial en el Tribunal Oral en Lo Penal de San Felipe a fines del pr\u00f3ximo mes de noviembre, para que los jueces establezcan la medida de internaci\u00f3n por seguridad.<br \/>\n<strong>Pablo Salinas Sald\u00edas<\/strong><\/p>\n<figure id=\"attachment_94494\" aria-describedby=\"caption-attachment-94494\" style=\"width: 580px\" class=\"wp-caption alignnone\"><img data-recalc-dims=\"1\" loading=\"lazy\" decoding=\"async\" class=\"size-full wp-image-94494\" src=\"https:\/\/i0.wp.com\/www.eltrabajo.cl\/portal\/wp-content\/uploads\/2019\/09\/Ni%C3%B1os-abusados.jpg?resize=580%2C359\" alt=\"Los ni\u00f1os habr\u00edan sido abusados sexualmente en el a\u00f1o 2017 y 2018 en la comuna de Llay Llay. (Fotograf\u00eda Referencial).\" width=\"580\" height=\"359\" srcset=\"https:\/\/i0.wp.com\/eltrabajo.cl\/portal\/wp-content\/uploads\/2019\/09\/Ni%C3%B1os-abusados.jpg?w=580&amp;ssl=1 580w, https:\/\/i0.wp.com\/eltrabajo.cl\/portal\/wp-content\/uploads\/2019\/09\/Ni%C3%B1os-abusados.jpg?resize=200%2C124&amp;ssl=1 200w, https:\/\/i0.wp.com\/eltrabajo.cl\/portal\/wp-content\/uploads\/2019\/09\/Ni%C3%B1os-abusados.jpg?resize=300%2C186&amp;ssl=1 300w, https:\/\/i0.wp.com\/eltrabajo.cl\/portal\/wp-content\/uploads\/2019\/09\/Ni%C3%B1os-abusados.jpg?resize=242%2C150&amp;ssl=1 242w, https:\/\/i0.wp.com\/eltrabajo.cl\/portal\/wp-content\/uploads\/2019\/09\/Ni%C3%B1os-abusados.jpg?resize=400%2C248&amp;ssl=1 400w\" sizes=\"auto, (max-width: 580px) 100vw, 580px\" \/><figcaption id=\"caption-attachment-94494\" class=\"wp-caption-text\">Los ni\u00f1os habr\u00edan sido abusados sexualmente en el a\u00f1o 2017 y 2018 en la comuna de Llay Llay. (Fotograf\u00eda Referencial).<\/figcaption><\/figure>\n","protected":false},"excerpt":{"rendered":"<p>Acusado est\u00e1 internado en Hospital Psiqui\u00e1trico de Putaendo: Fiscal\u00eda persigue una medida de internaci\u00f3n por una d\u00e9cada, en un proceso judicial que podr\u00eda llevarse a cabo a finales del mes de Noviembre&#8230;<\/p>\n","protected":false},"author":482,"featured_media":94494,"comment_status":"open","ping_status":"open","sticky":false,"template":"","format":"standard","meta":{"advanced_seo_description":"","jetpack_seo_html_title":"","jetpack_seo_noindex":false,"_jetpack_memberships_contains_paid_content":false,"footnotes":""},"categories":[97],"tags":[],"class_list":["post-94493","post","type-post","status-publish","format-standard","has-post-thumbnail","hentry","category-tribunales"],"jetpack_featured_media_url":"https:\/\/i0.wp.com\/eltrabajo.cl\/portal\/wp-content\/uploads\/2019\/09\/Ni%C3%B1os-abusados.jpg?fit=580%2C359&ssl=1","jetpack_sharing_enabled":true,"jetpack_likes_enabled":true,"jetpack-related-posts":[],"_links":{"self":[{"href":"https:\/\/eltrabajo.cl\/portal\/wp-json\/wp\/v2\/posts\/94493","targetHints":{"allow":["GET"]}}],"collection":[{"href":"https:\/\/eltrabajo.cl\/portal\/wp-json\/wp\/v2\/posts"}],"about":[{"href":"https:\/\/eltrabajo.cl\/portal\/wp-json\/wp\/v2\/types\/post"}],"author":[{"embeddable":true,"href":"https:\/\/eltrabajo.cl\/portal\/wp-json\/wp\/v2\/users\/482"}],"replies":[{"embeddable":true,"href":"https:\/\/eltrabajo.cl\/portal\/wp-json\/wp\/v2\/comments?post=94493"}],"version-history":[{"count":0,"href":"https:\/\/eltrabajo.cl\/portal\/wp-json\/wp\/v2\/posts\/94493\/revisions"}],"wp:featuredmedia":[{"embeddable":true,"href":"https:\/\/eltrabajo.cl\/portal\/wp-json\/wp\/v2\/media\/94494"}],"wp:attachment":[{"href":"https:\/\/eltrabajo.cl\/portal\/wp-json\/wp\/v2\/media?parent=94493"}],"wp:term":[{"taxonomy":"category","embeddable":true,"href":"https:\/\/eltrabajo.cl\/portal\/wp-json\/wp\/v2\/categories?post=94493"},{"taxonomy":"post_tag","embeddable":true,"href":"https:\/\/eltrabajo.cl\/portal\/wp-json\/wp\/v2\/tags?post=94493"}],"curies":[{"name":"wp","href":"https:\/\/api.w.org\/{rel}","templated":true}]}}