{"id":94496,"date":"2019-10-01T05:04:29","date_gmt":"2019-10-01T08:04:29","guid":{"rendered":"http:\/\/www.eltrabajo.cl\/portal\/?p=94496"},"modified":"2019-09-30T20:46:31","modified_gmt":"2019-09-30T23:46:31","slug":"seleccion-sub-18-del-cordillera-se-corona-campeon-nacional-de-voleibol-en-arica","status":"publish","type":"post","link":"https:\/\/eltrabajo.cl\/portal\/seleccion-sub-18-del-cordillera-se-corona-campeon-nacional-de-voleibol-en-arica\/","title":{"rendered":"Selecci\u00f3n Sub-18 del Cordillera se corona campe\u00f3n nacional de Voleibol en Arica"},"content":{"rendered":"<p>El profesor Eduardo Ch\u00e1vez logr\u00f3 su d\u00e9cimo noveno campeonato nacional en el deporte que ha sido su vida c\u00f3mo lo es el Voleibol. En esta oportunidad con la selecci\u00f3n Sub-18 del Liceo Bicentenario Cordillera, logr\u00f3 el nacional desarrollado en Arica, nada menos que derrotando al due\u00f1o de casa.<br \/>\nEn conversaci\u00f3n con nuestro medio dijo lo siguiente: \u00abEstamos muy contentos, San Felipe una vez m\u00e1s se ha titulado campe\u00f3n nacional en esta disciplina del Voley, en esta oportunidad en la categor\u00eda Sub-18. Bueno la verdad ha sido un torneo redondo, perdimos s\u00f3lo un set ahora en la final con Arica, el local; ganamos todos los partidos de la clasificaci\u00f3n tres cero. Seguimos trabajando duro para el evento m\u00e1s importante que tenemos este a\u00f1o que son los juegos binacionales, pero la verdad ser el mejor de Chile a nivel federado nos sigue llenando de orgullo\u00bb, manifest\u00f3 Ch\u00e1vez.<br \/>\nEn la conversaci\u00f3n Ch\u00e1vez aprovech\u00f3 para dar los agradecimientos al alcalde Patricio Freire y a Danilo Pe\u00f1a a trav\u00e9s del departamento de Deportes, \u00aba mi directora la se\u00f1ora Ana Mar\u00eda Donoso y el Colegio Liceo Bicentenario, ya que el apoyo que ellos ofrecen a nuestro trabajo ha sido realmente muy importante para el desarrollo de estas ni\u00f1itas. Aqu\u00ed tenemos ni\u00f1as que ya han representado a Chile en varios torneos sudamericanos y torneos nacionales, as\u00ed que estamos muy contentos, un saludo para toda nuestra comuna y una vez m\u00e1s San Felipe grande en el Voleibol nacional\u00bb, finaliz\u00f3 Eduardo Ch\u00e1vez.<br \/>\nSobre el regres\u00f3 de la delegaci\u00f3n campeona, indic\u00f3 que hoy estar\u00edan llegando a San Felipe.<\/p>\n<figure id=\"attachment_94497\" aria-describedby=\"caption-attachment-94497\" style=\"width: 580px\" class=\"wp-caption alignnone\"><img data-recalc-dims=\"1\" loading=\"lazy\" decoding=\"async\" class=\"size-full wp-image-94497\" src=\"https:\/\/i0.wp.com\/www.eltrabajo.cl\/portal\/wp-content\/uploads\/2019\/09\/campeon-nacional-Sub-18-Bicentenario-Cordillera.jpg?resize=580%2C360\" alt=\"Este es el campe\u00f3n nacional de la categor\u00eda Sub-18 del Liceo Bicentenario Cordillera que se alz\u00f3 con la importante victoria.\" width=\"580\" height=\"360\" srcset=\"https:\/\/i0.wp.com\/eltrabajo.cl\/portal\/wp-content\/uploads\/2019\/09\/campeon-nacional-Sub-18-Bicentenario-Cordillera.jpg?w=580&amp;ssl=1 580w, https:\/\/i0.wp.com\/eltrabajo.cl\/portal\/wp-content\/uploads\/2019\/09\/campeon-nacional-Sub-18-Bicentenario-Cordillera.jpg?resize=200%2C124&amp;ssl=1 200w, https:\/\/i0.wp.com\/eltrabajo.cl\/portal\/wp-content\/uploads\/2019\/09\/campeon-nacional-Sub-18-Bicentenario-Cordillera.jpg?resize=300%2C186&amp;ssl=1 300w, https:\/\/i0.wp.com\/eltrabajo.cl\/portal\/wp-content\/uploads\/2019\/09\/campeon-nacional-Sub-18-Bicentenario-Cordillera.jpg?resize=242%2C150&amp;ssl=1 242w, https:\/\/i0.wp.com\/eltrabajo.cl\/portal\/wp-content\/uploads\/2019\/09\/campeon-nacional-Sub-18-Bicentenario-Cordillera.jpg?resize=400%2C248&amp;ssl=1 400w\" sizes=\"auto, (max-width: 580px) 100vw, 580px\" \/><figcaption id=\"caption-attachment-94497\" class=\"wp-caption-text\">Este es el campe\u00f3n nacional de la categor\u00eda Sub-18 del Liceo Bicentenario Cordillera que se alz\u00f3 con la importante victoria.<\/figcaption><\/figure>\n","protected":false},"excerpt":{"rendered":"<p>El profesor Eduardo Ch\u00e1vez logr\u00f3 su d\u00e9cimo noveno campeonato nacional en el deporte que ha sido su vida c\u00f3mo lo es el Voleibol. En esta oportunidad con la selecci\u00f3n Sub-18 del Liceo&#8230;<\/p>\n","protected":false},"author":482,"featured_media":94497,"comment_status":"open","ping_status":"open","sticky":false,"template":"","format":"standard","meta":{"advanced_seo_description":"","jetpack_seo_html_title":"","jetpack_seo_noindex":false,"_jetpack_memberships_contains_paid_content":false,"footnotes":""},"categories":[19],"tags":[],"class_list":["post-94496","post","type-post","status-publish","format-standard","has-post-thumbnail","hentry","category-deportes"],"jetpack_featured_media_url":"https:\/\/i0.wp.com\/eltrabajo.cl\/portal\/wp-content\/uploads\/2019\/09\/campeon-nacional-Sub-18-Bicentenario-Cordillera.jpg?fit=580%2C360&ssl=1","jetpack_sharing_enabled":true,"jetpack_likes_enabled":true,"jetpack-related-posts":[],"_links":{"self":[{"href":"https:\/\/eltrabajo.cl\/portal\/wp-json\/wp\/v2\/posts\/94496","targetHints":{"allow":["GET"]}}],"collection":[{"href":"https:\/\/eltrabajo.cl\/portal\/wp-json\/wp\/v2\/posts"}],"about":[{"href":"https:\/\/eltrabajo.cl\/portal\/wp-json\/wp\/v2\/types\/post"}],"author":[{"embeddable":true,"href":"https:\/\/eltrabajo.cl\/portal\/wp-json\/wp\/v2\/users\/482"}],"replies":[{"embeddable":true,"href":"https:\/\/eltrabajo.cl\/portal\/wp-json\/wp\/v2\/comments?post=94496"}],"version-history":[{"count":0,"href":"https:\/\/eltrabajo.cl\/portal\/wp-json\/wp\/v2\/posts\/94496\/revisions"}],"wp:featuredmedia":[{"embeddable":true,"href":"https:\/\/eltrabajo.cl\/portal\/wp-json\/wp\/v2\/media\/94497"}],"wp:attachment":[{"href":"https:\/\/eltrabajo.cl\/portal\/wp-json\/wp\/v2\/media?parent=94496"}],"wp:term":[{"taxonomy":"category","embeddable":true,"href":"https:\/\/eltrabajo.cl\/portal\/wp-json\/wp\/v2\/categories?post=94496"},{"taxonomy":"post_tag","embeddable":true,"href":"https:\/\/eltrabajo.cl\/portal\/wp-json\/wp\/v2\/tags?post=94496"}],"curies":[{"name":"wp","href":"https:\/\/api.w.org\/{rel}","templated":true}]}}