{"id":94507,"date":"2019-10-02T05:01:14","date_gmt":"2019-10-02T08:01:14","guid":{"rendered":"http:\/\/www.eltrabajo.cl\/portal\/?p=94507"},"modified":"2019-10-01T20:38:45","modified_gmt":"2019-10-01T23:38:45","slug":"santa-maria-fue-escenario-del-campeonato-nacional-de-compak-sporting","status":"publish","type":"post","link":"https:\/\/eltrabajo.cl\/portal\/santa-maria-fue-escenario-del-campeonato-nacional-de-compak-sporting\/","title":{"rendered":"Santa Mar\u00eda fue escenario del Campeonato Nacional de Compak Sporting"},"content":{"rendered":"<p>Este s\u00e1bado 28 y domingo 29 de septiembre en la cancha de tiro La Higuera en la comuna de Santa Mar\u00eda, se llev\u00f3 a cabo el Campeonato Nacional de Compak Sporting, donde una vez m\u00e1s Daniela Fern\u00e1ndez logr\u00f3 quedarse con el primer lugar en su categor\u00eda.<br \/>\nLos representantes de San Felipe obtuvieron los siguientes lugares en las distintas categor\u00edas:<\/p>\n<p>CATEGOR\u00cdA A:<br \/>\nPrimer lugar Jean Galleguillos del club Arturo Prat, San Felipe, campe\u00f3n nacional.<br \/>\nTercer lugar Felipe P\u00e9rez del club Arturo Prat, San Felipe.<\/p>\n<p>CATEGOR\u00cdA S\u00c9NIOR:<br \/>\nSegundo lugar Manuel P\u00e9rez del club Arturo Prat, San Felipe.<br \/>\nQuinto lugar Pedro Sinken, club San Felipe.<\/p>\n<p>CATEGOR\u00cdA JUVENIL:<br \/>\nTercer lugar Benjam\u00edn Barra, del club Arturo Prat, San Felipe<\/p>\n<p>CATEGOR\u00cdA INFANTIL:<br \/>\nQuinto lugar Nelson Moreno, del club Arturo Prat, San Felipe<\/p>\n<p>DAMAS<br \/>\nPrimer lugar Daniela Fern\u00e1ndez, del club Arturo Prat, San Felipe, campeona nacional.<br \/>\nQuinto lugar Claudia Le\u00f3n, del club Arturo Prat, San Felipe.<\/p>\n<figure id=\"attachment_94508\" aria-describedby=\"caption-attachment-94508\" style=\"width: 580px\" class=\"wp-caption alignnone\"><img data-recalc-dims=\"1\" loading=\"lazy\" decoding=\"async\" class=\"size-full wp-image-94508\" src=\"https:\/\/i0.wp.com\/www.eltrabajo.cl\/portal\/wp-content\/uploads\/2019\/10\/tiro-Daniela-2.jpg?resize=580%2C358\" alt=\"Ac\u00e1 vemos a Daniela Fern\u00e1ndez recibiendo el premio de campeona nacional por parte del alcalde de Santa Mar\u00eda, Claudio Zurita Ibarra.\" width=\"580\" height=\"358\" srcset=\"https:\/\/i0.wp.com\/eltrabajo.cl\/portal\/wp-content\/uploads\/2019\/10\/tiro-Daniela-2.jpg?w=580&amp;ssl=1 580w, https:\/\/i0.wp.com\/eltrabajo.cl\/portal\/wp-content\/uploads\/2019\/10\/tiro-Daniela-2.jpg?resize=200%2C123&amp;ssl=1 200w, https:\/\/i0.wp.com\/eltrabajo.cl\/portal\/wp-content\/uploads\/2019\/10\/tiro-Daniela-2.jpg?resize=300%2C185&amp;ssl=1 300w, https:\/\/i0.wp.com\/eltrabajo.cl\/portal\/wp-content\/uploads\/2019\/10\/tiro-Daniela-2.jpg?resize=243%2C150&amp;ssl=1 243w, https:\/\/i0.wp.com\/eltrabajo.cl\/portal\/wp-content\/uploads\/2019\/10\/tiro-Daniela-2.jpg?resize=400%2C247&amp;ssl=1 400w\" sizes=\"auto, (max-width: 580px) 100vw, 580px\" \/><figcaption id=\"caption-attachment-94508\" class=\"wp-caption-text\">Ac\u00e1 vemos a Daniela Fern\u00e1ndez recibiendo el premio de campeona nacional por parte del alcalde de Santa Mar\u00eda, Claudio Zurita Ibarra.<\/figcaption><\/figure>\n<figure id=\"attachment_94509\" aria-describedby=\"caption-attachment-94509\" style=\"width: 580px\" class=\"wp-caption alignnone\"><img data-recalc-dims=\"1\" loading=\"lazy\" decoding=\"async\" class=\"size-full wp-image-94509\" src=\"https:\/\/i0.wp.com\/www.eltrabajo.cl\/portal\/wp-content\/uploads\/2019\/10\/tiro-Daniela.jpg?resize=580%2C360\" alt=\"Daniela Fern\u00e1ndez, primer lugar nuevamente en su categor\u00eda, al centro con su premio.\" width=\"580\" height=\"360\" srcset=\"https:\/\/i0.wp.com\/eltrabajo.cl\/portal\/wp-content\/uploads\/2019\/10\/tiro-Daniela.jpg?w=580&amp;ssl=1 580w, https:\/\/i0.wp.com\/eltrabajo.cl\/portal\/wp-content\/uploads\/2019\/10\/tiro-Daniela.jpg?resize=200%2C124&amp;ssl=1 200w, https:\/\/i0.wp.com\/eltrabajo.cl\/portal\/wp-content\/uploads\/2019\/10\/tiro-Daniela.jpg?resize=300%2C186&amp;ssl=1 300w, https:\/\/i0.wp.com\/eltrabajo.cl\/portal\/wp-content\/uploads\/2019\/10\/tiro-Daniela.jpg?resize=242%2C150&amp;ssl=1 242w, https:\/\/i0.wp.com\/eltrabajo.cl\/portal\/wp-content\/uploads\/2019\/10\/tiro-Daniela.jpg?resize=400%2C248&amp;ssl=1 400w\" sizes=\"auto, (max-width: 580px) 100vw, 580px\" \/><figcaption id=\"caption-attachment-94509\" class=\"wp-caption-text\">Daniela Fern\u00e1ndez, primer lugar nuevamente en su categor\u00eda, al centro con su premio.<\/figcaption><\/figure>\n<figure id=\"attachment_94511\" aria-describedby=\"caption-attachment-94511\" style=\"width: 580px\" class=\"wp-caption alignnone\"><img data-recalc-dims=\"1\" loading=\"lazy\" decoding=\"async\" class=\"size-full wp-image-94511\" src=\"https:\/\/i0.wp.com\/www.eltrabajo.cl\/portal\/wp-content\/uploads\/2019\/10\/tiro-Juvenil.jpg?resize=580%2C360\" alt=\"Los ganadores en la categor\u00eda juvenil.\" width=\"580\" height=\"360\" srcset=\"https:\/\/i0.wp.com\/eltrabajo.cl\/portal\/wp-content\/uploads\/2019\/10\/tiro-Juvenil.jpg?w=580&amp;ssl=1 580w, https:\/\/i0.wp.com\/eltrabajo.cl\/portal\/wp-content\/uploads\/2019\/10\/tiro-Juvenil.jpg?resize=200%2C124&amp;ssl=1 200w, https:\/\/i0.wp.com\/eltrabajo.cl\/portal\/wp-content\/uploads\/2019\/10\/tiro-Juvenil.jpg?resize=300%2C186&amp;ssl=1 300w, https:\/\/i0.wp.com\/eltrabajo.cl\/portal\/wp-content\/uploads\/2019\/10\/tiro-Juvenil.jpg?resize=242%2C150&amp;ssl=1 242w, https:\/\/i0.wp.com\/eltrabajo.cl\/portal\/wp-content\/uploads\/2019\/10\/tiro-Juvenil.jpg?resize=400%2C248&amp;ssl=1 400w\" sizes=\"auto, (max-width: 580px) 100vw, 580px\" \/><figcaption id=\"caption-attachment-94511\" class=\"wp-caption-text\">Los ganadores en la categor\u00eda juvenil.<\/figcaption><\/figure>\n<figure id=\"attachment_94512\" aria-describedby=\"caption-attachment-94512\" style=\"width: 580px\" class=\"wp-caption alignnone\"><img data-recalc-dims=\"1\" loading=\"lazy\" decoding=\"async\" class=\"size-full wp-image-94512\" src=\"https:\/\/i0.wp.com\/www.eltrabajo.cl\/portal\/wp-content\/uploads\/2019\/10\/tiro-Nacional.jpg?resize=580%2C360\" alt=\"Jean Galleguillos, campe\u00f3n nacional.\" width=\"580\" height=\"360\" srcset=\"https:\/\/i0.wp.com\/eltrabajo.cl\/portal\/wp-content\/uploads\/2019\/10\/tiro-Nacional.jpg?w=580&amp;ssl=1 580w, https:\/\/i0.wp.com\/eltrabajo.cl\/portal\/wp-content\/uploads\/2019\/10\/tiro-Nacional.jpg?resize=200%2C124&amp;ssl=1 200w, https:\/\/i0.wp.com\/eltrabajo.cl\/portal\/wp-content\/uploads\/2019\/10\/tiro-Nacional.jpg?resize=300%2C186&amp;ssl=1 300w, https:\/\/i0.wp.com\/eltrabajo.cl\/portal\/wp-content\/uploads\/2019\/10\/tiro-Nacional.jpg?resize=242%2C150&amp;ssl=1 242w, https:\/\/i0.wp.com\/eltrabajo.cl\/portal\/wp-content\/uploads\/2019\/10\/tiro-Nacional.jpg?resize=400%2C248&amp;ssl=1 400w\" sizes=\"auto, (max-width: 580px) 100vw, 580px\" \/><figcaption id=\"caption-attachment-94512\" class=\"wp-caption-text\">Jean Galleguillos, campe\u00f3n nacional.<\/figcaption><\/figure>\n<figure id=\"attachment_94513\" aria-describedby=\"caption-attachment-94513\" style=\"width: 580px\" class=\"wp-caption alignnone\"><img data-recalc-dims=\"1\" loading=\"lazy\" decoding=\"async\" class=\"size-full wp-image-94513\" src=\"https:\/\/i0.wp.com\/www.eltrabajo.cl\/portal\/wp-content\/uploads\/2019\/10\/tiro-Senior.jpg?resize=580%2C360\" alt=\"Los ganadores en la categor\u00eda s\u00e9nior.\" width=\"580\" height=\"360\" srcset=\"https:\/\/i0.wp.com\/eltrabajo.cl\/portal\/wp-content\/uploads\/2019\/10\/tiro-Senior.jpg?w=580&amp;ssl=1 580w, https:\/\/i0.wp.com\/eltrabajo.cl\/portal\/wp-content\/uploads\/2019\/10\/tiro-Senior.jpg?resize=200%2C124&amp;ssl=1 200w, https:\/\/i0.wp.com\/eltrabajo.cl\/portal\/wp-content\/uploads\/2019\/10\/tiro-Senior.jpg?resize=300%2C186&amp;ssl=1 300w, https:\/\/i0.wp.com\/eltrabajo.cl\/portal\/wp-content\/uploads\/2019\/10\/tiro-Senior.jpg?resize=242%2C150&amp;ssl=1 242w, https:\/\/i0.wp.com\/eltrabajo.cl\/portal\/wp-content\/uploads\/2019\/10\/tiro-Senior.jpg?resize=400%2C248&amp;ssl=1 400w\" sizes=\"auto, (max-width: 580px) 100vw, 580px\" \/><figcaption id=\"caption-attachment-94513\" class=\"wp-caption-text\">Los ganadores en la categor\u00eda s\u00e9nior.<\/figcaption><\/figure>\n","protected":false},"excerpt":{"rendered":"<p>Este s\u00e1bado 28 y domingo 29 de septiembre en la cancha de tiro La Higuera en la comuna de Santa Mar\u00eda, se llev\u00f3 a cabo el Campeonato Nacional de Compak Sporting, donde&#8230;<\/p>\n","protected":false},"author":482,"featured_media":94508,"comment_status":"open","ping_status":"open","sticky":false,"template":"","format":"standard","meta":{"advanced_seo_description":"","jetpack_seo_html_title":"","jetpack_seo_noindex":false,"_jetpack_memberships_contains_paid_content":false,"footnotes":""},"categories":[19],"tags":[],"class_list":["post-94507","post","type-post","status-publish","format-standard","has-post-thumbnail","hentry","category-deportes"],"jetpack_featured_media_url":"https:\/\/i0.wp.com\/eltrabajo.cl\/portal\/wp-content\/uploads\/2019\/10\/tiro-Daniela-2.jpg?fit=580%2C358&ssl=1","jetpack_sharing_enabled":true,"jetpack_likes_enabled":true,"jetpack-related-posts":[],"_links":{"self":[{"href":"https:\/\/eltrabajo.cl\/portal\/wp-json\/wp\/v2\/posts\/94507","targetHints":{"allow":["GET"]}}],"collection":[{"href":"https:\/\/eltrabajo.cl\/portal\/wp-json\/wp\/v2\/posts"}],"about":[{"href":"https:\/\/eltrabajo.cl\/portal\/wp-json\/wp\/v2\/types\/post"}],"author":[{"embeddable":true,"href":"https:\/\/eltrabajo.cl\/portal\/wp-json\/wp\/v2\/users\/482"}],"replies":[{"embeddable":true,"href":"https:\/\/eltrabajo.cl\/portal\/wp-json\/wp\/v2\/comments?post=94507"}],"version-history":[{"count":0,"href":"https:\/\/eltrabajo.cl\/portal\/wp-json\/wp\/v2\/posts\/94507\/revisions"}],"wp:featuredmedia":[{"embeddable":true,"href":"https:\/\/eltrabajo.cl\/portal\/wp-json\/wp\/v2\/media\/94508"}],"wp:attachment":[{"href":"https:\/\/eltrabajo.cl\/portal\/wp-json\/wp\/v2\/media?parent=94507"}],"wp:term":[{"taxonomy":"category","embeddable":true,"href":"https:\/\/eltrabajo.cl\/portal\/wp-json\/wp\/v2\/categories?post=94507"},{"taxonomy":"post_tag","embeddable":true,"href":"https:\/\/eltrabajo.cl\/portal\/wp-json\/wp\/v2\/tags?post=94507"}],"curies":[{"name":"wp","href":"https:\/\/api.w.org\/{rel}","templated":true}]}}